{"id":138558,"date":"2018-11-10T22:03:10","date_gmt":"2018-11-11T00:03:10","guid":{"rendered":"http:\/\/aconteceunovale.com.br\/portal\/?p=138558"},"modified":"2018-11-10T22:03:10","modified_gmt":"2018-11-11T00:03:10","slug":"bolsonaro-diz-que-se-fosse-temer-vetaria-reajuste-de-16-para-magistrados","status":"publish","type":"post","link":"https:\/\/aconteceunovale.com.br\/portal\/?p=138558","title":{"rendered":"Bolsonaro diz que, se fosse Temer, vetaria reajuste de 16% para magistrados"},"content":{"rendered":"<p>O presidente eleito Jair Bolsonaro afirmou que, se fosse o presidente Michel Temer, vetaria o reajuste de 16% sobre o sal\u00e1rio dos magistrados e da Procuradoria-Geral da Rep\u00fablica com base na Lei de Responsabilidade Fiscal.<\/p>\n<p>A afirma\u00e7\u00e3o foi feita hoje (10) em entrevista \u00e0 Rede Record de Televis\u00e3o e a grava\u00e7\u00e3o foi publicada nas redes sociais de Bolsonaro.<\/p>\n<p>Questionado pelo rep\u00f3rter, o futuro presidente disse que, se a decis\u00e3o estivesse em suas m\u00e3os, vetaria o aumento.<\/p>\n<p>&#8220;Agora, est\u00e1 nas m\u00e3os do presidente Temer, n\u00e3o sou o presidente Temer, mas se fosse, acho que voc\u00ea sabe qual seria minha decis\u00e3o. N\u00e3o tem outro caminho, no meu entender, at\u00e9 pela quest\u00e3o de dar exemplo. Eu falei antes da vota\u00e7\u00e3o que \u00e9 inoportuno, o momento n\u00e3o \u00e9 esse para discutir esse assunto. O Brasil est\u00e1 numa situa\u00e7\u00e3o complicad\u00edssima, a gente n\u00e3o suporta mais isso a\u00ed, mas a decis\u00e3o n\u00e3o cabe a mim. Est\u00e1 nas m\u00e3os do Temer. Eu, por enquanto, sou apenas o presidente eleito&#8221;, disse.<\/p>\n<p>Jair Bolsonaro voltou a dizer que o STF &#8220;\u00e9 a classe que mais ganha no Brasil, a melhor aquinhoada&#8221;, e que o reajuste do sal\u00e1rio dificulta o discurso a favor da reforma da Previd\u00eancia. &#8220;E complica pra gente quando voc\u00ea fala em reforma da Previd\u00eancia, onde voc\u00ea vai tirar alguma coisa dos mais pobres, voc\u00ea aceitar um reajuste como esse&#8221;, afirmou.<\/p>\n<p>O presidente eleito descartou que o Congresso vote esse ano uma emenda constitucional para alterar a Previd\u00eancia, o que demandaria a suspens\u00e3o da interven\u00e7\u00e3o federal na seguran\u00e7a p\u00fablica do Rio de Janeiro.<\/p>\n<p>Bolsonaro negou que v\u00e1 usar a reforma da Previd\u00eancia apresentada por Temer e ressaltou que recebeu propostas de mudan\u00e7as na legisla\u00e7\u00e3o infraconstitucional que j\u00e1 tramitam no Congresso, mas que s\u00f3 deve apresentar uma proposta quando assumir o mandato.<\/p>\n<p>&#8220;Se n\u00f3s bancarmos uma proposta dessa e formos derrotados [este ano], voc\u00ea abre oportunidade para a velha pol\u00edtica vir pra cima de n\u00f3s. (&#8230;) Eu tenho que come\u00e7ar o ano que vem com a nossa proposta e convencer os deputados e senadores a votar a nossa proposta. E tem que ser de forma paulatina, n\u00e3o pode querer resolver de uma hora para outra essas quest\u00f5es&#8221;, disse.<\/p>\n<p>Em outro momento da entrevista, o presidente eleito disse que mudan\u00e7as nas regras da aposentadoria devem respeitar os direitos adquiridos dos trabalhadores.<\/p>\n<p>&#8220;N\u00f3s temos compromisso, temos contrato, as pessoas come\u00e7aram a trabalhar l\u00e1 atr\u00e1s, ou j\u00e1 trabalharam, tinham um contrato, e voc\u00ea tem que cumpri-los, do contr\u00e1rio voc\u00ea perde a sua credibilidade&#8221;, afirmou.<\/p>\n<p>Sobre a quest\u00e3o fiscal, afirmou que orientou sua equipe econ\u00f4mica para aumentar a arrecada\u00e7\u00e3o sem elevar impostos. Disse, ainda, que vai buscar maior abertura comercial para o pa\u00eds como forma de estimular a economia.<\/p>\n<p>&#8220;A situa\u00e7\u00e3o \u00e9 cr\u00edtica. Eu apelo a todos. N\u00f3s n\u00e3o queremos que o Brasil se transforme numa Gr\u00e9cia [que enfrentou recentemente grave crise econ\u00f4mica]. E a tend\u00eancia, se nada for feito, e n\u00e3o tivermos a colabora\u00e7\u00e3o de todos, sem exce\u00e7\u00e3o, n\u00f3s chegaremos a esse ponto&#8221;, afirmou.<\/p>\n<p><strong>Balan\u00e7o da transi\u00e7\u00e3o<\/strong><\/p>\n<p>Na entrevista, o presidente eleito fez um balan\u00e7o dos primeiros dias de transi\u00e7\u00e3o de governo e as visitas institucionais que realizou na \u00faltima semana, como o encontro com o presidente Temer, comandantes militares, o presidente do Supremo Tribunal Federal, Dias Toffoli e uma solenidade no Congresso Nacional, al\u00e9m da visita na qual recebeu embaixadores de v\u00e1rios pa\u00edses.<\/p>\n<p>Ao comentar a indica\u00e7\u00e3o da deputada federal Tereza Cristina (DEM-MS) para o Minist\u00e9rio da Agricultura, ele observou o fato de atender uma demanda da bancada do setor no Congresso Nacional.<\/p>\n<p>&#8220;Pela primeira vez na hist\u00f3ria da C\u00e2mara, tivemos uma ministra indicada pelos parlamentares do agroneg\u00f3cio e da agricultura familiar. Geralmente, aquele minist\u00e9rio ficava com um partido e atendia apenas os seus filiados&#8221;, finalizou.<\/p>\n<p><strong>VER PRIMEIRO<\/strong><\/p>\n<p>Receba as not\u00edcias do Aconteceu no Vale em primeira m\u00e3o. Clique em curtir no endere\u00e7o <a href=\"https:\/\/www.facebook.com\/aconteceunovale\" target=\"_blank\"><font color=\"red\">www.facebook.com\/aconteceunovale<\/font><\/a> ou no box abaixo:<\/p>\n<div class=\"fb-like\" data-href=\"https:\/\/www.facebook.com\/aconteceunovale\" data-width=\"120\" data-layout=\"standard\" data-action=\"like\" data-size=\"small\" data-show-faces=\"true\" data-share=\"true\"><\/div>\n<p><\/br><\/p>\n<p><em>(Fonte: Ag\u00eancia Brasil)<\/em><\/p>\n","protected":false},"excerpt":{"rendered":"<p>O presidente eleito Jair Bolsonaro afirmou que, se fosse o presidente Michel Temer, vetaria o reajuste de 16% sobre o sal\u00e1rio dos magistrados e da Procuradoria-Geral da Rep\u00fablica com base na Lei de Responsabilidade Fiscal. A afirma\u00e7\u00e3o foi feita hoje (10) em entrevista \u00e0 Rede Record de Televis\u00e3o e a grava\u00e7\u00e3o foi publicada nas redes [&hellip;]<\/p>\n","protected":false},"author":1,"featured_media":138559,"comment_status":"open","ping_status":"closed","sticky":false,"template":"","format":"standard","meta":{"amp_status":"","footnotes":""},"categories":[6,40240],"tags":[185667,100375,185669,185665,26436,20181,184525,185666,84466,185668],"class_list":["post-138558","post","type-post","status-publish","format-standard","has-post-thumbnail","hentry","category-br","category-politica-2","tag-balanco-da-transicao","tag-bolsonaro","tag-bolsonaro-diz-que-vetaria-reajuste-de-16-para-magistrados","tag-bolsonaro-diz-que-vetaria-reajuste-para-magistrados","tag-jair-bolsonaro","tag-michel-temer","tag-presidente-eleito-jair-bolsonaro","tag-reajuste-para-magistrados","tag-temer","tag-transicao-de-temer-para-bolsonaro"],"_links":{"self":[{"href":"https:\/\/aconteceunovale.com.br\/portal\/index.php?rest_route=\/wp\/v2\/posts\/138558","targetHints":{"allow":["GET"]}}],"collection":[{"href":"https:\/\/aconteceunovale.com.br\/portal\/index.php?rest_route=\/wp\/v2\/posts"}],"about":[{"href":"https:\/\/aconteceunovale.com.br\/portal\/index.php?rest_route=\/wp\/v2\/types\/post"}],"author":[{"embeddable":true,"href":"https:\/\/aconteceunovale.com.br\/portal\/index.php?rest_route=\/wp\/v2\/users\/1"}],"replies":[{"embeddable":true,"href":"https:\/\/aconteceunovale.com.br\/portal\/index.php?rest_route=%2Fwp%2Fv2%2Fcomments&post=138558"}],"version-history":[{"count":0,"href":"https:\/\/aconteceunovale.com.br\/portal\/index.php?rest_route=\/wp\/v2\/posts\/138558\/revisions"}],"wp:featuredmedia":[{"embeddable":true,"href":"https:\/\/aconteceunovale.com.br\/portal\/index.php?rest_route=\/wp\/v2\/media\/138559"}],"wp:attachment":[{"href":"https:\/\/aconteceunovale.com.br\/portal\/index.php?rest_route=%2Fwp%2Fv2%2Fmedia&parent=138558"}],"wp:term":[{"taxonomy":"category","embeddable":true,"href":"https:\/\/aconteceunovale.com.br\/portal\/index.php?rest_route=%2Fwp%2Fv2%2Fcategories&post=138558"},{"taxonomy":"post_tag","embeddable":true,"href":"https:\/\/aconteceunovale.com.br\/portal\/index.php?rest_route=%2Fwp%2Fv2%2Ftags&post=138558"}],"curies":[{"name":"wp","href":"https:\/\/api.w.org\/{rel}","templated":true}]}}