{"id":138503,"date":"2018-11-10T09:18:05","date_gmt":"2018-11-10T11:18:05","guid":{"rendered":"http:\/\/aconteceunovale.com.br\/portal\/?p=138503"},"modified":"2018-11-10T09:18:05","modified_gmt":"2018-11-10T11:18:05","slug":"motorista-morre-apos-colisao-entre-carro-e-caminhao-na-br-116","status":"publish","type":"post","link":"https:\/\/aconteceunovale.com.br\/portal\/?p=138503","title":{"rendered":"Motorista morre ap\u00f3s colis\u00e3o entre carro e caminh\u00e3o na BR-116"},"content":{"rendered":"<p>Uma pessoa morreu e outra ficou ferida ap\u00f3s uma colis\u00e3o entre um caminh\u00e3o e um carro de passeio nessa sexta-feira (09\/11\/2018) na BR-116, pr\u00f3ximo a Inhapim, no Vale do Rio Doce. Jos\u00e9 Dutra Alves, de 54 anos, conduzia o autom\u00f3vel e, segundo a Pol\u00edcia Rodovi\u00e1ria Federal (PRF), teria invadido a contram\u00e3o e colidido com o caminh\u00e3o ao tentar uma ultrapassagem em local proibido.<\/p>\n<p>Ainda segundo a PRF, o passageiro do carro foi levado com vida por populares a um hospital da regi\u00e3o. Chovia no momento do acidente.<\/p>\n<p>A for\u00e7a do impacto fez o caminh\u00e3o sair da pista, mas o motorista n\u00e3o sofreu les\u00f5es. O carro em que a v\u00edtima estava ficou destru\u00eddo e no meio da pista, interferindo no tr\u00e2nsito do local at\u00e9 o in\u00edcio da tarde.<\/p>\n<p><img decoding=\"async\" src=\"http:\/\/aconteceunovale.com.br\/portal\/wp-content\/uploads\/2018\/11\/acidente_inhapim_1.jpeg\" alt=\"\" \/><em>Carro ficou completamente destru\u00eddo \u2014 Foto: H\u00e9risder Matias\/Arquivo pessoal<\/em><br \/>\n<\/br><\/p>\n<p><img decoding=\"async\" src=\"http:\/\/aconteceunovale.com.br\/portal\/wp-content\/uploads\/2018\/11\/acidente_inhapim_2.jpeg\" alt=\"\" \/><em>Carro ficou completamente destru\u00eddo \u2014 Foto: H\u00e9risder Matias\/Arquivo pessoal<\/em><br \/>\n<\/br><\/p>\n<p><strong>VER PRIMEIRO<\/strong><\/p>\n<p>Receba as not\u00edcias do Aconteceu no Vale em primeira m\u00e3o. Clique em curtir no endere\u00e7o <a href=\"https:\/\/www.facebook.com\/aconteceunovale\" target=\"_blank\"><font color=\"red\">www.facebook.com\/aconteceunovale<\/font><\/a> ou no box abaixo:<\/p>\n<div class=\"fb-like\" data-href=\"https:\/\/www.facebook.com\/aconteceunovale\" data-width=\"120\" data-layout=\"standard\" data-action=\"like\" data-size=\"small\" data-show-faces=\"true\" data-share=\"true\"><\/div>\n<p><\/br><\/p>\n<p><em>(Fonte: G1 Vales)<\/em><\/p>\n","protected":false},"excerpt":{"rendered":"<p>Uma pessoa morreu e outra ficou ferida ap\u00f3s uma colis\u00e3o entre um caminh\u00e3o e um carro de passeio nessa sexta-feira (09\/11\/2018) na BR-116, pr\u00f3ximo a Inhapim, no Vale do Rio Doce. Jos\u00e9 Dutra Alves, de 54 anos, conduzia o autom\u00f3vel e, segundo a Pol\u00edcia Rodovi\u00e1ria Federal (PRF), teria invadido a contram\u00e3o e colidido com o [&hellip;]<\/p>\n","protected":false},"author":1,"featured_media":138504,"comment_status":"open","ping_status":"closed","sticky":false,"template":"","format":"standard","meta":{"amp_status":"","footnotes":""},"categories":[121],"tags":[56043,56044,3945,182,185571,185569,185570],"class_list":["post-138503","post","type-post","status-publish","format-standard","has-post-thumbnail","hentry","category-leste","tag-acidente-em-inhapim","tag-acidente-na-br-116-em-inhapim","tag-acidente-na-br-116","tag-br-116","tag-jose-dutra-alves","tag-motorista-morre-apos-colisao-entre-carro-e-caminhao-na-br-116","tag-motorista-morre-apos-colisao-entre-carro-e-caminhao-na-br-116-em-inhapim"],"_links":{"self":[{"href":"https:\/\/aconteceunovale.com.br\/portal\/index.php?rest_route=\/wp\/v2\/posts\/138503","targetHints":{"allow":["GET"]}}],"collection":[{"href":"https:\/\/aconteceunovale.com.br\/portal\/index.php?rest_route=\/wp\/v2\/posts"}],"about":[{"href":"https:\/\/aconteceunovale.com.br\/portal\/index.php?rest_route=\/wp\/v2\/types\/post"}],"author":[{"embeddable":true,"href":"https:\/\/aconteceunovale.com.br\/portal\/index.php?rest_route=\/wp\/v2\/users\/1"}],"replies":[{"embeddable":true,"href":"https:\/\/aconteceunovale.com.br\/portal\/index.php?rest_route=%2Fwp%2Fv2%2Fcomments&post=138503"}],"version-history":[{"count":0,"href":"https:\/\/aconteceunovale.com.br\/portal\/index.php?rest_route=\/wp\/v2\/posts\/138503\/revisions"}],"wp:featuredmedia":[{"embeddable":true,"href":"https:\/\/aconteceunovale.com.br\/portal\/index.php?rest_route=\/wp\/v2\/media\/138504"}],"wp:attachment":[{"href":"https:\/\/aconteceunovale.com.br\/portal\/index.php?rest_route=%2Fwp%2Fv2%2Fmedia&parent=138503"}],"wp:term":[{"taxonomy":"category","embeddable":true,"href":"https:\/\/aconteceunovale.com.br\/portal\/index.php?rest_route=%2Fwp%2Fv2%2Fcategories&post=138503"},{"taxonomy":"post_tag","embeddable":true,"href":"https:\/\/aconteceunovale.com.br\/portal\/index.php?rest_route=%2Fwp%2Fv2%2Ftags&post=138503"}],"curies":[{"name":"wp","href":"https:\/\/api.w.org\/{rel}","templated":true}]}}