{"id":138501,"date":"2018-11-09T20:54:25","date_gmt":"2018-11-09T22:54:25","guid":{"rendered":"http:\/\/aconteceunovale.com.br\/portal\/?p=138501"},"modified":"2018-11-09T20:54:25","modified_gmt":"2018-11-09T22:54:25","slug":"presidente-eleito-deve-anunciar-mais-quatro-ministros-nos-proximos-dias","status":"publish","type":"post","link":"https:\/\/aconteceunovale.com.br\/portal\/?p=138501","title":{"rendered":"Presidente eleito deve anunciar mais quatro ministros nos pr\u00f3ximos dias"},"content":{"rendered":"<p>Nos pr\u00f3ximos dias, o presidente eleito Jair Bolsonaro deve anunciar os nomes dos ministros do Meio Ambiente, da Sa\u00fade, da Defesa e das Rela\u00e7\u00f5es Exteriores. A previs\u00e3o foi feita pelo pr\u00f3prio Bolsonaro hoje (9), durante transmiss\u00e3o ao vivo nas redes sociais, ao destacar a dificuldade para escolher um nome para educa\u00e7\u00e3o. \u201cEduca\u00e7\u00e3o \u00e9 complicado&#8221;, afirmou.<\/p>\n<p>Bolsonaro disse que ele vai escolher o nome para o Meio Ambiente: \u201cQuem vai indicar \u00e9 Jair Messias Bolsonaro\u201d, disse o presidente eleito dirigindo-se \u00e0s organiza\u00e7\u00f5es n\u00e3o governamentais (ONGs). O presidente eleito reclamou das multas ambientais. Segundo ele, h\u00e1 informa\u00e7\u00f5es, que ainda n\u00e3o confirmou, segundo as quais 40% do arrecadado em multas v\u00e3o para as ONGs. \u201cN\u00e3o vai ter aquele ativismo\u201d, avisou, sem entrar em detalhes.<\/p>\n<p>Para Bolsonaro, h\u00e1 abusos na cobran\u00e7a de multas e tamb\u00e9m na demarca\u00e7\u00e3o de terras ind\u00edgenas. Ele disse ter sido v\u00edtima de uma den\u00fancia infundada sobre pesca ilegal, em 2012, que o fez responder no Supremo Tribunal Federal (STF), embora tivesse comprovado que a acusa\u00e7\u00e3o era improcedente. De acordo com o presidente eleito, uma forma de incentivar a preserva\u00e7\u00e3o ambiental \u00e9 estimular o turismo.<\/p>\n<p><strong>Defesa<\/strong><\/p>\n<p>Para o Minist\u00e9rio da Defesa, Bolsonaro afirmou que \u201cn\u00e3o abre m\u00e3o de um general 4 estrelas\u201d. Segundo ele, n\u00e3o faz distin\u00e7\u00e3o entre Ex\u00e9rcito, ou equivalente da Marinha e Aeron\u00e1utica &#8211;  mas quer que seja o oficial mais graduado.<\/p>\n<p>No Minist\u00e9rio das Rela\u00e7\u00f5es Exteriores, o presidente eleito afirmou anteriormente que pretende escolher um diplomata de carreira para assumir o comando da pasta. Ele disse que quer um embaixador \u201csem vi\u00e9s ideol\u00f3gico\u201d.<\/p>\n<p>O pr\u00f3ximo chanceler ter\u00e1 pela frente que enfrentar a determina\u00e7\u00e3o de Bolsonaro de transferir a Embaixada do Brasil de TelAviv para Jerusal\u00e9m, medida que desagrada palestinos e comunidades dos pa\u00edses \u00e1rabes.<\/p>\n<p>\u201cN\u00f3s, no Brasil, nos damos bem com todos. Para qu\u00ea criar um cavalo de batalha. Vamos parar com essa frescura\u201d, disse o presidente eleito, na transmiss\u00e3o ao vivo hoje.<\/p>\n<p><strong>Elogios<\/strong><\/p>\n<p>Bolsonaro destacou o perfil de cada um dos j\u00e1 confirmados: Paulo Guedes para Economia, Sergio Moro para Justi\u00e7a e Seguran\u00e7a, Onyx Lorenzoni para Casa Civil, general da reserva Augusto Heleno para o Gabinete de Seguran\u00e7a Institucional e Tereza Cristina para Agricultura, al\u00e9m de Marcos Pontes para Ci\u00eancia e Tecnologia.<\/p>\n<p>O presidente eleito disse ter observado que \u201ctodos confiam\u201d no economista Paulo Guedes, que comandar\u00e1 o superminist\u00e9rio que vai reunir Fazenda, Planejamento e Ind\u00fastria e Com\u00e9rcio. \u201cPrecisamos de uma equipe para salvar o Brasil.\u201d<\/p>\n<p>Tamb\u00e9m elogiou o general Heleno, descrito pelo presidente eleito como \u201cum conselheiro\u201d. Para ele, o astronauta Marcos Pontes \u00e9 uma refer\u00eancia por sua carreira e curr\u00edculo. \u201cEle \u00e9 perfeitamente ligado a este mundo.\u201d<\/p>\n<p>Ao se referir sobre o juiz Sergio Moro, Bolsonaro afirmou que a \u00fanica exig\u00eancia feita por ele para assumir a Justi\u00e7a foi \u201cter carta branca para combater o crime organizado\u201d. Da\u00ed sua determina\u00e7\u00e3o de agregar outras \u00e1reas ao Minist\u00e9rio da Justi\u00e7a, como Seguran\u00e7a P\u00fablica e um \u201cbra\u00e7o\u201d &#8211;  o Conselho de Controle de Atividades Financeiras (Coaf).<\/p>\n<p>Tamb\u00e9m afirmou que a discuss\u00e3o sobre a redu\u00e7\u00e3o da maioridade penal vai ser definida a partir de um consenso e n\u00e3o por imposi\u00e7\u00e3o.<\/p>\n<p><strong>Afinidade<\/strong><\/p>\n<p>O presidente eleito disse ainda que a escolha da deputada federal Tereza Cristina (DEM-MS) foi uma indica\u00e7\u00e3o da bancada ruralista. De acordo com ele, outros gostariam de ter sido indicados e alegaram que est\u00e3o \u201ch\u00e1 muito tempo\u201d ao seu lado. \u201cSe for assim, tenho de colocar minha m\u00e3e, ent\u00e3o, que est\u00e1 comigo h\u00e1 63 anos.\u201d<\/p>\n<p>Bolsonaro disse que sua prioridade na Agricultura ser\u00e1 garantir seguran\u00e7a jur\u00eddica para os produtores rurais, de tal maneira que eles \u201cn\u00e3o acordem\u201d no dia seguinte com a terra demarcada para ind\u00edgenas nem com a cobran\u00e7a de multas indevidas.<\/p>\n<p><strong>VER PRIMEIRO<\/strong><\/p>\n<p>Receba as not\u00edcias do Aconteceu no Vale em primeira m\u00e3o. Clique em curtir no endere\u00e7o <a href=\"https:\/\/www.facebook.com\/aconteceunovale\" target=\"_blank\"><font color=\"red\">www.facebook.com\/aconteceunovale<\/font><\/a> ou no box abaixo:<\/p>\n<div class=\"fb-like\" data-href=\"https:\/\/www.facebook.com\/aconteceunovale\" data-width=\"120\" data-layout=\"standard\" data-action=\"like\" data-size=\"small\" data-show-faces=\"true\" data-share=\"true\"><\/div>\n<p><\/br><\/p>\n<p><em>(Fonte: Ag\u00eancia Brasil)<\/em><\/p>\n","protected":false},"excerpt":{"rendered":"<p>Nos pr\u00f3ximos dias, o presidente eleito Jair Bolsonaro deve anunciar os nomes dos ministros do Meio Ambiente, da Sa\u00fade, da Defesa e das Rela\u00e7\u00f5es Exteriores. A previs\u00e3o foi feita pelo pr\u00f3prio Bolsonaro hoje (9), durante transmiss\u00e3o ao vivo nas redes sociais, ao destacar a dificuldade para escolher um nome para educa\u00e7\u00e3o. \u201cEduca\u00e7\u00e3o \u00e9 complicado&#8221;, afirmou. [&hellip;]<\/p>\n","protected":false},"author":1,"featured_media":137763,"comment_status":"open","ping_status":"closed","sticky":false,"template":"","format":"standard","meta":{"amp_status":"","footnotes":""},"categories":[6,40240],"tags":[100375,184405,26436,185567,185568],"class_list":["post-138501","post","type-post","status-publish","format-standard","has-post-thumbnail","hentry","category-br","category-politica-2","tag-bolsonaro","tag-governo-bolsonaro","tag-jair-bolsonaro","tag-ministros-bolsonaro","tag-presidente-eleito-deve-anunciar-mais-quatro-ministros-nos-proximos-dias"],"_links":{"self":[{"href":"https:\/\/aconteceunovale.com.br\/portal\/index.php?rest_route=\/wp\/v2\/posts\/138501","targetHints":{"allow":["GET"]}}],"collection":[{"href":"https:\/\/aconteceunovale.com.br\/portal\/index.php?rest_route=\/wp\/v2\/posts"}],"about":[{"href":"https:\/\/aconteceunovale.com.br\/portal\/index.php?rest_route=\/wp\/v2\/types\/post"}],"author":[{"embeddable":true,"href":"https:\/\/aconteceunovale.com.br\/portal\/index.php?rest_route=\/wp\/v2\/users\/1"}],"replies":[{"embeddable":true,"href":"https:\/\/aconteceunovale.com.br\/portal\/index.php?rest_route=%2Fwp%2Fv2%2Fcomments&post=138501"}],"version-history":[{"count":0,"href":"https:\/\/aconteceunovale.com.br\/portal\/index.php?rest_route=\/wp\/v2\/posts\/138501\/revisions"}],"wp:featuredmedia":[{"embeddable":true,"href":"https:\/\/aconteceunovale.com.br\/portal\/index.php?rest_route=\/wp\/v2\/media\/137763"}],"wp:attachment":[{"href":"https:\/\/aconteceunovale.com.br\/portal\/index.php?rest_route=%2Fwp%2Fv2%2Fmedia&parent=138501"}],"wp:term":[{"taxonomy":"category","embeddable":true,"href":"https:\/\/aconteceunovale.com.br\/portal\/index.php?rest_route=%2Fwp%2Fv2%2Fcategories&post=138501"},{"taxonomy":"post_tag","embeddable":true,"href":"https:\/\/aconteceunovale.com.br\/portal\/index.php?rest_route=%2Fwp%2Fv2%2Ftags&post=138501"}],"curies":[{"name":"wp","href":"https:\/\/api.w.org\/{rel}","templated":true}]}}