{"id":138445,"date":"2018-11-08T21:38:56","date_gmt":"2018-11-08T23:38:56","guid":{"rendered":"http:\/\/aconteceunovale.com.br\/portal\/?p=138445"},"modified":"2018-11-08T21:39:23","modified_gmt":"2018-11-08T23:39:23","slug":"pai-e-filho-sao-eletrocutados-em-catuti-norte-de-minas","status":"publish","type":"post","link":"https:\/\/aconteceunovale.com.br\/portal\/?p=138445","title":{"rendered":"Pai e filho s\u00e3o eletrocutados em Catuti, Norte de Minas"},"content":{"rendered":"<p>Pai e filho foram eletrocutados na tarde desta quinta-feira (08\/11\/2018) em Catuti, no Norte de Minas Gerais. De acordo com relato de uma testemunha, um caminh\u00e3o atingiu fios de transmiss\u00e3o e, com o impacto, um poste caiu e cabos de energia el\u00e9trica energizaram o carro das v\u00edtimas. <\/p>\n<p>Ainda segundo a testemunha, quando o pai foi abrir o autom\u00f3vel, ele e o filho foram eletrocutados. O homem desmaiou e sofreu um ferimento na cabe\u00e7a ap\u00f3s uma queda. Um policial militar, que n\u00e3o estava em servi\u00e7o e passava pelo local, prestou os primeiros socorros \u00e0s v\u00edtimas at\u00e9 a chegada do Samu.<\/p>\n<p>De acordo com informa\u00e7\u00f5es do Samu, o homem foi encaminhado em estado grave para um hospital da regi\u00e3o. J\u00e1 a crian\u00e7a foi socorrida por moradores e levada para uma unidade de sa\u00fade da cidade. <\/p>\n<p>A assessoria de imprensa da Cemig esclareceu que o caminh\u00e3o atingiu os fios de uma operadora de telefonia que estava em altura irregular. A empresa tamb\u00e9m explicou que um prestador de servi\u00e7o acionou a central e a rede foi desligada. A \u00e1rea foi isolada e funcion\u00e1rios da estatal foram acionados para restabelecerem a energia el\u00e9trica.<\/p>\n<p><img decoding=\"async\" src=\"http:\/\/aconteceunovale.com.br\/portal\/wp-content\/uploads\/2018\/11\/eletrocutados_catuti_1.jpeg\" alt=\"\" \/><em>Acidente aconteceu na tarde desta quinta-feira \u2014 Foto: Guilherme Rodrigues\/Arquivo pessoal<\/em><br \/>\n<\/br><\/p>\n<p><img decoding=\"async\" src=\"http:\/\/aconteceunovale.com.br\/portal\/wp-content\/uploads\/2018\/11\/eletrocutados_catuti_2.jpeg\" alt=\"\" \/><em>Caminh\u00e3o que puxou fios foi isolado pela pol\u00edcia \u2014 Foto: Guilherme Rodrigues\/Arquivo pessoal<\/em><br \/>\n<\/br><\/p>\n<p><strong>VER PRIMEIRO<\/strong><\/p>\n<p>Receba as not\u00edcias do Aconteceu no Vale em primeira m\u00e3o. Clique em curtir no endere\u00e7o <a href=\"https:\/\/www.facebook.com\/aconteceunovale\" target=\"_blank\"><font color=\"red\">www.facebook.com\/aconteceunovale<\/font><\/a> ou no box abaixo:<\/p>\n<div class=\"fb-like\" data-href=\"https:\/\/www.facebook.com\/aconteceunovale\" data-width=\"120\" data-layout=\"standard\" data-action=\"like\" data-size=\"small\" data-show-faces=\"true\" data-share=\"true\"><\/div>\n<p><\/br><\/p>\n<p><em>(Fonte: G1 Grande Minas)<\/em><\/p>\n","protected":false},"excerpt":{"rendered":"<p>Pai e filho foram eletrocutados na tarde desta quinta-feira (08\/11\/2018) em Catuti, no Norte de Minas Gerais. De acordo com relato de uma testemunha, um caminh\u00e3o atingiu fios de transmiss\u00e3o e, com o impacto, um poste caiu e cabos de energia el\u00e9trica energizaram o carro das v\u00edtimas. Ainda segundo a testemunha, quando o pai foi [&hellip;]<\/p>\n","protected":false},"author":1,"featured_media":138447,"comment_status":"open","ping_status":"closed","sticky":false,"template":"","format":"standard","meta":{"amp_status":"","footnotes":""},"categories":[1236],"tags":[185448,185450,1800,185449,145,185451],"class_list":["post-138445","post","type-post","status-publish","format-standard","has-post-thumbnail","hentry","category-norte_de_minas","tag-acidente-em-catuti","tag-acidente-rede-eletrica-em-catuti","tag-catuti","tag-eletrocutados-em-catuti","tag-norte-de-minas","tag-pai-e-filho-sao-eletrocutados-em-catuti"],"_links":{"self":[{"href":"https:\/\/aconteceunovale.com.br\/portal\/index.php?rest_route=\/wp\/v2\/posts\/138445","targetHints":{"allow":["GET"]}}],"collection":[{"href":"https:\/\/aconteceunovale.com.br\/portal\/index.php?rest_route=\/wp\/v2\/posts"}],"about":[{"href":"https:\/\/aconteceunovale.com.br\/portal\/index.php?rest_route=\/wp\/v2\/types\/post"}],"author":[{"embeddable":true,"href":"https:\/\/aconteceunovale.com.br\/portal\/index.php?rest_route=\/wp\/v2\/users\/1"}],"replies":[{"embeddable":true,"href":"https:\/\/aconteceunovale.com.br\/portal\/index.php?rest_route=%2Fwp%2Fv2%2Fcomments&post=138445"}],"version-history":[{"count":0,"href":"https:\/\/aconteceunovale.com.br\/portal\/index.php?rest_route=\/wp\/v2\/posts\/138445\/revisions"}],"wp:featuredmedia":[{"embeddable":true,"href":"https:\/\/aconteceunovale.com.br\/portal\/index.php?rest_route=\/wp\/v2\/media\/138447"}],"wp:attachment":[{"href":"https:\/\/aconteceunovale.com.br\/portal\/index.php?rest_route=%2Fwp%2Fv2%2Fmedia&parent=138445"}],"wp:term":[{"taxonomy":"category","embeddable":true,"href":"https:\/\/aconteceunovale.com.br\/portal\/index.php?rest_route=%2Fwp%2Fv2%2Fcategories&post=138445"},{"taxonomy":"post_tag","embeddable":true,"href":"https:\/\/aconteceunovale.com.br\/portal\/index.php?rest_route=%2Fwp%2Fv2%2Ftags&post=138445"}],"curies":[{"name":"wp","href":"https:\/\/api.w.org\/{rel}","templated":true}]}}