{"id":138407,"date":"2018-11-07T21:43:36","date_gmt":"2018-11-07T23:43:36","guid":{"rendered":"http:\/\/aconteceunovale.com.br\/portal\/?p=138407"},"modified":"2018-11-07T21:43:36","modified_gmt":"2018-11-07T23:43:36","slug":"deputada-tereza-cristina-e-confirmada-para-o-ministerio-da-agricultura","status":"publish","type":"post","link":"https:\/\/aconteceunovale.com.br\/portal\/?p=138407","title":{"rendered":"Deputada Tereza Cristina \u00e9 confirmada para o Minist\u00e9rio da Agricultura"},"content":{"rendered":"<p>A deputada federal Tereza Cristina (DEM-MS), 64 anos, ser\u00e1 a primeira mulher ministra do governo Jair Bolsonaro. O pr\u00f3prio presidente eleito confirmou em sua rede social a indica\u00e7\u00e3o da deputada para o Minist\u00e9rio da Agricultura. A confirma\u00e7\u00e3o j\u00e1 havia sido feita tamb\u00e9m pelo deputado federal Alceu Moreira (MDB-RS). Segundo ele, a pasta n\u00e3o ser\u00e1 fundida com o Minist\u00e9rio do Meio Ambiente, cujo titular ser\u00e1 escolhido pelo presidente eleito e &#8220;homologado&#8221; pela bancada ruralista. De acordo com Moreira, o ministro do Meio Ambiente ter\u00e1 &#8220;um perfil diferenciado&#8221;.<\/p>\n<p>Durante encontro com Jair Bolsonaro, a bancada ruralista indicou Tereza Cristina para ser a ministra da Agricultura. A indica\u00e7\u00e3o foi feita por um grupo de 20 integrantes da Frente Parlamentar Agropecu\u00e1ria (FPA), em reuni\u00e3o no Centro Cultural do Banco do Brasil (CCBB), em Bras\u00edlia, onde funciona o gabinete de transi\u00e7\u00e3o de governo. A bancada ruralista no Congresso Nacional re\u00fane aproximadamente 260 parlamentares.<\/p>\n<p>Engenheira agr\u00f4noma e empres\u00e1ria, Tereza Cristina \u00e9 presidente da FPA e tem uma longa trajet\u00f3ria no setor. Ela foi secret\u00e1ria de Desenvolvimento Agr\u00e1rio da Produ\u00e7\u00e3o, da Ind\u00fastria, do Com\u00e9rcio e do Turismo de Mato Grosso do Sul durante o governo de Andr\u00e9 Puccinelli (MDB).<\/p>\n<p>Neste ano, Tereza Cristina foi uma das lideran\u00e7as que defenderam a aprova\u00e7\u00e3o do Projeto de Lei 6.299, que flexibiliza as regras para fiscaliza\u00e7\u00e3o e aplica\u00e7\u00e3o de agrot\u00f3xicos no pa\u00eds.<\/p>\n<p>Durante a campanha e depois de eleito, Bolsonaro fez v\u00e1rias defesas do agroneg\u00f3cio e dos investimentos no campo. Ele chegou a anunciar a fus\u00e3o dos minist\u00e9rios da Agricultura e do Meio Ambiente, mas depois afirmou que a quest\u00e3o ainda n\u00e3o est\u00e1 definida.<\/p>\n<p>Ontem (6) o presidente eleito disse que as negocia\u00e7\u00f5es para a escolha do nome para o Minist\u00e9rio da Agricultura era uma dos mais avan\u00e7adas e que poderia ser divulgada ainda nesta semana.<\/p>\n<p>Jair Bolsonaro j\u00e1 confirmou os nomes de Paulo Guedes, para Economia; Sergio Moro, para Justi\u00e7a; Onyx Lorenzoni, para Casa Civil; Marcos Pontes, para Ci\u00eancia e Tecnologia; e o general Augusto Heleno, para o Gabinete de Seguran\u00e7a Institucional.<\/p>\n<p><img decoding=\"async\" src=\"http:\/\/aconteceunovale.com.br\/portal\/wp-content\/uploads\/2018\/11\/tereza_cristina.jpg\" alt=\"\" \/><em>Deputada federal Tereza Cristina &#8211; Wilson Dias\/Ag\u00eancia Brasil<\/em><br \/>\n<\/br><\/p>\n<p><strong>VER PRIMEIRO<\/strong><\/p>\n<p>Receba as not\u00edcias do Aconteceu no Vale em primeira m\u00e3o. Clique em curtir no endere\u00e7o <a href=\"https:\/\/www.facebook.com\/aconteceunovale\" target=\"_blank\"><font color=\"red\">www.facebook.com\/aconteceunovale<\/font><\/a> ou no box abaixo:<\/p>\n<div class=\"fb-like\" data-href=\"https:\/\/www.facebook.com\/aconteceunovale\" data-width=\"120\" data-layout=\"standard\" data-action=\"like\" data-size=\"small\" data-show-faces=\"true\" data-share=\"true\"><\/div>\n<p><\/br><\/p>\n<p><em>(Fonte: Ag\u00eancia Brasil)<\/em><\/p>\n","protected":false},"excerpt":{"rendered":"<p>A deputada federal Tereza Cristina (DEM-MS), 64 anos, ser\u00e1 a primeira mulher ministra do governo Jair Bolsonaro. O pr\u00f3prio presidente eleito confirmou em sua rede social a indica\u00e7\u00e3o da deputada para o Minist\u00e9rio da Agricultura. A confirma\u00e7\u00e3o j\u00e1 havia sido feita tamb\u00e9m pelo deputado federal Alceu Moreira (MDB-RS). Segundo ele, a pasta n\u00e3o ser\u00e1 fundida [&hellip;]<\/p>\n","protected":false},"author":1,"featured_media":138408,"comment_status":"open","ping_status":"closed","sticky":false,"template":"","format":"standard","meta":{"amp_status":"","footnotes":""},"categories":[6,40240],"tags":[100375,185379,185378,185381,185380,184405,185100,184659,26436,91974],"class_list":["post-138407","post","type-post","status-publish","format-standard","has-post-thumbnail","hentry","category-br","category-politica-2","tag-bolsonaro","tag-deputada-tereza-cristina","tag-deputada-tereza-cristina-e-confirmada-para-o-ministerio-da-agricultura","tag-fpa","tag-futura-ministra-da-agricultura","tag-governo-bolsonaro","tag-governo-de-transicao","tag-governo-jair-bolsonaro","tag-jair-bolsonaro","tag-ministerio-da-agricultura"],"_links":{"self":[{"href":"https:\/\/aconteceunovale.com.br\/portal\/index.php?rest_route=\/wp\/v2\/posts\/138407","targetHints":{"allow":["GET"]}}],"collection":[{"href":"https:\/\/aconteceunovale.com.br\/portal\/index.php?rest_route=\/wp\/v2\/posts"}],"about":[{"href":"https:\/\/aconteceunovale.com.br\/portal\/index.php?rest_route=\/wp\/v2\/types\/post"}],"author":[{"embeddable":true,"href":"https:\/\/aconteceunovale.com.br\/portal\/index.php?rest_route=\/wp\/v2\/users\/1"}],"replies":[{"embeddable":true,"href":"https:\/\/aconteceunovale.com.br\/portal\/index.php?rest_route=%2Fwp%2Fv2%2Fcomments&post=138407"}],"version-history":[{"count":0,"href":"https:\/\/aconteceunovale.com.br\/portal\/index.php?rest_route=\/wp\/v2\/posts\/138407\/revisions"}],"wp:featuredmedia":[{"embeddable":true,"href":"https:\/\/aconteceunovale.com.br\/portal\/index.php?rest_route=\/wp\/v2\/media\/138408"}],"wp:attachment":[{"href":"https:\/\/aconteceunovale.com.br\/portal\/index.php?rest_route=%2Fwp%2Fv2%2Fmedia&parent=138407"}],"wp:term":[{"taxonomy":"category","embeddable":true,"href":"https:\/\/aconteceunovale.com.br\/portal\/index.php?rest_route=%2Fwp%2Fv2%2Fcategories&post=138407"},{"taxonomy":"post_tag","embeddable":true,"href":"https:\/\/aconteceunovale.com.br\/portal\/index.php?rest_route=%2Fwp%2Fv2%2Ftags&post=138407"}],"curies":[{"name":"wp","href":"https:\/\/api.w.org\/{rel}","templated":true}]}}