{"id":138402,"date":"2018-11-07T21:29:49","date_gmt":"2018-11-07T23:29:49","guid":{"rendered":"http:\/\/aconteceunovale.com.br\/portal\/?p=138402"},"modified":"2018-11-07T21:29:49","modified_gmt":"2018-11-07T23:29:49","slug":"diplomacao-de-jair-bolsonaro-e-marcada-para-10-de-dezembro-confirma-tse","status":"publish","type":"post","link":"https:\/\/aconteceunovale.com.br\/portal\/?p=138402","title":{"rendered":"Diploma\u00e7\u00e3o de Jair Bolsonaro \u00e9 marcada para 10 de dezembro, confirma TSE"},"content":{"rendered":"<p>A diploma\u00e7\u00e3o do presidente eleito Jair Bolsonaro foi marcada para 10 de dezembro, \u00e0s 11h, nove dias antes do prazo final definido no calend\u00e1rio eleitoral. A informa\u00e7\u00e3o foi confirmada pelo Tribunal Superior Eleitoral (TSE).<\/p>\n<p>Pela manh\u00e3, a presid\u00eancia do TSE entrou em contato com o ministro extraordin\u00e1rio Onyx Lorenzoni para discutir a realiza\u00e7\u00e3o da solenidade antes de 19 de dezembro, conforme previsto anteriormente. Esta \u00e9 a data limite para o ato.<\/p>\n<p>No contato com Lorenzoni, o TSE sugeriu que a campanha de Bolsonaro antecipasse em cinco dias sua presta\u00e7\u00e3o de contas final, cujo prazo limite para entrega \u00e9 17 de novembro. Desse modo, a corte tem como adiantar tamb\u00e9m o julgamento das contas, que deve ser feito antes da diploma\u00e7\u00e3o.<\/p>\n<p>A antecipa\u00e7\u00e3o da diploma\u00e7\u00e3o foi feita de comum acordo tendo em vista que Bolsonaro deve ser submetido a uma cirurgia em 12 de dezembro, para a retirada da bolsa de colostomia que vem sendo utilizada por ele desde que levou uma facada, em 6 de setembro. Ser\u00e1 a terceira cirurgia de Bolsonaro em decorr\u00eancia do ataque.<\/p>\n<p><strong>VER PRIMEIRO<\/strong><\/p>\n<p>Receba as not\u00edcias do Aconteceu no Vale em primeira m\u00e3o. Clique em curtir no endere\u00e7o <a href=\"https:\/\/www.facebook.com\/aconteceunovale\" target=\"_blank\"><font color=\"red\">www.facebook.com\/aconteceunovale<\/font><\/a> ou no box abaixo:<\/p>\n<div class=\"fb-like\" data-href=\"https:\/\/www.facebook.com\/aconteceunovale\" data-width=\"120\" data-layout=\"standard\" data-action=\"like\" data-size=\"small\" data-show-faces=\"true\" data-share=\"true\"><\/div>\n<p><\/br><\/p>\n<p><em>(Fonte: Ag\u00eancia Brasil)<\/em><\/p>\n","protected":false},"excerpt":{"rendered":"<p>A diploma\u00e7\u00e3o do presidente eleito Jair Bolsonaro foi marcada para 10 de dezembro, \u00e0s 11h, nove dias antes do prazo final definido no calend\u00e1rio eleitoral. A informa\u00e7\u00e3o foi confirmada pelo Tribunal Superior Eleitoral (TSE). Pela manh\u00e3, a presid\u00eancia do TSE entrou em contato com o ministro extraordin\u00e1rio Onyx Lorenzoni para discutir a realiza\u00e7\u00e3o da solenidade [&hellip;]<\/p>\n","protected":false},"author":1,"featured_media":137763,"comment_status":"open","ping_status":"closed","sticky":false,"template":"","format":"standard","meta":{"amp_status":"","footnotes":""},"categories":[6,40240],"tags":[100375,185361,185365,185364,185362,185360,185363,185100,26436,125162,267],"class_list":["post-138402","post","type-post","status-publish","format-standard","has-post-thumbnail","hentry","category-br","category-politica-2","tag-bolsonaro","tag-confirma-tse","tag-diplomacao","tag-diplomacao-de-bolsonaro","tag-diplomacao-de-jair-bolsonaro","tag-diplomacao-de-jair-bolsonaro-e-marcada-para-10-de-dezembro","tag-diplomacao-do-presidente-eleito-jair-bolsonaro","tag-governo-de-transicao","tag-jair-bolsonaro","tag-presidente-eleito","tag-tse"],"_links":{"self":[{"href":"https:\/\/aconteceunovale.com.br\/portal\/index.php?rest_route=\/wp\/v2\/posts\/138402","targetHints":{"allow":["GET"]}}],"collection":[{"href":"https:\/\/aconteceunovale.com.br\/portal\/index.php?rest_route=\/wp\/v2\/posts"}],"about":[{"href":"https:\/\/aconteceunovale.com.br\/portal\/index.php?rest_route=\/wp\/v2\/types\/post"}],"author":[{"embeddable":true,"href":"https:\/\/aconteceunovale.com.br\/portal\/index.php?rest_route=\/wp\/v2\/users\/1"}],"replies":[{"embeddable":true,"href":"https:\/\/aconteceunovale.com.br\/portal\/index.php?rest_route=%2Fwp%2Fv2%2Fcomments&post=138402"}],"version-history":[{"count":0,"href":"https:\/\/aconteceunovale.com.br\/portal\/index.php?rest_route=\/wp\/v2\/posts\/138402\/revisions"}],"wp:featuredmedia":[{"embeddable":true,"href":"https:\/\/aconteceunovale.com.br\/portal\/index.php?rest_route=\/wp\/v2\/media\/137763"}],"wp:attachment":[{"href":"https:\/\/aconteceunovale.com.br\/portal\/index.php?rest_route=%2Fwp%2Fv2%2Fmedia&parent=138402"}],"wp:term":[{"taxonomy":"category","embeddable":true,"href":"https:\/\/aconteceunovale.com.br\/portal\/index.php?rest_route=%2Fwp%2Fv2%2Fcategories&post=138402"},{"taxonomy":"post_tag","embeddable":true,"href":"https:\/\/aconteceunovale.com.br\/portal\/index.php?rest_route=%2Fwp%2Fv2%2Ftags&post=138402"}],"curies":[{"name":"wp","href":"https:\/\/api.w.org\/{rel}","templated":true}]}}