{"id":138385,"date":"2018-11-07T20:01:31","date_gmt":"2018-11-07T22:01:31","guid":{"rendered":"http:\/\/aconteceunovale.com.br\/portal\/?p=138385"},"modified":"2018-11-07T20:01:31","modified_gmt":"2018-11-07T22:01:31","slug":"adolescente-e-assassinado-em-governador-valadares-2","status":"publish","type":"post","link":"https:\/\/aconteceunovale.com.br\/portal\/?p=138385","title":{"rendered":"Adolescente \u00e9 assassinado em Governador Valadares"},"content":{"rendered":"<p>Um adolescente de 17 anos foi morto a tiros no fim da tarde desta quarta-feira (07\/11\/2018) em Governador Valadares, no Vale do Rio Doce. Segundo informa\u00e7\u00f5es da Pol\u00edcia Militar, a v\u00edtima andava pela Rua K, no Bairro Palmeiras, quando foi atingida por diversos tiros disparados por dois homens em uma motocicleta.<\/p>\n<p>Ainda segundo a PM, o adolescente n\u00e3o resistiu aos ferimentos e morreu no local. A motiva\u00e7\u00e3o do crime \u00e9 ainda n\u00e3o foi esclarecida. Os autores s\u00e3o procurados.<\/p>\n<p><img decoding=\"async\" src=\"http:\/\/aconteceunovale.com.br\/portal\/wp-content\/uploads\/2018\/11\/homicidio_gv.jpg\" alt=\"\" \/><em>Crime aconteceu no Bairro Palmeiras (Foto: Roberto Higino\/Facebook)<\/em><br \/>\n<\/br><\/p>\n<p><strong>VER PRIMEIRO<\/strong><\/p>\n<p>Receba as not\u00edcias do Aconteceu no Vale em primeira m\u00e3o. Clique em curtir no endere\u00e7o <a href=\"https:\/\/www.facebook.com\/aconteceunovale\" target=\"_blank\"><font color=\"red\">www.facebook.com\/aconteceunovale<\/font><\/a> ou no box abaixo:<\/p>\n<div class=\"fb-like\" data-href=\"https:\/\/www.facebook.com\/aconteceunovale\" data-width=\"120\" data-layout=\"standard\" data-action=\"like\" data-size=\"small\" data-show-faces=\"true\" data-share=\"true\"><\/div>\n<p><\/br><\/p>\n<p><em>(Fonte: G1 Vales)<\/em><\/p>\n","protected":false},"excerpt":{"rendered":"<p>Um adolescente de 17 anos foi morto a tiros no fim da tarde desta quarta-feira (07\/11\/2018) em Governador Valadares, no Vale do Rio Doce. Segundo informa\u00e7\u00f5es da Pol\u00edcia Militar, a v\u00edtima andava pela Rua K, no Bairro Palmeiras, quando foi atingida por diversos tiros disparados por dois homens em uma motocicleta. Ainda segundo a PM, [&hellip;]<\/p>\n","protected":false},"author":1,"featured_media":138386,"comment_status":"open","ping_status":"closed","sticky":false,"template":"","format":"standard","meta":{"amp_status":"","footnotes":""},"categories":[121],"tags":[184876,44655,247,8180,32916,185334],"class_list":["post-138385","post","type-post","status-publish","format-standard","has-post-thumbnail","hentry","category-leste","tag-adolescente-e-assassinado-em-governador-valadares","tag-assassinado-em-governador-valadares","tag-governador-valadares","tag-homicidio-em-governador-valadares","tag-morte-em-governador-valadares","tag-rian-nogueira"],"_links":{"self":[{"href":"https:\/\/aconteceunovale.com.br\/portal\/index.php?rest_route=\/wp\/v2\/posts\/138385","targetHints":{"allow":["GET"]}}],"collection":[{"href":"https:\/\/aconteceunovale.com.br\/portal\/index.php?rest_route=\/wp\/v2\/posts"}],"about":[{"href":"https:\/\/aconteceunovale.com.br\/portal\/index.php?rest_route=\/wp\/v2\/types\/post"}],"author":[{"embeddable":true,"href":"https:\/\/aconteceunovale.com.br\/portal\/index.php?rest_route=\/wp\/v2\/users\/1"}],"replies":[{"embeddable":true,"href":"https:\/\/aconteceunovale.com.br\/portal\/index.php?rest_route=%2Fwp%2Fv2%2Fcomments&post=138385"}],"version-history":[{"count":0,"href":"https:\/\/aconteceunovale.com.br\/portal\/index.php?rest_route=\/wp\/v2\/posts\/138385\/revisions"}],"wp:featuredmedia":[{"embeddable":true,"href":"https:\/\/aconteceunovale.com.br\/portal\/index.php?rest_route=\/wp\/v2\/media\/138386"}],"wp:attachment":[{"href":"https:\/\/aconteceunovale.com.br\/portal\/index.php?rest_route=%2Fwp%2Fv2%2Fmedia&parent=138385"}],"wp:term":[{"taxonomy":"category","embeddable":true,"href":"https:\/\/aconteceunovale.com.br\/portal\/index.php?rest_route=%2Fwp%2Fv2%2Fcategories&post=138385"},{"taxonomy":"post_tag","embeddable":true,"href":"https:\/\/aconteceunovale.com.br\/portal\/index.php?rest_route=%2Fwp%2Fv2%2Ftags&post=138385"}],"curies":[{"name":"wp","href":"https:\/\/api.w.org\/{rel}","templated":true}]}}