{"id":13838,"date":"2013-11-27T19:20:37","date_gmt":"2013-11-27T21:20:37","guid":{"rendered":"http:\/\/aconteceunovale.com.br\/portal\/?p=13838"},"modified":"2026-09-02T12:09:50","modified_gmt":"2026-09-02T15:09:50","slug":"almenara-populacao-da-o-ultimo-adeus-a-julio-mares-ex-vice-prefeito-da-cidade","status":"publish","type":"post","link":"https:\/\/aconteceunovale.com.br\/portal\/?p=13838","title":{"rendered":"ALMENARA: popula\u00e7\u00e3o d\u00e1 o \u00faltimo adeus a J\u00falio Mares, ex-vice-prefeito da cidade"},"content":{"rendered":"<p>Foi sepultado no fim da tarde desta quarta feira, (27), o m\u00e9dico psiquiatra e ex-vice-prefeito de Almenara, Dr. Julio Mares.<\/p>\n<p>O cortejo seguiu pelas principais ruas da cidade de Almenara no Vale do Jequitinhonha, amigos, familiares, correligion\u00e1rios seguiram at\u00e9 o cemit\u00e9rio local.<\/p>\n<div id='gallery-1' class='gallery galleryid-13838 gallery-columns-3 gallery-size-thumbnail'><figure class='gallery-item'>\n\t\t\t<div class='gallery-icon landscape'>\n\t\t\t\t<a href='https:\/\/aconteceunovale.com.br\/portal\/wp-content\/uploads\/2013\/11\/enterro_julio_mares_1.jpg'><img loading=\"lazy\" decoding=\"async\" width=\"150\" height=\"150\" src=\"https:\/\/aconteceunovale.com.br\/portal\/wp-content\/uploads\/2013\/11\/enterro_julio_mares_1-150x150.jpg\" class=\"attachment-thumbnail size-thumbnail\" alt=\"\" \/><\/a>\n\t\t\t<\/div><\/figure><figure class='gallery-item'>\n\t\t\t<div class='gallery-icon landscape'>\n\t\t\t\t<a href='https:\/\/aconteceunovale.com.br\/portal\/wp-content\/uploads\/2013\/11\/enterro_julio_mares_2.jpg'><img loading=\"lazy\" decoding=\"async\" width=\"150\" height=\"150\" src=\"https:\/\/aconteceunovale.com.br\/portal\/wp-content\/uploads\/2013\/11\/enterro_julio_mares_2-150x150.jpg\" class=\"attachment-thumbnail size-thumbnail\" alt=\"\" \/><\/a>\n\t\t\t<\/div><\/figure><figure class='gallery-item'>\n\t\t\t<div class='gallery-icon landscape'>\n\t\t\t\t<a href='https:\/\/aconteceunovale.com.br\/portal\/wp-content\/uploads\/2013\/11\/enterro_julio_mares_3.jpg'><img loading=\"lazy\" decoding=\"async\" width=\"150\" height=\"150\" src=\"https:\/\/aconteceunovale.com.br\/portal\/wp-content\/uploads\/2013\/11\/enterro_julio_mares_3-150x150.jpg\" class=\"attachment-thumbnail size-thumbnail\" alt=\"\" \/><\/a>\n\t\t\t<\/div><\/figure><figure class='gallery-item'>\n\t\t\t<div class='gallery-icon landscape'>\n\t\t\t\t<a href='https:\/\/aconteceunovale.com.br\/portal\/wp-content\/uploads\/2013\/11\/enterro_julio_mares_4.jpg'><img loading=\"lazy\" decoding=\"async\" width=\"150\" height=\"150\" src=\"https:\/\/aconteceunovale.com.br\/portal\/wp-content\/uploads\/2013\/11\/enterro_julio_mares_4-150x150.jpg\" class=\"attachment-thumbnail size-thumbnail\" alt=\"\" \/><\/a>\n\t\t\t<\/div><\/figure><figure class='gallery-item'>\n\t\t\t<div class='gallery-icon landscape'>\n\t\t\t\t<a href='https:\/\/aconteceunovale.com.br\/portal\/wp-content\/uploads\/2013\/11\/enterro_julio_mares_5.jpg'><img loading=\"lazy\" decoding=\"async\" width=\"150\" height=\"150\" src=\"https:\/\/aconteceunovale.com.br\/portal\/wp-content\/uploads\/2013\/11\/enterro_julio_mares_5-150x150.jpg\" class=\"attachment-thumbnail size-thumbnail\" alt=\"\" \/><\/a>\n\t\t\t<\/div><\/figure><figure class='gallery-item'>\n\t\t\t<div class='gallery-icon landscape'>\n\t\t\t\t<a href='https:\/\/aconteceunovale.com.br\/portal\/wp-content\/uploads\/2013\/11\/enterro_julio_mares_6.jpg'><img loading=\"lazy\" decoding=\"async\" width=\"150\" height=\"150\" src=\"https:\/\/aconteceunovale.com.br\/portal\/wp-content\/uploads\/2013\/11\/enterro_julio_mares_6-150x150.jpg\" class=\"attachment-thumbnail size-thumbnail\" alt=\"\" \/><\/a>\n\t\t\t<\/div><\/figure><figure class='gallery-item'>\n\t\t\t<div class='gallery-icon landscape'>\n\t\t\t\t<a href='https:\/\/aconteceunovale.com.br\/portal\/wp-content\/uploads\/2013\/11\/enterro_julio_mares_7.jpg'><img loading=\"lazy\" decoding=\"async\" width=\"150\" height=\"150\" src=\"https:\/\/aconteceunovale.com.br\/portal\/wp-content\/uploads\/2013\/11\/enterro_julio_mares_7-150x150.jpg\" class=\"attachment-thumbnail size-thumbnail\" alt=\"\" \/><\/a>\n\t\t\t<\/div><\/figure><figure class='gallery-item'>\n\t\t\t<div class='gallery-icon landscape'>\n\t\t\t\t<a href='https:\/\/aconteceunovale.com.br\/portal\/wp-content\/uploads\/2013\/11\/enterro_julio_mares_8.jpg'><img loading=\"lazy\" decoding=\"async\" width=\"150\" height=\"150\" src=\"https:\/\/aconteceunovale.com.br\/portal\/wp-content\/uploads\/2013\/11\/enterro_julio_mares_8-150x150.jpg\" class=\"attachment-thumbnail size-thumbnail\" alt=\"\" \/><\/a>\n\t\t\t<\/div><\/figure><figure class='gallery-item'>\n\t\t\t<div class='gallery-icon landscape'>\n\t\t\t\t<a href='https:\/\/aconteceunovale.com.br\/portal\/wp-content\/uploads\/2013\/11\/enterro_julio_mares_9.jpg'><img loading=\"lazy\" decoding=\"async\" width=\"150\" height=\"150\" src=\"https:\/\/aconteceunovale.com.br\/portal\/wp-content\/uploads\/2013\/11\/enterro_julio_mares_9-150x150.jpg\" class=\"attachment-thumbnail size-thumbnail\" alt=\"\" \/><\/a>\n\t\t\t<\/div><\/figure><figure class='gallery-item'>\n\t\t\t<div class='gallery-icon landscape'>\n\t\t\t\t<a href='https:\/\/aconteceunovale.com.br\/portal\/wp-content\/uploads\/2013\/11\/enterro_julio_mares_10.jpg'><img loading=\"lazy\" decoding=\"async\" width=\"150\" height=\"150\" src=\"https:\/\/aconteceunovale.com.br\/portal\/wp-content\/uploads\/2013\/11\/enterro_julio_mares_10-150x150.jpg\" class=\"attachment-thumbnail size-thumbnail\" alt=\"\" \/><\/a>\n\t\t\t<\/div><\/figure><figure class='gallery-item'>\n\t\t\t<div class='gallery-icon landscape'>\n\t\t\t\t<a href='https:\/\/aconteceunovale.com.br\/portal\/wp-content\/uploads\/2013\/11\/enterro_julio_mares_11.jpg'><img loading=\"lazy\" decoding=\"async\" width=\"150\" height=\"150\" src=\"https:\/\/aconteceunovale.com.br\/portal\/wp-content\/uploads\/2013\/11\/enterro_julio_mares_11-150x150.jpg\" class=\"attachment-thumbnail size-thumbnail\" alt=\"\" \/><\/a>\n\t\t\t<\/div><\/figure><figure class='gallery-item'>\n\t\t\t<div class='gallery-icon landscape'>\n\t\t\t\t<a href='https:\/\/aconteceunovale.com.br\/portal\/wp-content\/uploads\/2013\/11\/enterro_julio_mares_12.jpg'><img loading=\"lazy\" decoding=\"async\" width=\"150\" height=\"150\" src=\"https:\/\/aconteceunovale.com.br\/portal\/wp-content\/uploads\/2013\/11\/enterro_julio_mares_12-150x150.jpg\" class=\"attachment-thumbnail size-thumbnail\" alt=\"\" \/><\/a>\n\t\t\t<\/div><\/figure>\n\t\t<\/div>\n\n<p>Com Di\u00e1rio do Jequi<\/p>\n<p><em>&#8220;\u00c9 permitida a reprodu\u00e7\u00e3o deste material, desde que citada a fonte: Portal Aconteceu no Vale (<a href=\"http:\/\/www.aconteceunovale.com.br\">www.aconteceunovale.com.br<\/a>)&#8221;<\/em><strong><\/p>\n","protected":false},"excerpt":{"rendered":"<p>Foi sepultado no fim da tarde desta quarta feira, (27), o m\u00e9dico psiquiatra e ex-vice-prefeito de Almenara, Dr. Julio Mares. O cortejo seguiu pelas principais ruas da cidade de Almenara no Vale do Jequitinhonha, amigos, familiares, correligion\u00e1rios seguiram at\u00e9 o cemit\u00e9rio local. Com Di\u00e1rio do Jequi &#8220;\u00c9 permitida a reprodu\u00e7\u00e3o deste material, desde que citada [&hellip;]<\/p>\n","protected":false},"author":1,"featured_media":13843,"comment_status":"open","ping_status":"closed","sticky":false,"template":"","format":"standard","meta":{"amp_status":"","footnotes":""},"categories":[272528,120],"tags":[142,903,905,882,904],"class_list":["post-13838","post","type-post","status-publish","format-standard","has-post-thumbnail","hentry","category-almenara","category-jequi","tag-almenara","tag-enterro-de-julio-mares","tag-julio-cesar-mares","tag-julio-mares","tag-sepultamento-de-julio-mares"],"yoast_head":"<!-- This site is optimized with the Yoast SEO plugin v28.3 - https:\/\/yoast.com\/product\/yoast-seo-wordpress\/ -->\n<title>ALMENARA: popula\u00e7\u00e3o d\u00e1 o \u00faltimo adeus a J\u00falio Mares, ex-vice-prefeito da cidade - Aconteceu no Vale<\/title>\n<meta name=\"robots\" content=\"index, follow, max-snippet:-1, max-image-preview:large, max-video-preview:-1\" \/>\n<link rel=\"canonical\" href=\"https:\/\/aconteceunovale.com.br\/portal\/?p=13838\" \/>\n<meta property=\"og:locale\" content=\"pt_BR\" \/>\n<meta property=\"og:type\" content=\"article\" \/>\n<meta property=\"og:title\" content=\"ALMENARA: popula\u00e7\u00e3o d\u00e1 o \u00faltimo adeus a J\u00falio Mares, ex-vice-prefeito da cidade - Aconteceu no Vale\" \/>\n<meta property=\"og:description\" content=\"Foi sepultado no fim da tarde desta quarta feira, (27), o m\u00e9dico psiquiatra e ex-vice-prefeito de Almenara, Dr. Julio Mares. O cortejo seguiu pelas principais ruas da cidade de Almenara no Vale do Jequitinhonha, amigos, familiares, correligion\u00e1rios seguiram at\u00e9 o cemit\u00e9rio local. Com Di\u00e1rio do Jequi &#8220;\u00c9 permitida a reprodu\u00e7\u00e3o deste material, desde que citada [&hellip;]\" \/>\n<meta property=\"og:url\" content=\"https:\/\/aconteceunovale.com.br\/portal\/?p=13838\" \/>\n<meta property=\"og:site_name\" content=\"Aconteceu no Vale\" \/>\n<meta property=\"article:publisher\" content=\"https:\/\/www.facebook.com\/aconteceunovale\/\" \/>\n<meta property=\"article:published_time\" content=\"2013-11-27T21:20:37+00:00\" \/>\n<meta property=\"article:modified_time\" content=\"2026-09-02T15:09:50+00:00\" \/>\n<meta property=\"og:image\" content=\"https:\/\/aconteceunovale.com.br\/portal\/wp-content\/uploads\/2013\/11\/enterro_julio_mares_5.jpg\" \/>\n\t<meta property=\"og:image:width\" content=\"600\" \/>\n\t<meta property=\"og:image:height\" content=\"450\" \/>\n\t<meta property=\"og:image:type\" content=\"image\/jpeg\" \/>\n<meta name=\"author\" content=\"Aconteceu no Vale\" \/>\n<meta name=\"twitter:card\" content=\"summary_large_image\" \/>\n<meta name=\"twitter:creator\" content=\"@noticiadosvales\" \/>\n<meta name=\"twitter:site\" content=\"@noticiadosvales\" \/>\n<meta name=\"twitter:label1\" content=\"Escrito por\" \/>\n\t<meta name=\"twitter:data1\" content=\"Aconteceu no Vale\" \/>\n<script type=\"application\/ld+json\" class=\"yoast-schema-graph\">{\"@context\":\"https:\\\/\\\/schema.org\",\"@graph\":[{\"@type\":\"Article\",\"@id\":\"https:\\\/\\\/aconteceunovale.com.br\\\/portal\\\/?p=13838#article\",\"isPartOf\":{\"@id\":\"https:\\\/\\\/aconteceunovale.com.br\\\/portal\\\/?p=13838\"},\"author\":{\"name\":\"Aconteceu no Vale\",\"@id\":\"https:\\\/\\\/aconteceunovale.com.br\\\/portal\\\/#\\\/schema\\\/person\\\/633529146f2c94272bef50ac2953d589\"},\"headline\":\"ALMENARA: popula\u00e7\u00e3o d\u00e1 o \u00faltimo adeus a J\u00falio Mares, ex-vice-prefeito da cidade\",\"datePublished\":\"2013-11-27T21:20:37+00:00\",\"dateModified\":\"2026-09-02T15:09:50+00:00\",\"mainEntityOfPage\":{\"@id\":\"https:\\\/\\\/aconteceunovale.com.br\\\/portal\\\/?p=13838\"},\"wordCount\":86,\"commentCount\":0,\"image\":{\"@id\":\"https:\\\/\\\/aconteceunovale.com.br\\\/portal\\\/?p=13838#primaryimage\"},\"thumbnailUrl\":\"https:\\\/\\\/aconteceunovale.com.br\\\/portal\\\/wp-content\\\/uploads\\\/2013\\\/11\\\/enterro_julio_mares_5.jpg\",\"keywords\":[\"Almenara\",\"enterro de julio mares\",\"julio cesar mares\",\"julio mares\",\"sepultamento de julio mares\"],\"articleSection\":[\"Almenara\",\"Vale do Jequitinhonha\"],\"inLanguage\":\"pt-BR\",\"potentialAction\":[{\"@type\":\"CommentAction\",\"name\":\"Comment\",\"target\":[\"https:\\\/\\\/aconteceunovale.com.br\\\/portal\\\/?p=13838#respond\"]}]},{\"@type\":\"WebPage\",\"@id\":\"https:\\\/\\\/aconteceunovale.com.br\\\/portal\\\/?p=13838\",\"url\":\"https:\\\/\\\/aconteceunovale.com.br\\\/portal\\\/?p=13838\",\"name\":\"ALMENARA: popula\u00e7\u00e3o d\u00e1 o \u00faltimo adeus a J\u00falio Mares, ex-vice-prefeito da cidade - Aconteceu no Vale\",\"isPartOf\":{\"@id\":\"https:\\\/\\\/aconteceunovale.com.br\\\/portal\\\/#website\"},\"primaryImageOfPage\":{\"@id\":\"https:\\\/\\\/aconteceunovale.com.br\\\/portal\\\/?p=13838#primaryimage\"},\"image\":{\"@id\":\"https:\\\/\\\/aconteceunovale.com.br\\\/portal\\\/?p=13838#primaryimage\"},\"thumbnailUrl\":\"https:\\\/\\\/aconteceunovale.com.br\\\/portal\\\/wp-content\\\/uploads\\\/2013\\\/11\\\/enterro_julio_mares_5.jpg\",\"datePublished\":\"2013-11-27T21:20:37+00:00\",\"dateModified\":\"2026-09-02T15:09:50+00:00\",\"author\":{\"@id\":\"https:\\\/\\\/aconteceunovale.com.br\\\/portal\\\/#\\\/schema\\\/person\\\/633529146f2c94272bef50ac2953d589\"},\"breadcrumb\":{\"@id\":\"https:\\\/\\\/aconteceunovale.com.br\\\/portal\\\/?p=13838#breadcrumb\"},\"inLanguage\":\"pt-BR\",\"potentialAction\":[{\"@type\":\"ReadAction\",\"target\":[\"https:\\\/\\\/aconteceunovale.com.br\\\/portal\\\/?p=13838\"]}]},{\"@type\":\"ImageObject\",\"inLanguage\":\"pt-BR\",\"@id\":\"https:\\\/\\\/aconteceunovale.com.br\\\/portal\\\/?p=13838#primaryimage\",\"url\":\"https:\\\/\\\/aconteceunovale.com.br\\\/portal\\\/wp-content\\\/uploads\\\/2013\\\/11\\\/enterro_julio_mares_5.jpg\",\"contentUrl\":\"https:\\\/\\\/aconteceunovale.com.br\\\/portal\\\/wp-content\\\/uploads\\\/2013\\\/11\\\/enterro_julio_mares_5.jpg\",\"width\":600,\"height\":450},{\"@type\":\"BreadcrumbList\",\"@id\":\"https:\\\/\\\/aconteceunovale.com.br\\\/portal\\\/?p=13838#breadcrumb\",\"itemListElement\":[{\"@type\":\"ListItem\",\"position\":1,\"name\":\"In\u00edcio\",\"item\":\"https:\\\/\\\/aconteceunovale.com.br\\\/portal\\\/\"},{\"@type\":\"ListItem\",\"position\":2,\"name\":\"ALMENARA: popula\u00e7\u00e3o d\u00e1 o \u00faltimo adeus a J\u00falio Mares, ex-vice-prefeito da cidade\"}]},{\"@type\":\"WebSite\",\"@id\":\"https:\\\/\\\/aconteceunovale.com.br\\\/portal\\\/#website\",\"url\":\"https:\\\/\\\/aconteceunovale.com.br\\\/portal\\\/\",\"name\":\"Aconteceu no Vale\",\"description\":\"Portal de Not\u00edcias\",\"potentialAction\":[{\"@type\":\"SearchAction\",\"target\":{\"@type\":\"EntryPoint\",\"urlTemplate\":\"https:\\\/\\\/aconteceunovale.com.br\\\/portal\\\/?s={search_term_string}\"},\"query-input\":{\"@type\":\"PropertyValueSpecification\",\"valueRequired\":true,\"valueName\":\"search_term_string\"}}],\"inLanguage\":\"pt-BR\"},{\"@type\":\"Person\",\"@id\":\"https:\\\/\\\/aconteceunovale.com.br\\\/portal\\\/#\\\/schema\\\/person\\\/633529146f2c94272bef50ac2953d589\",\"name\":\"Aconteceu no Vale\",\"description\":\"Equipe de reportagem do Aconteceu no Vale, portal de not\u00edcias do Vale do Jequitinhonha, em Minas Gerais. Cobrimos as 51 cidades do Vale desde 2013. Sugest\u00f5es de pauta e pedidos de corre\u00e7\u00e3o: contato@aconteceunovale.com.br\",\"sameAs\":[\"http:\\\/\\\/www.aconteceunovale.com.br\"],\"url\":\"https:\\\/\\\/aconteceunovale.com.br\\\/portal\\\/?author=1\"}]}<\/script>\n<!-- \/ Yoast SEO plugin. -->","yoast_head_json":{"title":"ALMENARA: popula\u00e7\u00e3o d\u00e1 o \u00faltimo adeus a J\u00falio Mares, ex-vice-prefeito da cidade - Aconteceu no Vale","robots":{"index":"index","follow":"follow","max-snippet":"max-snippet:-1","max-image-preview":"max-image-preview:large","max-video-preview":"max-video-preview:-1"},"canonical":"https:\/\/aconteceunovale.com.br\/portal\/?p=13838","og_locale":"pt_BR","og_type":"article","og_title":"ALMENARA: popula\u00e7\u00e3o d\u00e1 o \u00faltimo adeus a J\u00falio Mares, ex-vice-prefeito da cidade - Aconteceu no Vale","og_description":"Foi sepultado no fim da tarde desta quarta feira, (27), o m\u00e9dico psiquiatra e ex-vice-prefeito de Almenara, Dr. Julio Mares. O cortejo seguiu pelas principais ruas da cidade de Almenara no Vale do Jequitinhonha, amigos, familiares, correligion\u00e1rios seguiram at\u00e9 o cemit\u00e9rio local. Com Di\u00e1rio do Jequi &#8220;\u00c9 permitida a reprodu\u00e7\u00e3o deste material, desde que citada [&hellip;]","og_url":"https:\/\/aconteceunovale.com.br\/portal\/?p=13838","og_site_name":"Aconteceu no Vale","article_publisher":"https:\/\/www.facebook.com\/aconteceunovale\/","article_published_time":"2013-11-27T21:20:37+00:00","article_modified_time":"2026-09-02T15:09:50+00:00","og_image":[{"width":600,"height":450,"url":"https:\/\/aconteceunovale.com.br\/portal\/wp-content\/uploads\/2013\/11\/enterro_julio_mares_5.jpg","type":"image\/jpeg"}],"author":"Aconteceu no Vale","twitter_card":"summary_large_image","twitter_creator":"@noticiadosvales","twitter_site":"@noticiadosvales","twitter_misc":{"Escrito por":"Aconteceu no Vale"},"schema":{"@context":"https:\/\/schema.org","@graph":[{"@type":"Article","@id":"https:\/\/aconteceunovale.com.br\/portal\/?p=13838#article","isPartOf":{"@id":"https:\/\/aconteceunovale.com.br\/portal\/?p=13838"},"author":{"name":"Aconteceu no Vale","@id":"https:\/\/aconteceunovale.com.br\/portal\/#\/schema\/person\/633529146f2c94272bef50ac2953d589"},"headline":"ALMENARA: popula\u00e7\u00e3o d\u00e1 o \u00faltimo adeus a J\u00falio Mares, ex-vice-prefeito da cidade","datePublished":"2013-11-27T21:20:37+00:00","dateModified":"2026-09-02T15:09:50+00:00","mainEntityOfPage":{"@id":"https:\/\/aconteceunovale.com.br\/portal\/?p=13838"},"wordCount":86,"commentCount":0,"image":{"@id":"https:\/\/aconteceunovale.com.br\/portal\/?p=13838#primaryimage"},"thumbnailUrl":"https:\/\/aconteceunovale.com.br\/portal\/wp-content\/uploads\/2013\/11\/enterro_julio_mares_5.jpg","keywords":["Almenara","enterro de julio mares","julio cesar mares","julio mares","sepultamento de julio mares"],"articleSection":["Almenara","Vale do Jequitinhonha"],"inLanguage":"pt-BR","potentialAction":[{"@type":"CommentAction","name":"Comment","target":["https:\/\/aconteceunovale.com.br\/portal\/?p=13838#respond"]}]},{"@type":"WebPage","@id":"https:\/\/aconteceunovale.com.br\/portal\/?p=13838","url":"https:\/\/aconteceunovale.com.br\/portal\/?p=13838","name":"ALMENARA: popula\u00e7\u00e3o d\u00e1 o \u00faltimo adeus a J\u00falio Mares, ex-vice-prefeito da cidade - Aconteceu no Vale","isPartOf":{"@id":"https:\/\/aconteceunovale.com.br\/portal\/#website"},"primaryImageOfPage":{"@id":"https:\/\/aconteceunovale.com.br\/portal\/?p=13838#primaryimage"},"image":{"@id":"https:\/\/aconteceunovale.com.br\/portal\/?p=13838#primaryimage"},"thumbnailUrl":"https:\/\/aconteceunovale.com.br\/portal\/wp-content\/uploads\/2013\/11\/enterro_julio_mares_5.jpg","datePublished":"2013-11-27T21:20:37+00:00","dateModified":"2026-09-02T15:09:50+00:00","author":{"@id":"https:\/\/aconteceunovale.com.br\/portal\/#\/schema\/person\/633529146f2c94272bef50ac2953d589"},"breadcrumb":{"@id":"https:\/\/aconteceunovale.com.br\/portal\/?p=13838#breadcrumb"},"inLanguage":"pt-BR","potentialAction":[{"@type":"ReadAction","target":["https:\/\/aconteceunovale.com.br\/portal\/?p=13838"]}]},{"@type":"ImageObject","inLanguage":"pt-BR","@id":"https:\/\/aconteceunovale.com.br\/portal\/?p=13838#primaryimage","url":"https:\/\/aconteceunovale.com.br\/portal\/wp-content\/uploads\/2013\/11\/enterro_julio_mares_5.jpg","contentUrl":"https:\/\/aconteceunovale.com.br\/portal\/wp-content\/uploads\/2013\/11\/enterro_julio_mares_5.jpg","width":600,"height":450},{"@type":"BreadcrumbList","@id":"https:\/\/aconteceunovale.com.br\/portal\/?p=13838#breadcrumb","itemListElement":[{"@type":"ListItem","position":1,"name":"In\u00edcio","item":"https:\/\/aconteceunovale.com.br\/portal\/"},{"@type":"ListItem","position":2,"name":"ALMENARA: popula\u00e7\u00e3o d\u00e1 o \u00faltimo adeus a J\u00falio Mares, ex-vice-prefeito da cidade"}]},{"@type":"WebSite","@id":"https:\/\/aconteceunovale.com.br\/portal\/#website","url":"https:\/\/aconteceunovale.com.br\/portal\/","name":"Aconteceu no Vale","description":"Portal de Not\u00edcias","potentialAction":[{"@type":"SearchAction","target":{"@type":"EntryPoint","urlTemplate":"https:\/\/aconteceunovale.com.br\/portal\/?s={search_term_string}"},"query-input":{"@type":"PropertyValueSpecification","valueRequired":true,"valueName":"search_term_string"}}],"inLanguage":"pt-BR"},{"@type":"Person","@id":"https:\/\/aconteceunovale.com.br\/portal\/#\/schema\/person\/633529146f2c94272bef50ac2953d589","name":"Aconteceu no Vale","description":"Equipe de reportagem do Aconteceu no Vale, portal de not\u00edcias do Vale do Jequitinhonha, em Minas Gerais. Cobrimos as 51 cidades do Vale desde 2013. Sugest\u00f5es de pauta e pedidos de corre\u00e7\u00e3o: contato@aconteceunovale.com.br","sameAs":["http:\/\/www.aconteceunovale.com.br"],"url":"https:\/\/aconteceunovale.com.br\/portal\/?author=1"}]}},"_links":{"self":[{"href":"https:\/\/aconteceunovale.com.br\/portal\/index.php?rest_route=\/wp\/v2\/posts\/13838","targetHints":{"allow":["GET"]}}],"collection":[{"href":"https:\/\/aconteceunovale.com.br\/portal\/index.php?rest_route=\/wp\/v2\/posts"}],"about":[{"href":"https:\/\/aconteceunovale.com.br\/portal\/index.php?rest_route=\/wp\/v2\/types\/post"}],"author":[{"embeddable":true,"href":"https:\/\/aconteceunovale.com.br\/portal\/index.php?rest_route=\/wp\/v2\/users\/1"}],"replies":[{"embeddable":true,"href":"https:\/\/aconteceunovale.com.br\/portal\/index.php?rest_route=%2Fwp%2Fv2%2Fcomments&post=13838"}],"version-history":[{"count":1,"href":"https:\/\/aconteceunovale.com.br\/portal\/index.php?rest_route=\/wp\/v2\/posts\/13838\/revisions"}],"predecessor-version":[{"id":199314,"href":"https:\/\/aconteceunovale.com.br\/portal\/index.php?rest_route=\/wp\/v2\/posts\/13838\/revisions\/199314"}],"wp:featuredmedia":[{"embeddable":true,"href":"https:\/\/aconteceunovale.com.br\/portal\/index.php?rest_route=\/wp\/v2\/media\/13843"}],"wp:attachment":[{"href":"https:\/\/aconteceunovale.com.br\/portal\/index.php?rest_route=%2Fwp%2Fv2%2Fmedia&parent=13838"}],"wp:term":[{"taxonomy":"category","embeddable":true,"href":"https:\/\/aconteceunovale.com.br\/portal\/index.php?rest_route=%2Fwp%2Fv2%2Fcategories&post=13838"},{"taxonomy":"post_tag","embeddable":true,"href":"https:\/\/aconteceunovale.com.br\/portal\/index.php?rest_route=%2Fwp%2Fv2%2Ftags&post=13838"}],"curies":[{"name":"wp","href":"https:\/\/api.w.org\/{rel}","templated":true}]}}