{"id":138336,"date":"2018-11-06T21:39:56","date_gmt":"2018-11-06T23:39:56","guid":{"rendered":"http:\/\/aconteceunovale.com.br\/portal\/?p=138336"},"modified":"2018-11-06T21:39:56","modified_gmt":"2018-11-06T23:39:56","slug":"traficante-e-condenado-por-mandar-matar-empresario-em-montes-claros","status":"publish","type":"post","link":"https:\/\/aconteceunovale.com.br\/portal\/?p=138336","title":{"rendered":"Traficante \u00e9 condenado por mandar matar empres\u00e1rio em Montes Claros"},"content":{"rendered":"<p>O Tribunal de Justi\u00e7a de Minas Gerais (TJMG) condenou o traficante Valdemir Tavares da Silva Filho, conhecido por Malboro, a seis anos de pris\u00e3o pela participa\u00e7\u00e3o na morte de um empres\u00e1rio de Montes Claros. Fernando da Silva Mendon\u00e7a, de 24 anos, foi assassinado no dia 27 de dezembro de 2016. Malboro j\u00e1 cumpria pena por outros homic\u00eddios, mas foi responsabilizado por mandar matar a v\u00edtima de dentro da cadeia; ele foi a j\u00fari popular nesta ter\u00e7a (06\/11\/2018) no F\u00f3rum Gon\u00e7alves Chaves.<\/p>\n<p>Valdemir Filho e outras quatro pessoas s\u00e3o acusadas pelo crime. Como o caso foi desmembrado em processos distintos, Malboro foi o primeiro a ser condenado. Segundo a defesa, ele vai cumprir pena pelo crime de homic\u00eddio privilegiado, quando se mata algu\u00e9m movido por relevante valor social e moral. A defesa defendeu, na tese apresentada em j\u00fari, que Valdemir mandou matar o empres\u00e1rio Fernando Mendon\u00e7a porque ele era casado com uma sobrinha dele e a agredia em casa.<\/p>\n<p>\u201cEra um caso de viol\u00eancia dom\u00e9stica. Ele teria mandado matar o rapaz por conta das agress\u00f5es que cometia contra a sobrinha dele, que criou como pr\u00f3pria filha. Por isso entendeu-se que \u00e9 um homic\u00eddio privilegiado\u201d, afirma o advogado Warlen Freire.<\/p>\n<p>A defesa afirmou ainda que Malboro est\u00e1 preso h\u00e1 10 anos, desde 7 de janeiro de 2008. Os outros crimes pelos quais o traficante responde j\u00e1 foram julgados. Ao todo, s\u00e3o dois homic\u00eddios e uma tentativa do mesmo crime, al\u00e9m do homic\u00eddio privilegiado que foi a j\u00fari nesta ter\u00e7a. Agora, a condena\u00e7\u00e3o deve ser acrescida \u00e0s outras penas. A defesa n\u00e3o soube precisar por mais quantos anos Malboro cumprir\u00e1 pena por n\u00e3o ser respons\u00e1vel por todos os casos dele.<\/p>\n<p><img decoding=\"async\" src=\"http:\/\/aconteceunovale.com.br\/portal\/wp-content\/uploads\/2016\/12\/latrocinio_moc_2.jpg\" alt=\"\" \/><em>Fernando da Silva foi assassinado no dia 27\/12\/2016 (Foto: Reprodu\u00e7\u00e3o\/Eventos MOC)<\/em><br \/>\n<\/br><\/p>\n<p><strong>Envolvimento em homic\u00eddios<\/strong><\/p>\n<p>H\u00e1 cinco anos, Valdemir Tavares da Silva Filho foi condenado a 18 anos e 8 meses de pena por coautoria de um assassinato ocorrido em dezembro de 2007. A Justi\u00e7a, na \u00e9poca, o responsabilizou por ter fornecido uma pistola para que o empres\u00e1rio Jos\u00e9 Maria Botelho fosse morto a tiros.<\/p>\n<p>Em rela\u00e7\u00e3o \u00e0 morte de Fernando Mendon\u00e7a, pela qual foi julgado nesta ter\u00e7a, Malboro teria contratado um grupo para executar o crime. Em dezembro de 2016, tr\u00eas homens foram detidos por terem matado o empres\u00e1rio quando chegava a casa onde morava, no Bairro Jardim Liberdade, em Montes Claros. Uma advogada que \u00e9 esposa de um dos autores do assassinato, tamb\u00e9m foi detida com um celular, onde foram encontradas mensagens que a relacionavam ao crime.<\/p>\n<p><strong>VER PRIMEIRO<\/strong><\/p>\n<p>Receba as not\u00edcias do Aconteceu no Vale em primeira m\u00e3o. Clique em curtir no endere\u00e7o <a href=\"https:\/\/www.facebook.com\/aconteceunovale\" target=\"_blank\"><font color=\"red\">www.facebook.com\/aconteceunovale<\/font><\/a> ou no box abaixo:<\/p>\n<div class=\"fb-like\" data-href=\"https:\/\/www.facebook.com\/aconteceunovale\" data-width=\"120\" data-layout=\"standard\" data-action=\"like\" data-size=\"small\" data-show-faces=\"true\" data-share=\"true\"><\/div>\n<p><\/br><\/p>\n<p><em>(Fonte: G1 Grande Minas)<\/em><\/p>\n","protected":false},"excerpt":{"rendered":"<p>O Tribunal de Justi\u00e7a de Minas Gerais (TJMG) condenou o traficante Valdemir Tavares da Silva Filho, conhecido por Malboro, a seis anos de pris\u00e3o pela participa\u00e7\u00e3o na morte de um empres\u00e1rio de Montes Claros. Fernando da Silva Mendon\u00e7a, de 24 anos, foi assassinado no dia 27 de dezembro de 2016. Malboro j\u00e1 cumpria pena por [&hellip;]<\/p>\n","protected":false},"author":1,"featured_media":105581,"comment_status":"open","ping_status":"closed","sticky":false,"template":"","format":"standard","meta":{"amp_status":"","footnotes":""},"categories":[1236],"tags":[185272,185273,185270,210,181259,270,185274,185271,92646,134355],"class_list":["post-138336","post","type-post","status-publish","format-standard","has-post-thumbnail","hentry","category-norte_de_minas","tag-fernando-da-silva-mendonca","tag-jose-maria-botelho","tag-malboro","tag-montes-claros","tag-morte-de-empresario-em-montes-claros","tag-tjmg","tag-traficante-e-condenado-por-mandar-matar-empresario-em-montes-claros","tag-traficante-malboro","tag-tribunal-de-justica-de-minas-gerais","tag-valdemir-tavares-da-silva-filho"],"_links":{"self":[{"href":"https:\/\/aconteceunovale.com.br\/portal\/index.php?rest_route=\/wp\/v2\/posts\/138336","targetHints":{"allow":["GET"]}}],"collection":[{"href":"https:\/\/aconteceunovale.com.br\/portal\/index.php?rest_route=\/wp\/v2\/posts"}],"about":[{"href":"https:\/\/aconteceunovale.com.br\/portal\/index.php?rest_route=\/wp\/v2\/types\/post"}],"author":[{"embeddable":true,"href":"https:\/\/aconteceunovale.com.br\/portal\/index.php?rest_route=\/wp\/v2\/users\/1"}],"replies":[{"embeddable":true,"href":"https:\/\/aconteceunovale.com.br\/portal\/index.php?rest_route=%2Fwp%2Fv2%2Fcomments&post=138336"}],"version-history":[{"count":0,"href":"https:\/\/aconteceunovale.com.br\/portal\/index.php?rest_route=\/wp\/v2\/posts\/138336\/revisions"}],"wp:featuredmedia":[{"embeddable":true,"href":"https:\/\/aconteceunovale.com.br\/portal\/index.php?rest_route=\/wp\/v2\/media\/105581"}],"wp:attachment":[{"href":"https:\/\/aconteceunovale.com.br\/portal\/index.php?rest_route=%2Fwp%2Fv2%2Fmedia&parent=138336"}],"wp:term":[{"taxonomy":"category","embeddable":true,"href":"https:\/\/aconteceunovale.com.br\/portal\/index.php?rest_route=%2Fwp%2Fv2%2Fcategories&post=138336"},{"taxonomy":"post_tag","embeddable":true,"href":"https:\/\/aconteceunovale.com.br\/portal\/index.php?rest_route=%2Fwp%2Fv2%2Ftags&post=138336"}],"curies":[{"name":"wp","href":"https:\/\/api.w.org\/{rel}","templated":true}]}}