{"id":138333,"date":"2018-11-06T21:29:30","date_gmt":"2018-11-06T23:29:30","guid":{"rendered":"http:\/\/aconteceunovale.com.br\/portal\/?p=138333"},"modified":"2018-11-06T21:29:30","modified_gmt":"2018-11-06T23:29:30","slug":"gemeos-que-tentaram-fraudar-prova-do-enem-sao-liberados-de-presidio-em-montes-claros","status":"publish","type":"post","link":"https:\/\/aconteceunovale.com.br\/portal\/?p=138333","title":{"rendered":"G\u00eameos que tentaram fraudar prova do Enem s\u00e3o liberados de pres\u00eddio em Montes Claros"},"content":{"rendered":"<p>Os dois irm\u00e3os g\u00eameos, que foram presos tentando fraudar o Enem, foram soltos do Pres\u00eddio Regional de Montes Claros no in\u00edcio da tarde desta ter\u00e7a-feira (06\/11\/2018). Os rapazes, de 22 anos, foram flagrados e presos no \u00faltimo domingo (4) por utilizarem pontos eletr\u00f4nicos, celulares e documentos falsos enquanto prestavam a prova. Menos de 48 horas depois, a Justi\u00e7a Federal concedeu liberdade provis\u00f3ria aos envolvidos sem pagamento de fian\u00e7a.<\/p>\n<p>Na decis\u00e3o, o juiz federal Jefferson Ferreira Rodrigues afirma que n\u00e3o se trata de \u201crelaxamento de pris\u00e3o em flagrante\u201d. Rodrigues afirma que h\u00e1 legalidade do ato prisional, mas que os irm\u00e3os n\u00e3o precisam aguardar, presos, a decis\u00e3o judicial definitiva, uma vez que n\u00e3o considera que a liberdade deles ofere\u00e7a riscos \u00e0 ordem p\u00fablica.<\/p>\n<p>\u201cA pris\u00e3o cautelar \u00e9 medida de exce\u00e7\u00e3o e apenas se justifica quando a liberdade do agente do fato t\u00edpico penal doloso punido com reclus\u00e3o atentar contra a ordem p\u00fablica ou econ\u00f4mica, obstar ou tumultuar a instru\u00e7\u00e3o criminal, ou frustrar a aplica\u00e7\u00e3o da lei penal, demonstrados a materialidade do crime e os ind\u00edcios bastantes de sua autoria. [&#8230;] O delito supostamente perpetrado pelos custodiados, embora reprov\u00e1vel, n\u00e3o envolveu viol\u00eancia ou grave amea\u00e7a a pessoa. Rigorosamente, portanto, n\u00e3o se trata de indiv\u00edduos que trazem perigo \u00e0 sociedade, caso postos em liberdade, inclusive porque ausentes nos autos registro de antecedentes criminais\u201d, afirma o juiz na decis\u00e3o.<\/p>\n<p>Para que aguardem fora da pris\u00e3o, os g\u00eameos devem cumprir alguns requisitos descritos na senten\u00e7a pelo juiz federal Jefferson Rodrigues. Para o magistrado, as medidas garantem que a ordem p\u00fablica seja mantida. Eles v\u00e3o ser obrigados a comparecer em ju\u00edzo a cada 15 dias nos dois primeiros meses, para informarem e justificarem as atividades que t\u00eam desenvolvido; est\u00e3o proibidos de se ausentarem de Montes Claros por mais de 10 dias sem autoriza\u00e7\u00e3o, devem comparecer a todos os atos processuais e n\u00e3o podem se mudar de resid\u00eancia sem autoriza\u00e7\u00e3o.<\/p>\n<p>Sobre a dispensa de pagamento de fian\u00e7a, a justi\u00e7a entendeu que os dois n\u00e3o t\u00eam renda fixa e s\u00e3o estudantes, portanto n\u00e3o teriam condi\u00e7\u00f5es de pagar para que recebessem a libera\u00e7\u00e3o.<\/p>\n<p><img decoding=\"async\" src=\"http:\/\/aconteceunovale.com.br\/portal\/wp-content\/uploads\/2018\/11\/gemeos_moc.jpg\" alt=\"\" \/><em>G\u00eameos foram liberados do Pres\u00eddio Regional de Montes Claros \u2014 Foto: Leonardo Queiroz\/G1<\/em><br \/>\n<\/br><\/p>\n<h4>Entenda o caso<\/h4>\n<p>Os dois irm\u00e3os g\u00eameos foram flagrados durante tentativa de fraude na prova do Enem do \u00faltimo domingo (4). A dupla estava no mesmo local de aplica\u00e7\u00e3o de prova e na mesma sala, na Escola Estadual Arm\u00eanio Veloso, no Bairro de Lourdes. Com eles foram apreendidos ponto eletr\u00f4nico, celulares, fones de ouvidos e documentos de identidade falsos.<\/p>\n<p>Em coletiva, a PF afirmou que pediu per\u00edcia dos equipamentos para saber se existem outros envolvidos no crime. No depoimento, os g\u00eameos afirmaram ainda que estavam trabalhando e n\u00e3o estavam totalmente focados na realiza\u00e7\u00e3o da prova, e um deles pretende cursar medicina.<\/p>\n<p>Na decis\u00e3o publicada pela Justi\u00e7a Federal nessa segunda (6), o juiz detalhou parte do esquema planejado pelos g\u00eameos. Na decis\u00e3o, ele descreve que um dos suspeitos foi surpreendido por fiscais do Enem com o ponto eletr\u00f4nico ligado a um celular. O outro irm\u00e3o apenas foi descoberto porque demonstrou nervosismo, quando foi flagrado com um celular fixado \u00e0 perna e identidades estudantis falsas.<\/p>\n<p>\u201cO irm\u00e3o asseverou que sua inten\u00e7\u00e3o era \u2018passar cola\u2019 da prova do ENEM para o outro, por interm\u00e9dio de um ponto eletr\u00f4nico escamoteado em seu ouvido e em um colar, adquiridos na Internet. Pretendia fazer a prova o mais r\u00e1pido poss\u00edvel e, fora da escola, fazer uma liga\u00e7\u00e3o para o telefone e ponto eletr\u00f4nico que seu irm\u00e3o portava. O segundo envolvido ratificou a vers\u00e3o dos fatos dada, acrescendo que adquiriu o mecanismo por R$ 300 e que o haviam testado com sucesso anteriormente, embora tivesse se esquecido de inserir baterias naquele dia, sem as quais o ponto n\u00e3o funcionaria\u201d, detalha decis\u00e3o.<\/p>\n<p><strong>VER PRIMEIRO<\/strong><\/p>\n<p>Receba as not\u00edcias do Aconteceu no Vale em primeira m\u00e3o. Clique em curtir no endere\u00e7o <a href=\"https:\/\/www.facebook.com\/aconteceunovale\" target=\"_blank\"><font color=\"red\">www.facebook.com\/aconteceunovale<\/font><\/a> ou no box abaixo:<\/p>\n<div class=\"fb-like\" data-href=\"https:\/\/www.facebook.com\/aconteceunovale\" data-width=\"120\" data-layout=\"standard\" data-action=\"like\" data-size=\"small\" data-show-faces=\"true\" data-share=\"true\"><\/div>\n<p><\/br><\/p>\n<p><em>(Fonte: G1 Grande Minas)<\/em><\/p>\n","protected":false},"excerpt":{"rendered":"<p>Os dois irm\u00e3os g\u00eameos, que foram presos tentando fraudar o Enem, foram soltos do Pres\u00eddio Regional de Montes Claros no in\u00edcio da tarde desta ter\u00e7a-feira (06\/11\/2018). Os rapazes, de 22 anos, foram flagrados e presos no \u00faltimo domingo (4) por utilizarem pontos eletr\u00f4nicos, celulares e documentos falsos enquanto prestavam a prova. Menos de 48 horas [&hellip;]<\/p>\n","protected":false},"author":1,"featured_media":138334,"comment_status":"open","ping_status":"closed","sticky":false,"template":"","format":"standard","meta":{"amp_status":"","footnotes":""},"categories":[40238,1236],"tags":[184973,1018,524,171626,184975,184971,184977,185269,184976,184974,69253,210,185175,184970,184980,184981,57790,184972,184979,184978],"class_list":["post-138333","post","type-post","status-publish","format-standard","has-post-thumbnail","hentry","category-educacao-2","category-norte_de_minas","tag-candidatos-do-enem-presos-em-montes-claros","tag-destaque","tag-enem","tag-enem-2018","tag-escola-estadual-armenio-veloso","tag-estudantes-presos-em-montes-claros","tag-fraude-prova-do-enem","tag-gemeos-que-tentaram-fraudar-prova-do-enem-sao-liberados-de-presidio-em-montes-claros","tag-irmaos-gemeos-que-tentavam-fraudar-prova-do-enem-sao-presos-em-montes-claros","tag-marcos-ramos-de-jesus","tag-mateus-ramos-de-jesus","tag-montes-claros","tag-pf-vai-pedir-pericia-em-ponto-eletronico-usado-por-irmaos-gemeos-presos-durante-prova-do-enem-em-montes-claros","tag-presos-durante-enem-em-montes-claros","tag-presos-durante-prova-do-enem","tag-presos-durante-prova-do-enem-2018","tag-presos-em-montes-claros","tag-presos-enem-em-montes-claros","tag-presos-por-fraudar-prova-do-enem","tag-presos-por-fraude-em-prova-do-enem"],"_links":{"self":[{"href":"https:\/\/aconteceunovale.com.br\/portal\/index.php?rest_route=\/wp\/v2\/posts\/138333","targetHints":{"allow":["GET"]}}],"collection":[{"href":"https:\/\/aconteceunovale.com.br\/portal\/index.php?rest_route=\/wp\/v2\/posts"}],"about":[{"href":"https:\/\/aconteceunovale.com.br\/portal\/index.php?rest_route=\/wp\/v2\/types\/post"}],"author":[{"embeddable":true,"href":"https:\/\/aconteceunovale.com.br\/portal\/index.php?rest_route=\/wp\/v2\/users\/1"}],"replies":[{"embeddable":true,"href":"https:\/\/aconteceunovale.com.br\/portal\/index.php?rest_route=%2Fwp%2Fv2%2Fcomments&post=138333"}],"version-history":[{"count":0,"href":"https:\/\/aconteceunovale.com.br\/portal\/index.php?rest_route=\/wp\/v2\/posts\/138333\/revisions"}],"wp:featuredmedia":[{"embeddable":true,"href":"https:\/\/aconteceunovale.com.br\/portal\/index.php?rest_route=\/wp\/v2\/media\/138334"}],"wp:attachment":[{"href":"https:\/\/aconteceunovale.com.br\/portal\/index.php?rest_route=%2Fwp%2Fv2%2Fmedia&parent=138333"}],"wp:term":[{"taxonomy":"category","embeddable":true,"href":"https:\/\/aconteceunovale.com.br\/portal\/index.php?rest_route=%2Fwp%2Fv2%2Fcategories&post=138333"},{"taxonomy":"post_tag","embeddable":true,"href":"https:\/\/aconteceunovale.com.br\/portal\/index.php?rest_route=%2Fwp%2Fv2%2Ftags&post=138333"}],"curies":[{"name":"wp","href":"https:\/\/api.w.org\/{rel}","templated":true}]}}