{"id":138122,"date":"2018-11-04T10:59:08","date_gmt":"2018-11-04T12:59:08","guid":{"rendered":"http:\/\/aconteceunovale.com.br\/portal\/?p=138122"},"modified":"2018-11-04T10:59:08","modified_gmt":"2018-11-04T12:59:08","slug":"hospital-de-turmalina-anuncia-medidas-extremas-devido-a-falta-de-recursos-prefeitura-municipal-divulga-nota-de-esclarecimento","status":"publish","type":"post","link":"https:\/\/aconteceunovale.com.br\/portal\/?p=138122","title":{"rendered":"Hospital de Turmalina anuncia medidas extremas devido \u00e0 falta de recursos; Prefeitura Municipal divulga nota de esclarecimento"},"content":{"rendered":"<p>A dire\u00e7\u00e3o do Hospital S\u00e3o Vicente de Paula, em Turmalina, no Vale do Jequitinhonha, divulgou na semana passada que, devido \u00e0 falta de repasses e de investimentos por parte da Prefeitura Municipal, a unidade de sa\u00fade adotar\u00e1 medidas extremas, como restri\u00e7\u00f5es e racionamento no atendimento aos mun\u00edcipes.<\/p>\n<p>Em uma mensagem compartilhada em um aplicativo de mensagens, a informa\u00e7\u00e3o \u00e9 de que a Prefeitura j\u00e1 teria uma d\u00edvida de R$ 414.000,00 (quatrocentos e quatorze mil reais) com a unidade hospitalar.  <\/p>\n<p>Ap\u00f3s a manifesta\u00e7\u00e3o da dire\u00e7\u00e3o do Hospital S\u00e3o Vicente, no dia 1\u00ba de novembro, a Prefeitura Municipal de Turmalina divulgou nota com o intuito de esclarecer que n\u00e3o possui d\u00edvida com a unidade hospitalar e informou ainda que n\u00e3o recebeu repasses para o Fundo Estadual de Sa\u00fade e do Fundo Estadual de Assist\u00eancia Social, com isso, a d\u00edvida atinge o valor de R$ 12.352.936.47 (doze milh\u00f5es, trezentos e cinquenta e dois mil, novecentos e trinta e oito reais e quarenta e sete centavos).<\/p>\n<p>Segundo a nota da Prefeitura, Turmalina est\u00e1 declarada em \u201cEstado de Emerg\u00eancia Financeira\u201d por cento e vinte dias a partir de uma publica\u00e7\u00e3o feita no \u00faltimo dia 18 de outubro.<\/p>\n<p>Leia a nota da Prefeitura:<\/p>\n<p><img decoding=\"async\" src=\"http:\/\/aconteceunovale.com.br\/portal\/wp-content\/uploads\/2018\/11\/nota_prefeitura_turmalina_1.jpg\" alt=\"\" \/><img decoding=\"async\" src=\"http:\/\/aconteceunovale.com.br\/portal\/wp-content\/uploads\/2018\/11\/nota_prefeitura_turmalina_2.jpg\" alt=\"\" \/><img decoding=\"async\" src=\"http:\/\/aconteceunovale.com.br\/portal\/wp-content\/uploads\/2018\/11\/nota_prefeitura_turmalina_3.jpg\" alt=\"\" \/><br \/>\n<\/br><\/p>\n<p><strong>VER PRIMEIRO<\/strong><\/p>\n<p>Receba as not\u00edcias do Aconteceu no Vale em primeira m\u00e3o. Clique em curtir no endere\u00e7o <a href=\"https:\/\/www.facebook.com\/aconteceunovale\" target=\"_blank\"><font color=\"red\">www.facebook.com\/aconteceunovale<\/font><\/a> ou no box abaixo:<\/p>\n<div class=\"fb-like\" data-href=\"https:\/\/www.facebook.com\/aconteceunovale\" data-width=\"120\" data-layout=\"standard\" data-action=\"like\" data-size=\"small\" data-show-faces=\"true\" data-share=\"true\"><\/div>\n<p><\/br><\/p>\n<p><em>(Com Conex\u00e3o Minas)<\/em><\/p>\n","protected":false},"excerpt":{"rendered":"<p>A dire\u00e7\u00e3o do Hospital S\u00e3o Vicente de Paula, em Turmalina, no Vale do Jequitinhonha, divulgou na semana passada que, devido \u00e0 falta de repasses e de investimentos por parte da Prefeitura Municipal, a unidade de sa\u00fade adotar\u00e1 medidas extremas, como restri\u00e7\u00f5es e racionamento no atendimento aos mun\u00edcipes. Em uma mensagem compartilhada em um aplicativo de [&hellip;]<\/p>\n","protected":false},"author":1,"featured_media":49523,"comment_status":"open","ping_status":"closed","sticky":false,"template":"","format":"standard","meta":{"amp_status":"","footnotes":""},"categories":[120],"tags":[184964,184962,184965,184963,29474,184966,29478,178],"class_list":["post-138122","post","type-post","status-publish","format-standard","has-post-thumbnail","hentry","category-jequi","tag-crise-hospital-de-turmalina","tag-crise-hospital-sao-vicente-de-paula","tag-falta-de-recursos-hospital-de-turmalina","tag-falta-de-recursos-hospital-sao-vicente-de-paula","tag-hospital-de-turmalina","tag-hospital-de-turmalina-anuncia-medidas-extremas-devido-a-falta-de-recursos-prefeitura-municipal-divulga-nota-de-esclarecimento","tag-hospital-sao-vicente-de-paula","tag-turmalina"],"_links":{"self":[{"href":"https:\/\/aconteceunovale.com.br\/portal\/index.php?rest_route=\/wp\/v2\/posts\/138122","targetHints":{"allow":["GET"]}}],"collection":[{"href":"https:\/\/aconteceunovale.com.br\/portal\/index.php?rest_route=\/wp\/v2\/posts"}],"about":[{"href":"https:\/\/aconteceunovale.com.br\/portal\/index.php?rest_route=\/wp\/v2\/types\/post"}],"author":[{"embeddable":true,"href":"https:\/\/aconteceunovale.com.br\/portal\/index.php?rest_route=\/wp\/v2\/users\/1"}],"replies":[{"embeddable":true,"href":"https:\/\/aconteceunovale.com.br\/portal\/index.php?rest_route=%2Fwp%2Fv2%2Fcomments&post=138122"}],"version-history":[{"count":0,"href":"https:\/\/aconteceunovale.com.br\/portal\/index.php?rest_route=\/wp\/v2\/posts\/138122\/revisions"}],"wp:featuredmedia":[{"embeddable":true,"href":"https:\/\/aconteceunovale.com.br\/portal\/index.php?rest_route=\/wp\/v2\/media\/49523"}],"wp:attachment":[{"href":"https:\/\/aconteceunovale.com.br\/portal\/index.php?rest_route=%2Fwp%2Fv2%2Fmedia&parent=138122"}],"wp:term":[{"taxonomy":"category","embeddable":true,"href":"https:\/\/aconteceunovale.com.br\/portal\/index.php?rest_route=%2Fwp%2Fv2%2Fcategories&post=138122"},{"taxonomy":"post_tag","embeddable":true,"href":"https:\/\/aconteceunovale.com.br\/portal\/index.php?rest_route=%2Fwp%2Fv2%2Ftags&post=138122"}],"curies":[{"name":"wp","href":"https:\/\/api.w.org\/{rel}","templated":true}]}}