{"id":138107,"date":"2018-11-04T08:48:04","date_gmt":"2018-11-04T10:48:04","guid":{"rendered":"http:\/\/aconteceunovale.com.br\/portal\/?p=138107"},"modified":"2018-11-04T08:48:04","modified_gmt":"2018-11-04T10:48:04","slug":"dois-motociclistas-morrem-em-acidentes-na-br-116-no-leste-de-minas","status":"publish","type":"post","link":"https:\/\/aconteceunovale.com.br\/portal\/?p=138107","title":{"rendered":"Dois motociclistas morrem em acidentes na BR-116, no Leste de Minas"},"content":{"rendered":"<p>Um jovem de 21 anos morreu em um acidente na madrugada deste domingo (04\/11\/2018) na BR-116, munic\u00edpio de Santa Rita de Minas, no Vale do Rio Doce. A colis\u00e3o entre um ve\u00edculo de t\u00e1xi VW\/Voyage e uma motocicleta, ambos licenciados em Santa B\u00e1rbara do Leste, aconteceu na altura do km 540 da rodovia, pr\u00f3ximo a f\u00e1brica Petisco &#038; Mara, por volta das 3h30.<\/p>\n<p>O condutor da moto, que foi identificado como Rodrigo Rosa Ferreira, ficou gravemente ferido e veio a \u00f3bito ainda no local. Uma equipe do Grupamento Anjos de Resgate compareceu ao local, mas a v\u00edtima j\u00e1 estava sem sinais vitais. J\u00e1 o condutor do carro, segundo a equipe de resgate, n\u00e3o foi encontrado no local.<\/p>\n<p>Equipes da Pol\u00edcia Rodovi\u00e1ria Federal (PRF) e da Pol\u00edcia Civil foram acionadas para controle do tr\u00e2nsito e in\u00edcio das apura\u00e7\u00f5es do acidente.<\/p>\n<p><img decoding=\"async\" src=\"http:\/\/aconteceunovale.com.br\/portal\/wp-content\/uploads\/2018\/11\/acidente_moto_1.jpg\" alt=\"\" \/><em>Acidente aconteceu no km 540 da BR-116 (Foto: Super Canal\/Facebook)<\/em><br \/>\n<\/br><\/p>\n<p><img decoding=\"async\" src=\"http:\/\/aconteceunovale.com.br\/portal\/wp-content\/uploads\/2018\/11\/acidente_moto_2.jpg\" alt=\"\" \/><em>Acidente aconteceu no km 540 da BR-116 (Foto: Super Canal\/Facebook)<\/em><br \/>\n<\/br><\/p>\n<p><img decoding=\"async\" src=\"http:\/\/aconteceunovale.com.br\/portal\/wp-content\/uploads\/2018\/11\/acidente_moto_3.jpg\" alt=\"\" \/><em>Acidente aconteceu no km 540 da BR-116 (Foto: Super Canal\/Facebook)<\/em><br \/>\n<\/br><\/p>\n<p><img decoding=\"async\" src=\"http:\/\/aconteceunovale.com.br\/portal\/wp-content\/uploads\/2018\/11\/acidente_moto_4.jpg\" alt=\"\" \/><em>Acidente aconteceu no km 540 da BR-116 (Foto: Super Canal\/Facebook)<\/em><br \/>\n<\/br><\/p>\n<p><img decoding=\"async\" src=\"http:\/\/aconteceunovale.com.br\/portal\/wp-content\/uploads\/2018\/11\/acidente_moto_5.jpg\" alt=\"\" \/><em>Acidente aconteceu no km 540 da BR-116 (Foto: Super Canal\/Facebook)<\/em><br \/>\n<\/br><\/p>\n<p><strong><\/p>\n<h3>Outro acidente<\/h3>\n<p><\/strong><\/p>\n<p>O motociclista Robson Geraldo Ferreira, de 31 anos, morreu em um acidente na altura do km 531 da BR-116, pr\u00f3ximo a Caratinga, no Vale do Rio Doce. A v\u00edtima pilotava uma moto, placa de Raul Soares, no sentido Santa Rita de Minas, quando teria perdido o controle direcional e colidido contra o meio-fio.<\/p>\n<p>Uma equipe do Grupamento Anjos de Resgate foi acionada, mas quando chegaram ao local, a v\u00edtima j\u00e1 estava sem sinais vitais. Segundo informa\u00e7\u00f5es, a v\u00edtima trabalhava com entregas em Caratinga e residia em Santa Rita de Minas.<\/p>\n<p><img decoding=\"async\" src=\"http:\/\/aconteceunovale.com.br\/portal\/wp-content\/uploads\/2018\/11\/acidente_moto_6.jpg\" alt=\"\" \/><em>Moto colidiu contra meio-fio no km 531 (Foto: Super Canal\/Facebook)<\/em><br \/>\n<\/br><\/p>\n<p><strong>VER PRIMEIRO<\/strong><\/p>\n<p>Receba as not\u00edcias do Aconteceu no Vale em primeira m\u00e3o. Clique em curtir no endere\u00e7o <a href=\"https:\/\/www.facebook.com\/aconteceunovale\" target=\"_blank\"><font color=\"red\">www.facebook.com\/aconteceunovale<\/font><\/a> ou no box abaixo:<\/p>\n<div class=\"fb-like\" data-href=\"https:\/\/www.facebook.com\/aconteceunovale\" data-width=\"120\" data-layout=\"standard\" data-action=\"like\" data-size=\"small\" data-show-faces=\"true\" data-share=\"true\"><\/div>\n<p><\/br><\/p>\n<p><em>(Com informa\u00e7\u00f5es do Super Canal)<\/em><\/p>\n","protected":false},"excerpt":{"rendered":"<p>Um jovem de 21 anos morreu em um acidente na madrugada deste domingo (04\/11\/2018) na BR-116, munic\u00edpio de Santa Rita de Minas, no Vale do Rio Doce. A colis\u00e3o entre um ve\u00edculo de t\u00e1xi VW\/Voyage e uma motocicleta, ambos licenciados em Santa B\u00e1rbara do Leste, aconteceu na altura do km 540 da rodovia, pr\u00f3ximo a [&hellip;]<\/p>\n","protected":false},"author":1,"featured_media":138108,"comment_status":"open","ping_status":"closed","sticky":false,"template":"","format":"standard","meta":{"amp_status":"","footnotes":""},"categories":[121],"tags":[184947,156813,184948,184946,132937,99865,184951,184952,182,237,184953,8225,50751,184950,184949,311,313],"class_list":["post-138107","post","type-post","status-publish","format-standard","has-post-thumbnail","hentry","category-leste","tag-acidente-com-moto-de-santa-barbara-do-leste","tag-acidente-com-moto-na-br-116","tag-acidente-com-taxi-de-santa-barbara-do-leste","tag-acidente-com-taxi-na-br-116","tag-acidente-em-santa-rita-de-minas","tag-acidente-entre-carro-e-moto-na-br-116","tag-acidente-perto-de-caratinga","tag-acidente-proximo-a-caratinga","tag-br-116","tag-caratinga","tag-dois-motociclistas-morrem-em-acidentes-na-br-116","tag-motociclista-morre-em-acidente-na-br-116","tag-no-leste-de-minas","tag-robson-geraldo-ferreira","tag-rodrigo-rosa-ferreira","tag-santa-barbara-do-leste","tag-santa-rita-de-minas"],"_links":{"self":[{"href":"https:\/\/aconteceunovale.com.br\/portal\/index.php?rest_route=\/wp\/v2\/posts\/138107","targetHints":{"allow":["GET"]}}],"collection":[{"href":"https:\/\/aconteceunovale.com.br\/portal\/index.php?rest_route=\/wp\/v2\/posts"}],"about":[{"href":"https:\/\/aconteceunovale.com.br\/portal\/index.php?rest_route=\/wp\/v2\/types\/post"}],"author":[{"embeddable":true,"href":"https:\/\/aconteceunovale.com.br\/portal\/index.php?rest_route=\/wp\/v2\/users\/1"}],"replies":[{"embeddable":true,"href":"https:\/\/aconteceunovale.com.br\/portal\/index.php?rest_route=%2Fwp%2Fv2%2Fcomments&post=138107"}],"version-history":[{"count":0,"href":"https:\/\/aconteceunovale.com.br\/portal\/index.php?rest_route=\/wp\/v2\/posts\/138107\/revisions"}],"wp:featuredmedia":[{"embeddable":true,"href":"https:\/\/aconteceunovale.com.br\/portal\/index.php?rest_route=\/wp\/v2\/media\/138108"}],"wp:attachment":[{"href":"https:\/\/aconteceunovale.com.br\/portal\/index.php?rest_route=%2Fwp%2Fv2%2Fmedia&parent=138107"}],"wp:term":[{"taxonomy":"category","embeddable":true,"href":"https:\/\/aconteceunovale.com.br\/portal\/index.php?rest_route=%2Fwp%2Fv2%2Fcategories&post=138107"},{"taxonomy":"post_tag","embeddable":true,"href":"https:\/\/aconteceunovale.com.br\/portal\/index.php?rest_route=%2Fwp%2Fv2%2Ftags&post=138107"}],"curies":[{"name":"wp","href":"https:\/\/api.w.org\/{rel}","templated":true}]}}