{"id":138077,"date":"2018-11-03T12:45:26","date_gmt":"2018-11-03T14:45:26","guid":{"rendered":"http:\/\/aconteceunovale.com.br\/portal\/?p=138077"},"modified":"2018-11-03T12:48:57","modified_gmt":"2018-11-03T14:48:57","slug":"caminhoneiro-morre-em-acidente-na-br-381-proximo-a-antonio-dias","status":"publish","type":"post","link":"https:\/\/aconteceunovale.com.br\/portal\/?p=138077","title":{"rendered":"Caminhoneiro morre em acidente na BR-381, pr\u00f3ximo a Ant\u00f4nio Dias"},"content":{"rendered":"<p>Um motorista de 39 anos morreu na noite dessa sexta-feira (02\/11\/2018) ap\u00f3s o caminh\u00e3o que conduzia ser atingido frontalmente por uma carreta, que seguia no sentido contr\u00e1rio da BR-381, pr\u00f3ximo ao Viaduto da Prainha, em Ant\u00f4nio Dias, na regi\u00e3o Leste de Minas Gerais. Segundo informa\u00e7\u00f5es do Corpo de Bombeiros em Tim\u00f3teo, que atendeu a ocorr\u00eancia, Val\u00e9rio Farias Barbosa n\u00e3o resistiu aos graves ferimentos e veio a \u00f3bito ainda no local.<\/p>\n<p>De acordo com a Pol\u00edcia Rodovi\u00e1ria Federal, o motorista da carreta invadiu a contram\u00e3o para desviar de um objeto que estava na rodovia, na altura do km 311, mas acabou atingido o caminh\u00e3o que vinha no outro lado da pista. O condutor da carreta, de 29 anos, ficou ferido e foi levado para o Hospital Margarida, em Jo\u00e3o Monlevade. As causas do acidente ser\u00e3o investigadas.<\/p>\n<p><img decoding=\"async\" src=\"http:\/\/aconteceunovale.com.br\/portal\/wp-content\/uploads\/2018\/11\/acidente_381.jpeg\" alt=\"\" \/><em>Acidente aconteceu na BR-381 \u2014 Foto: Corpo de Bombeiros\/Divulga\u00e7\u00e3o<\/em><br \/>\n<\/br><\/p>\n<p><strong>VER PRIMEIRO<\/strong><\/p>\n<p>Receba as not\u00edcias do Aconteceu no Vale em primeira m\u00e3o. Clique em curtir no endere\u00e7o <a href=\"https:\/\/www.facebook.com\/aconteceunovale\" target=\"_blank\"><font color=\"red\">www.facebook.com\/aconteceunovale<\/font><\/a> ou no box abaixo:<\/p>\n<div class=\"fb-like\" data-href=\"https:\/\/www.facebook.com\/aconteceunovale\" data-width=\"120\" data-layout=\"standard\" data-action=\"like\" data-size=\"small\" data-show-faces=\"true\" data-share=\"true\"><\/div>\n<p><\/br><\/p>\n<p><em>(Fonte: G1 Vales)<\/em><\/p>\n","protected":false},"excerpt":{"rendered":"<p>Um motorista de 39 anos morreu na noite dessa sexta-feira (02\/11\/2018) ap\u00f3s o caminh\u00e3o que conduzia ser atingido frontalmente por uma carreta, que seguia no sentido contr\u00e1rio da BR-381, pr\u00f3ximo ao Viaduto da Prainha, em Ant\u00f4nio Dias, na regi\u00e3o Leste de Minas Gerais. Segundo informa\u00e7\u00f5es do Corpo de Bombeiros em Tim\u00f3teo, que atendeu a ocorr\u00eancia, [&hellip;]<\/p>\n","protected":false},"author":1,"featured_media":138078,"comment_status":"open","ping_status":"closed","sticky":false,"template":"","format":"standard","meta":{"amp_status":"","footnotes":""},"categories":[121],"tags":[184906,145674,156075,22744,184902,101829,8237,125458,194,1017,1397,184907,24210,184904,41268,1102,184903,1105,184905],"class_list":["post-138077","post","type-post","status-publish","format-standard","has-post-thumbnail","hentry","category-leste","tag-acidente-carreta-de-itapeva","tag-acidente-com-caminhao-de-belo-horizonte","tag-acidente-com-caminhao-na-br-381","tag-acidente-em-antonio-dias","tag-acidente-entre-carreta-e-caminhao-na-br-381","tag-acidente-na-br-381-em-antonio-dias","tag-acidente-na-br-381","tag-acidente-proximo-a-antonio-dias","tag-belo-horizonte","tag-bh","tag-br-381","tag-caminhao-de-belo-horizonte","tag-caminhoneiro-morre-em-acidente-na-br-381","tag-caminhoneiro-morre-em-acidente-na-br-381-proximo-a-antonio-dias","tag-itapeva","tag-joao-monlevade","tag-proximo-a-antonio-dias","tag-timoteo","tag-valerio-farias-barbosa"],"_links":{"self":[{"href":"https:\/\/aconteceunovale.com.br\/portal\/index.php?rest_route=\/wp\/v2\/posts\/138077","targetHints":{"allow":["GET"]}}],"collection":[{"href":"https:\/\/aconteceunovale.com.br\/portal\/index.php?rest_route=\/wp\/v2\/posts"}],"about":[{"href":"https:\/\/aconteceunovale.com.br\/portal\/index.php?rest_route=\/wp\/v2\/types\/post"}],"author":[{"embeddable":true,"href":"https:\/\/aconteceunovale.com.br\/portal\/index.php?rest_route=\/wp\/v2\/users\/1"}],"replies":[{"embeddable":true,"href":"https:\/\/aconteceunovale.com.br\/portal\/index.php?rest_route=%2Fwp%2Fv2%2Fcomments&post=138077"}],"version-history":[{"count":0,"href":"https:\/\/aconteceunovale.com.br\/portal\/index.php?rest_route=\/wp\/v2\/posts\/138077\/revisions"}],"wp:featuredmedia":[{"embeddable":true,"href":"https:\/\/aconteceunovale.com.br\/portal\/index.php?rest_route=\/wp\/v2\/media\/138078"}],"wp:attachment":[{"href":"https:\/\/aconteceunovale.com.br\/portal\/index.php?rest_route=%2Fwp%2Fv2%2Fmedia&parent=138077"}],"wp:term":[{"taxonomy":"category","embeddable":true,"href":"https:\/\/aconteceunovale.com.br\/portal\/index.php?rest_route=%2Fwp%2Fv2%2Fcategories&post=138077"},{"taxonomy":"post_tag","embeddable":true,"href":"https:\/\/aconteceunovale.com.br\/portal\/index.php?rest_route=%2Fwp%2Fv2%2Ftags&post=138077"}],"curies":[{"name":"wp","href":"https:\/\/api.w.org\/{rel}","templated":true}]}}