{"id":138069,"date":"2018-11-02T22:24:38","date_gmt":"2018-11-03T00:24:38","guid":{"rendered":"http:\/\/aconteceunovale.com.br\/portal\/?p=138069"},"modified":"2018-11-02T22:33:48","modified_gmt":"2018-11-03T00:33:48","slug":"governo-de-minas-ja-recebe-inscricoes-para-o-processo-de-designacao-2019","status":"publish","type":"post","link":"https:\/\/aconteceunovale.com.br\/portal\/?p=138069","title":{"rendered":"Governo de Minas j\u00e1 recebe inscri\u00e7\u00f5es para o processo de designa\u00e7\u00e3o 2019"},"content":{"rendered":"<p>Interessados em participar do processo de designa\u00e7\u00e3o para atuar na rede estadual de ensino em 2019 j\u00e1 podem se inscrever para a etapa preliminar para forma\u00e7\u00e3o de cadastro e classifica\u00e7\u00e3o. <\/p>\n<p>O procedimento deve ser realizado at\u00e9 12 de novembro, no site <a href=\"http:\/\/www.designaeducacao.mg.gov.br\/\" target=\"_blank\">www.designaeducacao.mg.gov.br<\/a>. O candidato poder\u00e1 realizar at\u00e9 tr\u00eas inscri\u00e7\u00f5es, de livre escolha, observando as normas vigentes para o ac\u00famulo de cargos. Vale lembrar que a inscri\u00e7\u00e3o efetivada para o munic\u00edpio permitir\u00e1 ao candidato concorrer \u00e0s vagas em todas as escolas estaduais localizadas na sede e nos distritos.<\/p>\n<p>O processo de inscri\u00e7\u00e3o ser\u00e1 composto de duas etapas, conforme per\u00edodos estabelecidos em cronograma (ver imagem). Na primeira fase, o candidato far\u00e1 sua inscri\u00e7\u00e3o, podendo alter\u00e1-la quantas vezes necessitar, durante o per\u00edodo de inscri\u00e7\u00e3o. Ao final do prazo, ser\u00e1 divulgada listagem de classifica\u00e7\u00e3o preliminar. <\/p>\n<p><img decoding=\"async\" src=\"http:\/\/aconteceunovale.com.br\/portal\/wp-content\/uploads\/2018\/11\/cronograma_designacao.jpg\" alt=\"\" \/><br \/>\n<\/br><\/p>\n<p>Na segunda etapa, que acontece de 21 a 27 de novembro de 2018, o candidato dever\u00e1 conferir na listagem de classifica\u00e7\u00e3o preliminar, os dados pessoais, o tempo de servi\u00e7o e a habilita\u00e7\u00e3o\/escolaridade, podendo alter\u00e1-los, se necess\u00e1rio, durante o per\u00edodo previsto em cronograma.<\/p>\n<p>Esgotado o prazo de altera\u00e7\u00e3o da inscri\u00e7\u00e3o, n\u00e3o ser\u00e1 permitida a modifica\u00e7\u00e3o\u00a0de dados e ser\u00e1 divulgada a listagem de classifica\u00e7\u00e3o definitiva.<\/p>\n<p>A previs\u00e3o \u00e9 de que a listagem conclusiva\u00a0seja apresentada no dia 4 de dezembro, no endere\u00e7o eletr\u00f4nico\u00a0<span style=\"color: #ff0000;\"><a href=\"http:\/\/www.designaeducacao.mg.gov.br\/\" target=\"_blank\"><span style=\"color: #ff0000;\">www.designaeducacao.mg.gov.br<\/span><\/a><\/span>, nas Superintend\u00eancias Regionais de Ensino e nas Escolas Estaduais.<\/p>\n<p>Os\u00a0crit\u00e9rios e procedimentos para inscri\u00e7\u00e3o e classifica\u00e7\u00e3o no processo de designa\u00e7\u00e3o 2019 est\u00e3o expostos na\u00a0<span style=\"color: #ff0000;\"><a href=\"http:\/\/jornal.iof.mg.gov.br\/xmlui\/handle\/123456789\/209020?paginaCorrente=10&amp;posicaoPagCorrente=209021&amp;linkBase=http%3A%2F%2Fjornal.iof.mg.gov.br%3A80%2Fxmlui%2Fhandle%2F123456789%2F&amp;totalPaginas=24&amp;paginaDestino=9&amp;indice=0\" target=\"_blank\"><span style=\"color: #ff0000;\">Resolu\u00e7\u00e3o SEE N\u00ba 3.995<\/span><\/a><\/span>, publicada no\u00a0<span style=\"color: #ff0000;\"><a href=\"http:\/\/www.iof.mg.gov.br\/\" target=\"_blank\"><span style=\"color: #ff0000;\">Di\u00e1rio Oficial de Minas Gerais<\/span><\/a><\/span>.<\/p>\n<p><strong>Designa\u00e7\u00f5es<\/strong><\/p>\n<p>As datas para a designa\u00e7\u00e3o propriamente dita n\u00e3o est\u00e3o definidas na Resolu\u00e7\u00e3o 3.995. Tanto o cronograma quanto eventuais orienta\u00e7\u00f5es complementares sobre a designa\u00e7\u00e3o ser\u00e3o divulgados oportunamente nos canais oficiais de comunica\u00e7\u00e3o da SEE e no Di\u00e1rio Oficial Minas Gerais. A novidade desta resolu\u00e7\u00e3o, no entanto, \u00e9 que ela traz os crit\u00e9rios do processo que, nos anos anteriores, eram publicados na Resolu\u00e7\u00e3o de Quadro de Escola.<\/p>\n<p>As vagas destinadas \u00e0 designa\u00e7\u00e3o dever\u00e3o ser divulgadas, por meio de editais afixados na pr\u00f3pria escola, na SRE, no site da SEE e em locais p\u00fablicos previamente definidos, com a anteced\u00eancia m\u00ednima de 72h do hor\u00e1rio previsto para sele\u00e7\u00e3o dos candidatos na chamada inicial para designa\u00e7\u00e3o.<\/p>\n<p>A designa\u00e7\u00e3o ser\u00e1 processada on-line, por Sistema Informatizado, ou presencial, diretamente nas escolas, na SRE ou em outro local p\u00fablico previamente definido, nos dias e hor\u00e1rios determinados no respectivo edital e divulgado amplamente.<\/p>\n<p>A designa\u00e7\u00e3o ser\u00e1 on-line para as seguintes fun\u00e7\u00f5es: Professor de Educa\u00e7\u00e3o B\u00e1sica \u2013 PEB Anos Iniciais Regente de Turma\/Eventual e Professor para o Ensino do Uso da Biblioteca; Analista de Educa\u00e7\u00e3o B\u00e1sica \u2013 AEB; Assistente T\u00e9cnico de Educa\u00e7\u00e3o B\u00e1sica \u2013 ATB; Especialista em Educa\u00e7\u00e3o B\u00e1sica \u2013 EEB. <\/p>\n<p>A escolha de vagas para a designa\u00e7\u00e3o on-line ser\u00e1 em processo \u00fanico com a atribui\u00e7\u00e3o de vagas realizada em duas etapas. Na primeira etapa, ocorrer\u00e1 a disponibiliza\u00e7\u00e3o e preenchimento das vagas, de acordo com o Comporta da escola e a manifesta\u00e7\u00e3o de prefer\u00eancia do candidato.<\/p>\n<p>J\u00e1 a segunda etapa ocorrer\u00e1 quando a vaga ofertada na primeira rodada n\u00e3o for preenchida, em decorr\u00eancia da n\u00e3o comprova\u00e7\u00e3o das informa\u00e7\u00f5es pelo candidato ou n\u00e3o comparecimento em tempo h\u00e1bil. Ao servidor designado no processo de designa\u00e7\u00e3o on-line e dispensado da fun\u00e7\u00e3o, em decorr\u00eancia de provimento da vaga, ser\u00e1 assegurada nova participa\u00e7\u00e3o na segunda etapa de atribui\u00e7\u00e3o de vagas.<\/p>\n<p>J\u00e1 a chamada inicial para a designa\u00e7\u00e3o presencial ser\u00e1 processada nas escolas ou polos ou micro polos, nos dias e hor\u00e1rios determinados nos respectivos Editais, conforme especificidade e defini\u00e7\u00e3o de cada SRE, para o exerc\u00edcio das seguintes fun\u00e7\u00f5es: Professor de Educa\u00e7\u00e3o B\u00e1sica \u2013 PEB Regente de Aulas  e para o Auxiliar de Servi\u00e7os de Educa\u00e7\u00e3o B\u00e1sica \u2013 ASB.<\/p>\n<p>As designa\u00e7\u00f5es para atender as Escolas Ind\u00edgenas, Escolas Quilombolas, Escolas da Educa\u00e7\u00e3o do Campo localizadas em assentamentos, Escolas do Sistema Prisional, Escolas do Sistema Socioeducativo, Escolas do Curso Normal em N\u00edvel M\u00e9dio e Educa\u00e7\u00e3o Profissional, Educa\u00e7\u00e3o Integral e Integrada do Ensino M\u00e9dio e demais projetos autorizados pela SEE ser\u00e3o processadas presencialmente, seguindo resolu\u00e7\u00f5es espec\u00edficas.<\/p>\n<p><strong>Ordem de prioridade no preenchimento de vagas<\/strong><\/p>\n<p>A designa\u00e7\u00e3o dos candidatos obedecer\u00e1 a seguinte ordem de prioridade, por meio de listagem \u00fanica por munic\u00edpio ou SRE: <\/p>\n<p> \u2013 candidato inscrito e concursado para o munic\u00edpio ou SRE e ainda n\u00e3o nomeado, obedecida a ordem de classifica\u00e7\u00e3o no concurso vigente, priorizando o Edital mais antigo, desde que comprove os requisitos de habilita\u00e7\u00e3o definidos no Edital do Concurso;<br \/>\nII \u2013 candidato inscrito e concursado para outro munic\u00edpio ou outra SRE e ainda n\u00e3o nomeado, obedecido ao n\u00famero de pontos obtido no concurso vigente, priorizando o Edital mais antigo, promovendo-se o desempate pela idade maior, desde que comprove os requisitos de habilita\u00e7\u00e3o definidos no Edital do Concurso;<br \/>\nIII \u2013 candidato inscrito habilitado, obedecida a ordem de classifica\u00e7\u00e3o na listagem geral do munic\u00edpio de candidatos inscritos anualmente;<br \/>\nIV \u2013 candidato inscrito n\u00e3o habilitado, obedecida a ordem de classifica\u00e7\u00e3o na listagem geral do munic\u00edpio de candidatos inscritos anualmente;<br \/>\nAs informa\u00e7\u00f5es inseridas pelo candidato no processo da inscri\u00e7\u00e3o, que resultar\u00e3o na sua classifica\u00e7\u00e3o, dever\u00e3o ser comprovadas no ato da designa\u00e7\u00e3o.<\/p>\n<p><strong>VER PRIMEIRO<\/strong><\/p>\n<p>Receba as not\u00edcias do Aconteceu no Vale em primeira m\u00e3o. Clique em curtir no endere\u00e7o <a href=\"https:\/\/www.facebook.com\/aconteceunovale\" target=\"_blank\"><font color=\"red\">www.facebook.com\/aconteceunovale<\/font><\/a> ou no box abaixo:<\/p>\n<div class=\"fb-like\" data-href=\"https:\/\/www.facebook.com\/aconteceunovale\" data-width=\"120\" data-layout=\"standard\" data-action=\"like\" data-size=\"small\" data-show-faces=\"true\" data-share=\"true\"><\/div>\n<p><\/br><\/p>\n<p><em>(Fonte: Ag\u00eancia Minas)<\/em><\/p>\n","protected":false},"excerpt":{"rendered":"<p>Interessados em participar do processo de designa\u00e7\u00e3o para atuar na rede estadual de ensino em 2019 j\u00e1 podem se inscrever para a etapa preliminar para forma\u00e7\u00e3o de cadastro e classifica\u00e7\u00e3o. O procedimento deve ser realizado at\u00e9 12 de novembro, no site www.designaeducacao.mg.gov.br. O candidato poder\u00e1 realizar at\u00e9 tr\u00eas inscri\u00e7\u00f5es, de livre escolha, observando as normas [&hellip;]<\/p>\n","protected":false},"author":1,"featured_media":138072,"comment_status":"open","ping_status":"closed","sticky":false,"template":"","format":"standard","meta":{"amp_status":"","footnotes":""},"categories":[40238,123],"tags":[184892,72532,183799,183797,183798,183796,133842,1018,184893,183800,184891,30838],"class_list":["post-138069","post","type-post","status-publish","format-standard","has-post-thumbnail","hentry","category-educacao-2","category-gerais","tag-designacao-2019","tag-designacao-minas-gerais","tag-designacao-para-as-escolas-de-minas-gerais","tag-designacao-para-as-escolas-publicas-estaduais","tag-designacao-para-as-escolas-publicas-estaduais-de-minas-gerais","tag-designacao-secretaria-de-estado-de-educacao-de-minas-gerais","tag-designacao-see-mg","tag-destaque","tag-governo-de-minas-ja-recebe-inscricoes-para-o-processo-de-designacao-2019","tag-governo-divulga-cronograma-de-designacao-para-escolas-de-minas-gerais","tag-processo-de-designacao-2019","tag-secretaria-de-estado-de-educacao-de-minas-gerais"],"_links":{"self":[{"href":"https:\/\/aconteceunovale.com.br\/portal\/index.php?rest_route=\/wp\/v2\/posts\/138069","targetHints":{"allow":["GET"]}}],"collection":[{"href":"https:\/\/aconteceunovale.com.br\/portal\/index.php?rest_route=\/wp\/v2\/posts"}],"about":[{"href":"https:\/\/aconteceunovale.com.br\/portal\/index.php?rest_route=\/wp\/v2\/types\/post"}],"author":[{"embeddable":true,"href":"https:\/\/aconteceunovale.com.br\/portal\/index.php?rest_route=\/wp\/v2\/users\/1"}],"replies":[{"embeddable":true,"href":"https:\/\/aconteceunovale.com.br\/portal\/index.php?rest_route=%2Fwp%2Fv2%2Fcomments&post=138069"}],"version-history":[{"count":0,"href":"https:\/\/aconteceunovale.com.br\/portal\/index.php?rest_route=\/wp\/v2\/posts\/138069\/revisions"}],"wp:featuredmedia":[{"embeddable":true,"href":"https:\/\/aconteceunovale.com.br\/portal\/index.php?rest_route=\/wp\/v2\/media\/138072"}],"wp:attachment":[{"href":"https:\/\/aconteceunovale.com.br\/portal\/index.php?rest_route=%2Fwp%2Fv2%2Fmedia&parent=138069"}],"wp:term":[{"taxonomy":"category","embeddable":true,"href":"https:\/\/aconteceunovale.com.br\/portal\/index.php?rest_route=%2Fwp%2Fv2%2Fcategories&post=138069"},{"taxonomy":"post_tag","embeddable":true,"href":"https:\/\/aconteceunovale.com.br\/portal\/index.php?rest_route=%2Fwp%2Fv2%2Ftags&post=138069"}],"curies":[{"name":"wp","href":"https:\/\/api.w.org\/{rel}","templated":true}]}}