{"id":137821,"date":"2018-10-29T20:56:34","date_gmt":"2018-10-29T22:56:34","guid":{"rendered":"http:\/\/aconteceunovale.com.br\/portal\/?p=137821"},"modified":"2018-10-29T20:56:34","modified_gmt":"2018-10-29T22:56:34","slug":"caminhoneiro-do-norte-de-minas-e-condenado-por-transporte-de-carvao-clandestino","status":"publish","type":"post","link":"https:\/\/aconteceunovale.com.br\/portal\/?p=137821","title":{"rendered":"Caminhoneiro do Norte de Minas \u00e9 condenado por transporte de carv\u00e3o clandestino"},"content":{"rendered":"<p>O propriet\u00e1rio de um ve\u00edculo que transportou carv\u00e3o sem origem legal dever\u00e1 pagar R$ 20 mil por danos ambientais. A decis\u00e3o \u00e9 da 6\u00aa C\u00e2mara C\u00edvel do Tribunal de Justi\u00e7a de Minas Gerais (TJMG) e confirmou senten\u00e7a da comarca de Bras\u00edlia de Minas, no Norte do Estado. Para o TJMG, restou demonstrado nos autos que o transportador, por v\u00e1rias vezes, realizou o transporte de carv\u00e3o vegetal, colaborando, dessa forma, para a ocorr\u00eancia do dano ambiental.<\/p>\n<p>Tanto o Minist\u00e9rio P\u00fablico, autor da a\u00e7\u00e3o civil p\u00fablica, quanto o transportador, recorreram da senten\u00e7a. O propriet\u00e1rio do ve\u00edculo alegou que a senten\u00e7a valeu-se unicamente de relat\u00f3rio produzido pelo Instituto Brasileiro do Meio Ambiente e dos Recursos Naturais Renov\u00e1veis (Ibama).<\/p>\n<p>Alegou, tamb\u00e9m, que inexiste prova da falsidade dos documentos e do transporte de carv\u00e3o ilegal ou origin\u00e1rio de floresta nativa, e que toda mercadoria transportada foi devidamente acompanhada da documenta\u00e7\u00e3o fiscal pertinente. J\u00e1 o Minist\u00e9rio P\u00fablico requereu a majora\u00e7\u00e3o dos danos ambientais arbitrados, bem como que seja reconhecido o perecimento do ve\u00edculo utilizado.<\/p>\n<p>Em seu voto, a relatora da a\u00e7\u00e3o, desembargadora Sandra Fonseca, lembrou que a Constitui\u00e7\u00e3o de 1988 preconizou o direito a um meio ambiente equilibrado, atribuindo a todos o dever de preserv\u00e1-lo.<\/p>\n<p>Com rela\u00e7\u00e3o ao dano ambiental, a desembargadora ressaltou ter sido demonstrado nos autos que o r\u00e9u, por 16 vezes, realizou o transporte de carv\u00e3o vegetal origin\u00e1rio do desmatamento de \u00e1reas de floresta. O documento traz a identifica\u00e7\u00e3o de empresas fornecedoras, a quantifica\u00e7\u00e3o de carv\u00e3o sem origem legal movimentado, bem como a identifica\u00e7\u00e3o de ve\u00edculos transportadores e a avalia\u00e7\u00e3o dos impactos ambientais decorrentes.<\/p>\n<p>Tais informa\u00e7\u00f5es provam, segundo a magistrada, a ocorr\u00eancia da extra\u00e7\u00e3o de mata nativa, produ\u00e7\u00e3o, transporte e venda de carv\u00e3o vegetal sem autoriza\u00e7\u00e3o do \u00f3rg\u00e3o ambiental competente e danos comprovados e irrevers\u00edveis ao meio ambiente, devendo, de acordo com a magistrada, os agentes arcarem com os danos advindos.<\/p>\n<p>Ainda conforme a magistrada, o autor transportou, nessas 16 viagens, o total de 980 metros c\u00fabicos de carv\u00e3o, o que corresponde a um valor total de cerca de R$ 500 mil. A relatora entendeu que, levando-se em conta as peculiaridades do caso, a situa\u00e7\u00e3o econ\u00f4mica do infrator, bem como a parcela de responsabilidade para a ocorr\u00eancia do dano, seria justo o pagamento de uma multa de R$ 20 mil, correspondente a aproximadamente 5% do valor do dano.<\/p>\n<p>Acompanharam o voto da relatora os desembargadores Corr\u00eaa Junior e Yeda Athias.<\/p>\n<p><strong>VER PRIMEIRO<\/strong><\/p>\n<p>Receba as not\u00edcias do Aconteceu no Vale em primeira m\u00e3o. Clique em curtir no endere\u00e7o <a href=\"https:\/\/www.facebook.com\/aconteceunovale\" target=\"_blank\"><font color=\"red\">www.facebook.com\/aconteceunovale<\/font><\/a> ou no box abaixo:<\/p>\n<div class=\"fb-like\" data-href=\"https:\/\/www.facebook.com\/aconteceunovale\" data-width=\"120\" data-layout=\"standard\" data-action=\"like\" data-size=\"small\" data-show-faces=\"true\" data-share=\"true\"><\/div>\n<p><\/br><\/p>\n<p><em>(Fonte: TJMG)<\/em><\/p>\n","protected":false},"excerpt":{"rendered":"<p>O propriet\u00e1rio de um ve\u00edculo que transportou carv\u00e3o sem origem legal dever\u00e1 pagar R$ 20 mil por danos ambientais. A decis\u00e3o \u00e9 da 6\u00aa C\u00e2mara C\u00edvel do Tribunal de Justi\u00e7a de Minas Gerais (TJMG) e confirmou senten\u00e7a da comarca de Bras\u00edlia de Minas, no Norte do Estado. Para o TJMG, restou demonstrado nos autos que [&hellip;]<\/p>\n","protected":false},"author":1,"featured_media":137822,"comment_status":"open","ping_status":"closed","sticky":false,"template":"","format":"standard","meta":{"amp_status":"","footnotes":""},"categories":[1236],"tags":[195,184517,184516,184511,184514,1018,54148,89568,184512,184515,270,184510,184513,92646],"class_list":["post-137821","post","type-post","status-publish","format-standard","has-post-thumbnail","hentry","category-norte_de_minas","tag-brasilia-de-minas","tag-caminhoneiro-de-brasilia-de-minas-e-condenado-por-transporte-de-carvao-clandestino","tag-caminhoneiro-do-norte-de-minas-e-condenado-por-transporte-de-carvao-clandestino","tag-condenacao-por-transporte-de-carvao-vegetal","tag-condenacao-por-transporte-ilegal-de-carvao-vegetal","tag-destaque","tag-ibama","tag-instituto-brasileiro-do-meio-ambiente-e-dos-recursos-naturais-renovaveis","tag-processo-por-transporte-de-carvao-vegetal","tag-processo-por-transporte-ilegal-de-carvao-vegetal","tag-tjmg","tag-transporte-de-carvao-vegetal","tag-transporte-ilegal-de-carvao-vegetal","tag-tribunal-de-justica-de-minas-gerais"],"yoast_head":"<!-- This site is optimized with the Yoast SEO plugin v28.3 - https:\/\/yoast.com\/product\/yoast-seo-wordpress\/ -->\n<title>Caminhoneiro do Norte de Minas \u00e9 condenado por transporte de carv\u00e3o clandestino - Aconteceu no Vale<\/title>\n<meta name=\"robots\" content=\"index, follow, max-snippet:-1, max-image-preview:large, max-video-preview:-1\" \/>\n<link rel=\"canonical\" href=\"https:\/\/aconteceunovale.com.br\/portal\/?p=137821\" \/>\n<meta property=\"og:locale\" content=\"pt_BR\" \/>\n<meta property=\"og:type\" content=\"article\" \/>\n<meta property=\"og:title\" content=\"Caminhoneiro do Norte de Minas \u00e9 condenado por transporte de carv\u00e3o clandestino - Aconteceu no Vale\" \/>\n<meta property=\"og:description\" content=\"O propriet\u00e1rio de um ve\u00edculo que transportou carv\u00e3o sem origem legal dever\u00e1 pagar R$ 20 mil por danos ambientais. A decis\u00e3o \u00e9 da 6\u00aa C\u00e2mara C\u00edvel do Tribunal de Justi\u00e7a de Minas Gerais (TJMG) e confirmou senten\u00e7a da comarca de Bras\u00edlia de Minas, no Norte do Estado. Para o TJMG, restou demonstrado nos autos que [&hellip;]\" \/>\n<meta property=\"og:url\" content=\"https:\/\/aconteceunovale.com.br\/portal\/?p=137821\" \/>\n<meta property=\"og:site_name\" content=\"Aconteceu no Vale\" \/>\n<meta property=\"article:publisher\" content=\"https:\/\/www.facebook.com\/aconteceunovale\/\" \/>\n<meta property=\"article:published_time\" content=\"2018-10-29T22:56:34+00:00\" \/>\n<meta property=\"og:image\" content=\"https:\/\/aconteceunovale.com.br\/portal\/wp-content\/uploads\/2018\/10\/carvao_vegetal.jpg\" \/>\n\t<meta property=\"og:image:width\" content=\"674\" \/>\n\t<meta property=\"og:image:height\" content=\"450\" \/>\n\t<meta property=\"og:image:type\" content=\"image\/jpeg\" \/>\n<meta name=\"author\" content=\"Aconteceu no Vale\" \/>\n<meta name=\"twitter:card\" content=\"summary_large_image\" \/>\n<meta name=\"twitter:creator\" content=\"@noticiadosvales\" \/>\n<meta name=\"twitter:site\" content=\"@noticiadosvales\" \/>\n<meta name=\"twitter:label1\" content=\"Escrito por\" \/>\n\t<meta name=\"twitter:data1\" content=\"Aconteceu no Vale\" \/>\n\t<meta name=\"twitter:label2\" content=\"Est. tempo de leitura\" \/>\n\t<meta name=\"twitter:data2\" content=\"2 minutos\" \/>\n<script type=\"application\/ld+json\" class=\"yoast-schema-graph\">{\"@context\":\"https:\\\/\\\/schema.org\",\"@graph\":[{\"@type\":\"Article\",\"@id\":\"https:\\\/\\\/aconteceunovale.com.br\\\/portal\\\/?p=137821#article\",\"isPartOf\":{\"@id\":\"https:\\\/\\\/aconteceunovale.com.br\\\/portal\\\/?p=137821\"},\"author\":{\"name\":\"Aconteceu no Vale\",\"@id\":\"https:\\\/\\\/aconteceunovale.com.br\\\/portal\\\/#\\\/schema\\\/person\\\/633529146f2c94272bef50ac2953d589\"},\"headline\":\"Caminhoneiro do Norte de Minas \u00e9 condenado por transporte de carv\u00e3o clandestino\",\"datePublished\":\"2018-10-29T22:56:34+00:00\",\"mainEntityOfPage\":{\"@id\":\"https:\\\/\\\/aconteceunovale.com.br\\\/portal\\\/?p=137821\"},\"wordCount\":486,\"commentCount\":0,\"image\":{\"@id\":\"https:\\\/\\\/aconteceunovale.com.br\\\/portal\\\/?p=137821#primaryimage\"},\"thumbnailUrl\":\"https:\\\/\\\/aconteceunovale.com.br\\\/portal\\\/wp-content\\\/uploads\\\/2018\\\/10\\\/carvao_vegetal.jpg\",\"keywords\":[\"Bras\u00edlia de Minas\",\"Caminhoneiro de Bras\u00edlia de Minas \u00e9 condenado por transporte de carv\u00e3o clandestino\",\"Caminhoneiro do Norte de Minas \u00e9 condenado por transporte de carv\u00e3o clandestino\",\"Condena\u00e7\u00e3o por transporte de carv\u00e3o vegetal\",\"Condena\u00e7\u00e3o por transporte ilegal de carv\u00e3o vegetal\",\"destaque\",\"Ibama\",\"Instituto Brasileiro do Meio Ambiente e dos Recursos Naturais Renov\u00e1veis\",\"Processo por transporte de carv\u00e3o vegetal\",\"Processo por transporte ilegal de carv\u00e3o vegetal\",\"TJMG\",\"transporte de carv\u00e3o vegetal\",\"transporte ilegal de carv\u00e3o vegetal\",\"Tribunal de Justi\u00e7a de Minas Gerais\"],\"articleSection\":[\"Norte de Minas\"],\"inLanguage\":\"pt-BR\",\"potentialAction\":[{\"@type\":\"CommentAction\",\"name\":\"Comment\",\"target\":[\"https:\\\/\\\/aconteceunovale.com.br\\\/portal\\\/?p=137821#respond\"]}]},{\"@type\":\"WebPage\",\"@id\":\"https:\\\/\\\/aconteceunovale.com.br\\\/portal\\\/?p=137821\",\"url\":\"https:\\\/\\\/aconteceunovale.com.br\\\/portal\\\/?p=137821\",\"name\":\"Caminhoneiro do Norte de Minas \u00e9 condenado por transporte de carv\u00e3o clandestino - Aconteceu no Vale\",\"isPartOf\":{\"@id\":\"https:\\\/\\\/aconteceunovale.com.br\\\/portal\\\/#website\"},\"primaryImageOfPage\":{\"@id\":\"https:\\\/\\\/aconteceunovale.com.br\\\/portal\\\/?p=137821#primaryimage\"},\"image\":{\"@id\":\"https:\\\/\\\/aconteceunovale.com.br\\\/portal\\\/?p=137821#primaryimage\"},\"thumbnailUrl\":\"https:\\\/\\\/aconteceunovale.com.br\\\/portal\\\/wp-content\\\/uploads\\\/2018\\\/10\\\/carvao_vegetal.jpg\",\"datePublished\":\"2018-10-29T22:56:34+00:00\",\"author\":{\"@id\":\"https:\\\/\\\/aconteceunovale.com.br\\\/portal\\\/#\\\/schema\\\/person\\\/633529146f2c94272bef50ac2953d589\"},\"breadcrumb\":{\"@id\":\"https:\\\/\\\/aconteceunovale.com.br\\\/portal\\\/?p=137821#breadcrumb\"},\"inLanguage\":\"pt-BR\",\"potentialAction\":[{\"@type\":\"ReadAction\",\"target\":[\"https:\\\/\\\/aconteceunovale.com.br\\\/portal\\\/?p=137821\"]}]},{\"@type\":\"ImageObject\",\"inLanguage\":\"pt-BR\",\"@id\":\"https:\\\/\\\/aconteceunovale.com.br\\\/portal\\\/?p=137821#primaryimage\",\"url\":\"https:\\\/\\\/aconteceunovale.com.br\\\/portal\\\/wp-content\\\/uploads\\\/2018\\\/10\\\/carvao_vegetal.jpg\",\"contentUrl\":\"https:\\\/\\\/aconteceunovale.com.br\\\/portal\\\/wp-content\\\/uploads\\\/2018\\\/10\\\/carvao_vegetal.jpg\",\"width\":674,\"height\":450},{\"@type\":\"BreadcrumbList\",\"@id\":\"https:\\\/\\\/aconteceunovale.com.br\\\/portal\\\/?p=137821#breadcrumb\",\"itemListElement\":[{\"@type\":\"ListItem\",\"position\":1,\"name\":\"In\u00edcio\",\"item\":\"https:\\\/\\\/aconteceunovale.com.br\\\/portal\\\/\"},{\"@type\":\"ListItem\",\"position\":2,\"name\":\"Caminhoneiro do Norte de Minas \u00e9 condenado por transporte de carv\u00e3o clandestino\"}]},{\"@type\":\"WebSite\",\"@id\":\"https:\\\/\\\/aconteceunovale.com.br\\\/portal\\\/#website\",\"url\":\"https:\\\/\\\/aconteceunovale.com.br\\\/portal\\\/\",\"name\":\"Aconteceu no Vale\",\"description\":\"Portal de Not\u00edcias\",\"potentialAction\":[{\"@type\":\"SearchAction\",\"target\":{\"@type\":\"EntryPoint\",\"urlTemplate\":\"https:\\\/\\\/aconteceunovale.com.br\\\/portal\\\/?s={search_term_string}\"},\"query-input\":{\"@type\":\"PropertyValueSpecification\",\"valueRequired\":true,\"valueName\":\"search_term_string\"}}],\"inLanguage\":\"pt-BR\"},{\"@type\":\"Person\",\"@id\":\"https:\\\/\\\/aconteceunovale.com.br\\\/portal\\\/#\\\/schema\\\/person\\\/633529146f2c94272bef50ac2953d589\",\"name\":\"Aconteceu no Vale\",\"description\":\"Equipe de reportagem do Aconteceu no Vale, portal de not\u00edcias do Vale do Jequitinhonha, em Minas Gerais. Cobrimos as 51 cidades do Vale desde 2013. Sugest\u00f5es de pauta e pedidos de corre\u00e7\u00e3o: contato@aconteceunovale.com.br\",\"sameAs\":[\"http:\\\/\\\/www.aconteceunovale.com.br\"],\"url\":\"https:\\\/\\\/aconteceunovale.com.br\\\/portal\\\/?author=1\"}]}<\/script>\n<!-- \/ Yoast SEO plugin. -->","yoast_head_json":{"title":"Caminhoneiro do Norte de Minas \u00e9 condenado por transporte de carv\u00e3o clandestino - Aconteceu no Vale","robots":{"index":"index","follow":"follow","max-snippet":"max-snippet:-1","max-image-preview":"max-image-preview:large","max-video-preview":"max-video-preview:-1"},"canonical":"https:\/\/aconteceunovale.com.br\/portal\/?p=137821","og_locale":"pt_BR","og_type":"article","og_title":"Caminhoneiro do Norte de Minas \u00e9 condenado por transporte de carv\u00e3o clandestino - Aconteceu no Vale","og_description":"O propriet\u00e1rio de um ve\u00edculo que transportou carv\u00e3o sem origem legal dever\u00e1 pagar R$ 20 mil por danos ambientais. A decis\u00e3o \u00e9 da 6\u00aa C\u00e2mara C\u00edvel do Tribunal de Justi\u00e7a de Minas Gerais (TJMG) e confirmou senten\u00e7a da comarca de Bras\u00edlia de Minas, no Norte do Estado. Para o TJMG, restou demonstrado nos autos que [&hellip;]","og_url":"https:\/\/aconteceunovale.com.br\/portal\/?p=137821","og_site_name":"Aconteceu no Vale","article_publisher":"https:\/\/www.facebook.com\/aconteceunovale\/","article_published_time":"2018-10-29T22:56:34+00:00","og_image":[{"width":674,"height":450,"url":"https:\/\/aconteceunovale.com.br\/portal\/wp-content\/uploads\/2018\/10\/carvao_vegetal.jpg","type":"image\/jpeg"}],"author":"Aconteceu no Vale","twitter_card":"summary_large_image","twitter_creator":"@noticiadosvales","twitter_site":"@noticiadosvales","twitter_misc":{"Escrito por":"Aconteceu no Vale","Est. tempo de leitura":"2 minutos"},"schema":{"@context":"https:\/\/schema.org","@graph":[{"@type":"Article","@id":"https:\/\/aconteceunovale.com.br\/portal\/?p=137821#article","isPartOf":{"@id":"https:\/\/aconteceunovale.com.br\/portal\/?p=137821"},"author":{"name":"Aconteceu no Vale","@id":"https:\/\/aconteceunovale.com.br\/portal\/#\/schema\/person\/633529146f2c94272bef50ac2953d589"},"headline":"Caminhoneiro do Norte de Minas \u00e9 condenado por transporte de carv\u00e3o clandestino","datePublished":"2018-10-29T22:56:34+00:00","mainEntityOfPage":{"@id":"https:\/\/aconteceunovale.com.br\/portal\/?p=137821"},"wordCount":486,"commentCount":0,"image":{"@id":"https:\/\/aconteceunovale.com.br\/portal\/?p=137821#primaryimage"},"thumbnailUrl":"https:\/\/aconteceunovale.com.br\/portal\/wp-content\/uploads\/2018\/10\/carvao_vegetal.jpg","keywords":["Bras\u00edlia de Minas","Caminhoneiro de Bras\u00edlia de Minas \u00e9 condenado por transporte de carv\u00e3o clandestino","Caminhoneiro do Norte de Minas \u00e9 condenado por transporte de carv\u00e3o clandestino","Condena\u00e7\u00e3o por transporte de carv\u00e3o vegetal","Condena\u00e7\u00e3o por transporte ilegal de carv\u00e3o vegetal","destaque","Ibama","Instituto Brasileiro do Meio Ambiente e dos Recursos Naturais Renov\u00e1veis","Processo por transporte de carv\u00e3o vegetal","Processo por transporte ilegal de carv\u00e3o vegetal","TJMG","transporte de carv\u00e3o vegetal","transporte ilegal de carv\u00e3o vegetal","Tribunal de Justi\u00e7a de Minas Gerais"],"articleSection":["Norte de Minas"],"inLanguage":"pt-BR","potentialAction":[{"@type":"CommentAction","name":"Comment","target":["https:\/\/aconteceunovale.com.br\/portal\/?p=137821#respond"]}]},{"@type":"WebPage","@id":"https:\/\/aconteceunovale.com.br\/portal\/?p=137821","url":"https:\/\/aconteceunovale.com.br\/portal\/?p=137821","name":"Caminhoneiro do Norte de Minas \u00e9 condenado por transporte de carv\u00e3o clandestino - Aconteceu no Vale","isPartOf":{"@id":"https:\/\/aconteceunovale.com.br\/portal\/#website"},"primaryImageOfPage":{"@id":"https:\/\/aconteceunovale.com.br\/portal\/?p=137821#primaryimage"},"image":{"@id":"https:\/\/aconteceunovale.com.br\/portal\/?p=137821#primaryimage"},"thumbnailUrl":"https:\/\/aconteceunovale.com.br\/portal\/wp-content\/uploads\/2018\/10\/carvao_vegetal.jpg","datePublished":"2018-10-29T22:56:34+00:00","author":{"@id":"https:\/\/aconteceunovale.com.br\/portal\/#\/schema\/person\/633529146f2c94272bef50ac2953d589"},"breadcrumb":{"@id":"https:\/\/aconteceunovale.com.br\/portal\/?p=137821#breadcrumb"},"inLanguage":"pt-BR","potentialAction":[{"@type":"ReadAction","target":["https:\/\/aconteceunovale.com.br\/portal\/?p=137821"]}]},{"@type":"ImageObject","inLanguage":"pt-BR","@id":"https:\/\/aconteceunovale.com.br\/portal\/?p=137821#primaryimage","url":"https:\/\/aconteceunovale.com.br\/portal\/wp-content\/uploads\/2018\/10\/carvao_vegetal.jpg","contentUrl":"https:\/\/aconteceunovale.com.br\/portal\/wp-content\/uploads\/2018\/10\/carvao_vegetal.jpg","width":674,"height":450},{"@type":"BreadcrumbList","@id":"https:\/\/aconteceunovale.com.br\/portal\/?p=137821#breadcrumb","itemListElement":[{"@type":"ListItem","position":1,"name":"In\u00edcio","item":"https:\/\/aconteceunovale.com.br\/portal\/"},{"@type":"ListItem","position":2,"name":"Caminhoneiro do Norte de Minas \u00e9 condenado por transporte de carv\u00e3o clandestino"}]},{"@type":"WebSite","@id":"https:\/\/aconteceunovale.com.br\/portal\/#website","url":"https:\/\/aconteceunovale.com.br\/portal\/","name":"Aconteceu no Vale","description":"Portal de Not\u00edcias","potentialAction":[{"@type":"SearchAction","target":{"@type":"EntryPoint","urlTemplate":"https:\/\/aconteceunovale.com.br\/portal\/?s={search_term_string}"},"query-input":{"@type":"PropertyValueSpecification","valueRequired":true,"valueName":"search_term_string"}}],"inLanguage":"pt-BR"},{"@type":"Person","@id":"https:\/\/aconteceunovale.com.br\/portal\/#\/schema\/person\/633529146f2c94272bef50ac2953d589","name":"Aconteceu no Vale","description":"Equipe de reportagem do Aconteceu no Vale, portal de not\u00edcias do Vale do Jequitinhonha, em Minas Gerais. Cobrimos as 51 cidades do Vale desde 2013. Sugest\u00f5es de pauta e pedidos de corre\u00e7\u00e3o: contato@aconteceunovale.com.br","sameAs":["http:\/\/www.aconteceunovale.com.br"],"url":"https:\/\/aconteceunovale.com.br\/portal\/?author=1"}]}},"_links":{"self":[{"href":"https:\/\/aconteceunovale.com.br\/portal\/index.php?rest_route=\/wp\/v2\/posts\/137821","targetHints":{"allow":["GET"]}}],"collection":[{"href":"https:\/\/aconteceunovale.com.br\/portal\/index.php?rest_route=\/wp\/v2\/posts"}],"about":[{"href":"https:\/\/aconteceunovale.com.br\/portal\/index.php?rest_route=\/wp\/v2\/types\/post"}],"author":[{"embeddable":true,"href":"https:\/\/aconteceunovale.com.br\/portal\/index.php?rest_route=\/wp\/v2\/users\/1"}],"replies":[{"embeddable":true,"href":"https:\/\/aconteceunovale.com.br\/portal\/index.php?rest_route=%2Fwp%2Fv2%2Fcomments&post=137821"}],"version-history":[{"count":0,"href":"https:\/\/aconteceunovale.com.br\/portal\/index.php?rest_route=\/wp\/v2\/posts\/137821\/revisions"}],"wp:featuredmedia":[{"embeddable":true,"href":"https:\/\/aconteceunovale.com.br\/portal\/index.php?rest_route=\/wp\/v2\/media\/137822"}],"wp:attachment":[{"href":"https:\/\/aconteceunovale.com.br\/portal\/index.php?rest_route=%2Fwp%2Fv2%2Fmedia&parent=137821"}],"wp:term":[{"taxonomy":"category","embeddable":true,"href":"https:\/\/aconteceunovale.com.br\/portal\/index.php?rest_route=%2Fwp%2Fv2%2Fcategories&post=137821"},{"taxonomy":"post_tag","embeddable":true,"href":"https:\/\/aconteceunovale.com.br\/portal\/index.php?rest_route=%2Fwp%2Fv2%2Ftags&post=137821"}],"curies":[{"name":"wp","href":"https:\/\/api.w.org\/{rel}","templated":true}]}}