{"id":137818,"date":"2018-10-29T20:46:28","date_gmt":"2018-10-29T22:46:28","guid":{"rendered":"http:\/\/aconteceunovale.com.br\/portal\/?p=137818"},"modified":"2018-10-29T20:46:28","modified_gmt":"2018-10-29T22:46:28","slug":"mpf-em-minas-gerais-pede-condenacao-de-emissora-por-transmitir-novela-em-horario-inadequado","status":"publish","type":"post","link":"https:\/\/aconteceunovale.com.br\/portal\/?p=137818","title":{"rendered":"MPF em Minas Gerais pede condena\u00e7\u00e3o de emissora por transmitir novela em hor\u00e1rio inadequado"},"content":{"rendered":"<p>O Minist\u00e9rio P\u00fablico Federal (MPF) em Minas Gerais (MG) ajuizou a\u00e7\u00e3o civil p\u00fablica contra a Rede Globo de Televis\u00e3o pedindo indeniza\u00e7\u00e3o por danos morais coletivos pelo fato de a emissora veicular reprise da novela Bel\u00edssima em hor\u00e1rio inapropriado.<\/p>\n<p>Para o procurador da Rep\u00fablica Fernando de Almeida Martins, autor da a\u00e7\u00e3o, a exibi\u00e7\u00e3o da telenovela, classificada pela pr\u00f3pria Rede Globo como n\u00e3o recomendada para menores de 12 anos, antes das 20 horas, \u201cofende diretamente os interesses e direitos do p\u00fablico infantojuvenil brasileiro, raz\u00e3o pela qual tal conduta deve ser veementemente combatida\u201d, j\u00e1 que a Portaria n\u00ba 1.189\/18 do Minist\u00e9rio da Justi\u00e7a estabelece o hor\u00e1rio das 6 horas \u00e0s 20 horas como faixa de prote\u00e7\u00e3o \u00e0 crian\u00e7a, permitindo somente a exibi\u00e7\u00e3o de obras classificadas como livres ou n\u00e3o recomendadas para menores de 10 anos.<\/p>\n<p>De acordo com o procurador, \u201cao n\u00e3o se permitir a censura de conte\u00fado, a Constitui\u00e7\u00e3o da Rep\u00fablica permite ao poder p\u00fablico criar mecanismos para informar ao p\u00fablico a natureza dos espet\u00e1culos, separando-os por faixa-et\u00e1rias e indicando hor\u00e1rios para exibi\u00e7\u00e3o\u201d.<\/p>\n<p>A Procuradoria Federal dos Direitos do Cidad\u00e3o (PFDC), \u00f3rg\u00e3o do MPF, emitiu nota t\u00e9cnica sobre a classifica\u00e7\u00e3o indicativa (Nota T\u00e9cnica n\u00ba 05\/2016\/PFDC), que, segundo o procurador, esclarece \u201cque a declara\u00e7\u00e3o de inconstitucionalidade da express\u00e3o \u2018em hor\u00e1rio diverso do autorizado\u2019 n\u00e3o significa o fim da classifica\u00e7\u00e3o indicativa nem respalda a exibi\u00e7\u00e3o de programas de televis\u00e3o em qualquer hor\u00e1rio pelas concession\u00e1rias do servi\u00e7o p\u00fablico federal de radiodifus\u00e3o.\u201d <\/p>\n<p>Desse modo, permanece o par\u00e2metro adotado pelo Minist\u00e9rio da Justi\u00e7a, que mant\u00e9m a atribui\u00e7\u00e3o de recomendar, al\u00e9m da faixa et\u00e1ria, a faixa hor\u00e1ria dos programas de televis\u00e3o. <\/p>\n<p>Outra legisla\u00e7\u00e3o descumprida pela emissora \u00e9 o Estatuto da Crian\u00e7a e do Adolescente, cujo art. 76 determina que as emissoras de televis\u00e3o somente exibir\u00e3o, no hor\u00e1rio recomendado para o p\u00fablico infanto-juvenil, programas com finalidades educativas, art\u00edsticas, culturais e informativas, o que, para o procurador Fernando Martins, n\u00e3o \u00e9 o caso da telenovela Bel\u00edssima, j\u00e1 que a pr\u00f3pria emissora n\u00e3o recomendou o produto audiovisual para menores de 12 anos.<\/p>\n<p><strong>Pedidos<\/strong><\/p>\n<p>O Minist\u00e9rio P\u00fablico Federal pede a condena\u00e7\u00e3o da emissora por danos morais coletivos no valor de R$ 14.801.723,00, a ser revertido para o Fundo Nacional para a Crian\u00e7a e o Adolescente. <\/p>\n<p>Pede ainda a concess\u00e3o de tutela antecipada proibindo a Globo de exibir a reprise antes das 20 horas, com multa di\u00e1ria de R$ 30 mil em caso de descumprimento.<\/p>\n<p>ACP n\u00ba 1012760-15-2018.4.01.3800. Para ler a \u00edntegra da a\u00e7\u00e3o, <a href=\"http:\/\/www.mpf.mp.br\/mg\/sala-de-imprensa\/docs\/acp-belissima\" target=\"_blank\">clique aqui<\/a>.<\/p>\n<p><strong>VER PRIMEIRO<\/strong><\/p>\n<p>Receba as not\u00edcias do Aconteceu no Vale em primeira m\u00e3o. Clique em curtir no endere\u00e7o <a href=\"https:\/\/www.facebook.com\/aconteceunovale\" target=\"_blank\"><font color=\"red\">www.facebook.com\/aconteceunovale<\/font><\/a> ou no box abaixo:<\/p>\n<div class=\"fb-like\" data-href=\"https:\/\/www.facebook.com\/aconteceunovale\" data-width=\"120\" data-layout=\"standard\" data-action=\"like\" data-size=\"small\" data-show-faces=\"true\" data-share=\"true\"><\/div>\n<p><\/br><\/p>\n<p><em>(Fonte: MPF em Minas)<\/em><\/p>\n","protected":false},"excerpt":{"rendered":"<p>O Minist\u00e9rio P\u00fablico Federal (MPF) em Minas Gerais (MG) ajuizou a\u00e7\u00e3o civil p\u00fablica contra a Rede Globo de Televis\u00e3o pedindo indeniza\u00e7\u00e3o por danos morais coletivos pelo fato de a emissora veicular reprise da novela Bel\u00edssima em hor\u00e1rio inapropriado. Para o procurador da Rep\u00fablica Fernando de Almeida Martins, autor da a\u00e7\u00e3o, a exibi\u00e7\u00e3o da telenovela, classificada [&hellip;]<\/p>\n","protected":false},"author":1,"featured_media":137819,"comment_status":"open","ping_status":"closed","sticky":false,"template":"","format":"standard","meta":{"amp_status":"","footnotes":""},"categories":[6,123],"tags":[184506,184507,131,5667,184509,184508,184504,184503,184505],"class_list":["post-137818","post","type-post","status-publish","format-standard","has-post-thumbnail","hentry","category-br","category-gerais","tag-fernando-de-almeida-martins","tag-fundo-nacional-para-a-crianca-e-o-adolescente","tag-minas-gerais","tag-ministerio-publico-federal","tag-mpf-em-minas-gerais-pede-condenacao-de-emissora-em-r-14-milhoes-por-transmitir-novela-em-horario-inadequado","tag-mpf-em-minas-gerais-pede-condenacao-de-emissora-por-transmitir-novela-em-horario-inadequado","tag-processo-por-reprise-da-novela-belissima","tag-reprise-da-novela-belissima","tag-reprise-da-novela-belissima-em-horario-inapropriado"],"yoast_head":"<!-- This site is optimized with the Yoast SEO plugin v28.3 - https:\/\/yoast.com\/product\/yoast-seo-wordpress\/ -->\n<title>MPF em Minas Gerais pede condena\u00e7\u00e3o de emissora por transmitir novela em hor\u00e1rio inadequado - Aconteceu no Vale<\/title>\n<meta name=\"robots\" content=\"index, follow, max-snippet:-1, max-image-preview:large, max-video-preview:-1\" \/>\n<link rel=\"canonical\" href=\"https:\/\/aconteceunovale.com.br\/portal\/?p=137818\" \/>\n<meta property=\"og:locale\" content=\"pt_BR\" \/>\n<meta property=\"og:type\" content=\"article\" \/>\n<meta property=\"og:title\" content=\"MPF em Minas Gerais pede condena\u00e7\u00e3o de emissora por transmitir novela em hor\u00e1rio inadequado - Aconteceu no Vale\" \/>\n<meta property=\"og:description\" content=\"O Minist\u00e9rio P\u00fablico Federal (MPF) em Minas Gerais (MG) ajuizou a\u00e7\u00e3o civil p\u00fablica contra a Rede Globo de Televis\u00e3o pedindo indeniza\u00e7\u00e3o por danos morais coletivos pelo fato de a emissora veicular reprise da novela Bel\u00edssima em hor\u00e1rio inapropriado. Para o procurador da Rep\u00fablica Fernando de Almeida Martins, autor da a\u00e7\u00e3o, a exibi\u00e7\u00e3o da telenovela, classificada [&hellip;]\" \/>\n<meta property=\"og:url\" content=\"https:\/\/aconteceunovale.com.br\/portal\/?p=137818\" \/>\n<meta property=\"og:site_name\" content=\"Aconteceu no Vale\" \/>\n<meta property=\"article:publisher\" content=\"https:\/\/www.facebook.com\/aconteceunovale\/\" \/>\n<meta property=\"article:published_time\" content=\"2018-10-29T22:46:28+00:00\" \/>\n<meta property=\"og:image\" content=\"https:\/\/aconteceunovale.com.br\/portal\/wp-content\/uploads\/2018\/10\/classificacao_indicativa.jpg\" \/>\n\t<meta property=\"og:image:width\" content=\"678\" \/>\n\t<meta property=\"og:image:height\" content=\"447\" \/>\n\t<meta property=\"og:image:type\" content=\"image\/jpeg\" \/>\n<meta name=\"author\" content=\"Aconteceu no Vale\" \/>\n<meta name=\"twitter:card\" content=\"summary_large_image\" \/>\n<meta name=\"twitter:creator\" content=\"@noticiadosvales\" \/>\n<meta name=\"twitter:site\" content=\"@noticiadosvales\" \/>\n<meta name=\"twitter:label1\" content=\"Escrito por\" \/>\n\t<meta name=\"twitter:data1\" content=\"Aconteceu no Vale\" \/>\n\t<meta name=\"twitter:label2\" content=\"Est. tempo de leitura\" \/>\n\t<meta name=\"twitter:data2\" content=\"2 minutos\" \/>\n<script type=\"application\/ld+json\" class=\"yoast-schema-graph\">{\"@context\":\"https:\\\/\\\/schema.org\",\"@graph\":[{\"@type\":\"Article\",\"@id\":\"https:\\\/\\\/aconteceunovale.com.br\\\/portal\\\/?p=137818#article\",\"isPartOf\":{\"@id\":\"https:\\\/\\\/aconteceunovale.com.br\\\/portal\\\/?p=137818\"},\"author\":{\"name\":\"Aconteceu no Vale\",\"@id\":\"https:\\\/\\\/aconteceunovale.com.br\\\/portal\\\/#\\\/schema\\\/person\\\/633529146f2c94272bef50ac2953d589\"},\"headline\":\"MPF em Minas Gerais pede condena\u00e7\u00e3o de emissora por transmitir novela em hor\u00e1rio inadequado\",\"datePublished\":\"2018-10-29T22:46:28+00:00\",\"mainEntityOfPage\":{\"@id\":\"https:\\\/\\\/aconteceunovale.com.br\\\/portal\\\/?p=137818\"},\"wordCount\":514,\"commentCount\":0,\"image\":{\"@id\":\"https:\\\/\\\/aconteceunovale.com.br\\\/portal\\\/?p=137818#primaryimage\"},\"thumbnailUrl\":\"https:\\\/\\\/aconteceunovale.com.br\\\/portal\\\/wp-content\\\/uploads\\\/2018\\\/10\\\/classificacao_indicativa.jpg\",\"keywords\":[\"Fernando de Almeida Martins\",\"Fundo Nacional para a Crian\u00e7a e o Adolescente\",\"Minas Gerais\",\"Minist\u00e9rio P\u00fablico Federal\",\"MPF em Minas Gerais pede condena\u00e7\u00e3o de emissora em R$ 14 milh\u00f5es por transmitir novela em hor\u00e1rio inadequado\",\"MPF em Minas Gerais pede condena\u00e7\u00e3o de emissora por transmitir novela em hor\u00e1rio inadequado\",\"Processo por Reprise da novela Bel\u00edssima\",\"Reprise da novela Bel\u00edssima\",\"Reprise da novela Bel\u00edssima em hor\u00e1rio inapropriado\"],\"articleSection\":[\"Brasil\",\"Minas Gerais\"],\"inLanguage\":\"pt-BR\",\"potentialAction\":[{\"@type\":\"CommentAction\",\"name\":\"Comment\",\"target\":[\"https:\\\/\\\/aconteceunovale.com.br\\\/portal\\\/?p=137818#respond\"]}]},{\"@type\":\"WebPage\",\"@id\":\"https:\\\/\\\/aconteceunovale.com.br\\\/portal\\\/?p=137818\",\"url\":\"https:\\\/\\\/aconteceunovale.com.br\\\/portal\\\/?p=137818\",\"name\":\"MPF em Minas Gerais pede condena\u00e7\u00e3o de emissora por transmitir novela em hor\u00e1rio inadequado - Aconteceu no Vale\",\"isPartOf\":{\"@id\":\"https:\\\/\\\/aconteceunovale.com.br\\\/portal\\\/#website\"},\"primaryImageOfPage\":{\"@id\":\"https:\\\/\\\/aconteceunovale.com.br\\\/portal\\\/?p=137818#primaryimage\"},\"image\":{\"@id\":\"https:\\\/\\\/aconteceunovale.com.br\\\/portal\\\/?p=137818#primaryimage\"},\"thumbnailUrl\":\"https:\\\/\\\/aconteceunovale.com.br\\\/portal\\\/wp-content\\\/uploads\\\/2018\\\/10\\\/classificacao_indicativa.jpg\",\"datePublished\":\"2018-10-29T22:46:28+00:00\",\"author\":{\"@id\":\"https:\\\/\\\/aconteceunovale.com.br\\\/portal\\\/#\\\/schema\\\/person\\\/633529146f2c94272bef50ac2953d589\"},\"breadcrumb\":{\"@id\":\"https:\\\/\\\/aconteceunovale.com.br\\\/portal\\\/?p=137818#breadcrumb\"},\"inLanguage\":\"pt-BR\",\"potentialAction\":[{\"@type\":\"ReadAction\",\"target\":[\"https:\\\/\\\/aconteceunovale.com.br\\\/portal\\\/?p=137818\"]}]},{\"@type\":\"ImageObject\",\"inLanguage\":\"pt-BR\",\"@id\":\"https:\\\/\\\/aconteceunovale.com.br\\\/portal\\\/?p=137818#primaryimage\",\"url\":\"https:\\\/\\\/aconteceunovale.com.br\\\/portal\\\/wp-content\\\/uploads\\\/2018\\\/10\\\/classificacao_indicativa.jpg\",\"contentUrl\":\"https:\\\/\\\/aconteceunovale.com.br\\\/portal\\\/wp-content\\\/uploads\\\/2018\\\/10\\\/classificacao_indicativa.jpg\",\"width\":678,\"height\":447},{\"@type\":\"BreadcrumbList\",\"@id\":\"https:\\\/\\\/aconteceunovale.com.br\\\/portal\\\/?p=137818#breadcrumb\",\"itemListElement\":[{\"@type\":\"ListItem\",\"position\":1,\"name\":\"In\u00edcio\",\"item\":\"https:\\\/\\\/aconteceunovale.com.br\\\/portal\\\/\"},{\"@type\":\"ListItem\",\"position\":2,\"name\":\"MPF em Minas Gerais pede condena\u00e7\u00e3o de emissora por transmitir novela em hor\u00e1rio inadequado\"}]},{\"@type\":\"WebSite\",\"@id\":\"https:\\\/\\\/aconteceunovale.com.br\\\/portal\\\/#website\",\"url\":\"https:\\\/\\\/aconteceunovale.com.br\\\/portal\\\/\",\"name\":\"Aconteceu no Vale\",\"description\":\"Portal de Not\u00edcias\",\"potentialAction\":[{\"@type\":\"SearchAction\",\"target\":{\"@type\":\"EntryPoint\",\"urlTemplate\":\"https:\\\/\\\/aconteceunovale.com.br\\\/portal\\\/?s={search_term_string}\"},\"query-input\":{\"@type\":\"PropertyValueSpecification\",\"valueRequired\":true,\"valueName\":\"search_term_string\"}}],\"inLanguage\":\"pt-BR\"},{\"@type\":\"Person\",\"@id\":\"https:\\\/\\\/aconteceunovale.com.br\\\/portal\\\/#\\\/schema\\\/person\\\/633529146f2c94272bef50ac2953d589\",\"name\":\"Aconteceu no Vale\",\"description\":\"Equipe de reportagem do Aconteceu no Vale, portal de not\u00edcias do Vale do Jequitinhonha, em Minas Gerais. Cobrimos as 51 cidades do Vale desde 2013. Sugest\u00f5es de pauta e pedidos de corre\u00e7\u00e3o: contato@aconteceunovale.com.br\",\"sameAs\":[\"http:\\\/\\\/www.aconteceunovale.com.br\"],\"url\":\"https:\\\/\\\/aconteceunovale.com.br\\\/portal\\\/?author=1\"}]}<\/script>\n<!-- \/ Yoast SEO plugin. -->","yoast_head_json":{"title":"MPF em Minas Gerais pede condena\u00e7\u00e3o de emissora por transmitir novela em hor\u00e1rio inadequado - Aconteceu no Vale","robots":{"index":"index","follow":"follow","max-snippet":"max-snippet:-1","max-image-preview":"max-image-preview:large","max-video-preview":"max-video-preview:-1"},"canonical":"https:\/\/aconteceunovale.com.br\/portal\/?p=137818","og_locale":"pt_BR","og_type":"article","og_title":"MPF em Minas Gerais pede condena\u00e7\u00e3o de emissora por transmitir novela em hor\u00e1rio inadequado - Aconteceu no Vale","og_description":"O Minist\u00e9rio P\u00fablico Federal (MPF) em Minas Gerais (MG) ajuizou a\u00e7\u00e3o civil p\u00fablica contra a Rede Globo de Televis\u00e3o pedindo indeniza\u00e7\u00e3o por danos morais coletivos pelo fato de a emissora veicular reprise da novela Bel\u00edssima em hor\u00e1rio inapropriado. Para o procurador da Rep\u00fablica Fernando de Almeida Martins, autor da a\u00e7\u00e3o, a exibi\u00e7\u00e3o da telenovela, classificada [&hellip;]","og_url":"https:\/\/aconteceunovale.com.br\/portal\/?p=137818","og_site_name":"Aconteceu no Vale","article_publisher":"https:\/\/www.facebook.com\/aconteceunovale\/","article_published_time":"2018-10-29T22:46:28+00:00","og_image":[{"width":678,"height":447,"url":"https:\/\/aconteceunovale.com.br\/portal\/wp-content\/uploads\/2018\/10\/classificacao_indicativa.jpg","type":"image\/jpeg"}],"author":"Aconteceu no Vale","twitter_card":"summary_large_image","twitter_creator":"@noticiadosvales","twitter_site":"@noticiadosvales","twitter_misc":{"Escrito por":"Aconteceu no Vale","Est. tempo de leitura":"2 minutos"},"schema":{"@context":"https:\/\/schema.org","@graph":[{"@type":"Article","@id":"https:\/\/aconteceunovale.com.br\/portal\/?p=137818#article","isPartOf":{"@id":"https:\/\/aconteceunovale.com.br\/portal\/?p=137818"},"author":{"name":"Aconteceu no Vale","@id":"https:\/\/aconteceunovale.com.br\/portal\/#\/schema\/person\/633529146f2c94272bef50ac2953d589"},"headline":"MPF em Minas Gerais pede condena\u00e7\u00e3o de emissora por transmitir novela em hor\u00e1rio inadequado","datePublished":"2018-10-29T22:46:28+00:00","mainEntityOfPage":{"@id":"https:\/\/aconteceunovale.com.br\/portal\/?p=137818"},"wordCount":514,"commentCount":0,"image":{"@id":"https:\/\/aconteceunovale.com.br\/portal\/?p=137818#primaryimage"},"thumbnailUrl":"https:\/\/aconteceunovale.com.br\/portal\/wp-content\/uploads\/2018\/10\/classificacao_indicativa.jpg","keywords":["Fernando de Almeida Martins","Fundo Nacional para a Crian\u00e7a e o Adolescente","Minas Gerais","Minist\u00e9rio P\u00fablico Federal","MPF em Minas Gerais pede condena\u00e7\u00e3o de emissora em R$ 14 milh\u00f5es por transmitir novela em hor\u00e1rio inadequado","MPF em Minas Gerais pede condena\u00e7\u00e3o de emissora por transmitir novela em hor\u00e1rio inadequado","Processo por Reprise da novela Bel\u00edssima","Reprise da novela Bel\u00edssima","Reprise da novela Bel\u00edssima em hor\u00e1rio inapropriado"],"articleSection":["Brasil","Minas Gerais"],"inLanguage":"pt-BR","potentialAction":[{"@type":"CommentAction","name":"Comment","target":["https:\/\/aconteceunovale.com.br\/portal\/?p=137818#respond"]}]},{"@type":"WebPage","@id":"https:\/\/aconteceunovale.com.br\/portal\/?p=137818","url":"https:\/\/aconteceunovale.com.br\/portal\/?p=137818","name":"MPF em Minas Gerais pede condena\u00e7\u00e3o de emissora por transmitir novela em hor\u00e1rio inadequado - Aconteceu no Vale","isPartOf":{"@id":"https:\/\/aconteceunovale.com.br\/portal\/#website"},"primaryImageOfPage":{"@id":"https:\/\/aconteceunovale.com.br\/portal\/?p=137818#primaryimage"},"image":{"@id":"https:\/\/aconteceunovale.com.br\/portal\/?p=137818#primaryimage"},"thumbnailUrl":"https:\/\/aconteceunovale.com.br\/portal\/wp-content\/uploads\/2018\/10\/classificacao_indicativa.jpg","datePublished":"2018-10-29T22:46:28+00:00","author":{"@id":"https:\/\/aconteceunovale.com.br\/portal\/#\/schema\/person\/633529146f2c94272bef50ac2953d589"},"breadcrumb":{"@id":"https:\/\/aconteceunovale.com.br\/portal\/?p=137818#breadcrumb"},"inLanguage":"pt-BR","potentialAction":[{"@type":"ReadAction","target":["https:\/\/aconteceunovale.com.br\/portal\/?p=137818"]}]},{"@type":"ImageObject","inLanguage":"pt-BR","@id":"https:\/\/aconteceunovale.com.br\/portal\/?p=137818#primaryimage","url":"https:\/\/aconteceunovale.com.br\/portal\/wp-content\/uploads\/2018\/10\/classificacao_indicativa.jpg","contentUrl":"https:\/\/aconteceunovale.com.br\/portal\/wp-content\/uploads\/2018\/10\/classificacao_indicativa.jpg","width":678,"height":447},{"@type":"BreadcrumbList","@id":"https:\/\/aconteceunovale.com.br\/portal\/?p=137818#breadcrumb","itemListElement":[{"@type":"ListItem","position":1,"name":"In\u00edcio","item":"https:\/\/aconteceunovale.com.br\/portal\/"},{"@type":"ListItem","position":2,"name":"MPF em Minas Gerais pede condena\u00e7\u00e3o de emissora por transmitir novela em hor\u00e1rio inadequado"}]},{"@type":"WebSite","@id":"https:\/\/aconteceunovale.com.br\/portal\/#website","url":"https:\/\/aconteceunovale.com.br\/portal\/","name":"Aconteceu no Vale","description":"Portal de Not\u00edcias","potentialAction":[{"@type":"SearchAction","target":{"@type":"EntryPoint","urlTemplate":"https:\/\/aconteceunovale.com.br\/portal\/?s={search_term_string}"},"query-input":{"@type":"PropertyValueSpecification","valueRequired":true,"valueName":"search_term_string"}}],"inLanguage":"pt-BR"},{"@type":"Person","@id":"https:\/\/aconteceunovale.com.br\/portal\/#\/schema\/person\/633529146f2c94272bef50ac2953d589","name":"Aconteceu no Vale","description":"Equipe de reportagem do Aconteceu no Vale, portal de not\u00edcias do Vale do Jequitinhonha, em Minas Gerais. Cobrimos as 51 cidades do Vale desde 2013. Sugest\u00f5es de pauta e pedidos de corre\u00e7\u00e3o: contato@aconteceunovale.com.br","sameAs":["http:\/\/www.aconteceunovale.com.br"],"url":"https:\/\/aconteceunovale.com.br\/portal\/?author=1"}]}},"_links":{"self":[{"href":"https:\/\/aconteceunovale.com.br\/portal\/index.php?rest_route=\/wp\/v2\/posts\/137818","targetHints":{"allow":["GET"]}}],"collection":[{"href":"https:\/\/aconteceunovale.com.br\/portal\/index.php?rest_route=\/wp\/v2\/posts"}],"about":[{"href":"https:\/\/aconteceunovale.com.br\/portal\/index.php?rest_route=\/wp\/v2\/types\/post"}],"author":[{"embeddable":true,"href":"https:\/\/aconteceunovale.com.br\/portal\/index.php?rest_route=\/wp\/v2\/users\/1"}],"replies":[{"embeddable":true,"href":"https:\/\/aconteceunovale.com.br\/portal\/index.php?rest_route=%2Fwp%2Fv2%2Fcomments&post=137818"}],"version-history":[{"count":0,"href":"https:\/\/aconteceunovale.com.br\/portal\/index.php?rest_route=\/wp\/v2\/posts\/137818\/revisions"}],"wp:featuredmedia":[{"embeddable":true,"href":"https:\/\/aconteceunovale.com.br\/portal\/index.php?rest_route=\/wp\/v2\/media\/137819"}],"wp:attachment":[{"href":"https:\/\/aconteceunovale.com.br\/portal\/index.php?rest_route=%2Fwp%2Fv2%2Fmedia&parent=137818"}],"wp:term":[{"taxonomy":"category","embeddable":true,"href":"https:\/\/aconteceunovale.com.br\/portal\/index.php?rest_route=%2Fwp%2Fv2%2Fcategories&post=137818"},{"taxonomy":"post_tag","embeddable":true,"href":"https:\/\/aconteceunovale.com.br\/portal\/index.php?rest_route=%2Fwp%2Fv2%2Ftags&post=137818"}],"curies":[{"name":"wp","href":"https:\/\/api.w.org\/{rel}","templated":true}]}}