{"id":137807,"date":"2018-10-29T19:48:05","date_gmt":"2018-10-29T21:48:05","guid":{"rendered":"http:\/\/aconteceunovale.com.br\/portal\/?p=137807"},"modified":"2018-10-29T19:48:05","modified_gmt":"2018-10-29T21:48:05","slug":"quatro-pessoas-da-mesma-familia-sao-presas-por-homicidio-em-capitao-eneas-no-norte-de-minas","status":"publish","type":"post","link":"https:\/\/aconteceunovale.com.br\/portal\/?p=137807","title":{"rendered":"Quatro pessoas da mesma fam\u00edlia s\u00e3o presas por homic\u00eddio em Capit\u00e3o En\u00e9as, no Norte de Minas"},"content":{"rendered":"<p>Quatro pessoas de uma mesma fam\u00edlia foram presas em Capit\u00e3o En\u00e9as, no Norte de Minas, na manh\u00e3 desta segunda-feira (29\/10\/2018). De acordo com a Pol\u00edcia Militar, os dois homens e duas mulheres, de idades entre 19 e 38 anos, s\u00e3o suspeitos de cometerem um assassinato contra um vendedor de picol\u00e9s da cidade. A PM acredita que eles tenham dopado e esfaqueado a v\u00edtima, de 19, em um matagal do Bairro Morada do Sol.<\/p>\n<p>Ainda segundo a pol\u00edcia, a fam\u00edlia informou que esfaqueou a v\u00edtima porque ela teria cometido um estupro contra a filha de uma das autoras do crime. Para se vingar, a m\u00e3e da poss\u00edvel v\u00edtima de estupro, o companheiro dela, um filho e uma cunhada se uniram para mat\u00e1-lo. N\u00e3o h\u00e1 registros sobre o crime que a fam\u00edlia relatou ter sido cometido pelo rapaz que foi morto.<\/p>\n<p>A PM informou que o homem era conhecido na cidade por vender picol\u00e9s e que n\u00e3o tinha passagens nos meios policiais. Ele foi encontrado com cortes no pesco\u00e7o e em outras partes do corpo. A suspeita \u00e9 de que a cunhada tenha o atra\u00eddo para uma casa pr\u00f3xima ao matagal no domingo (28) e tenha o dopado com um son\u00edfero. Ela levou o rapaz para o local do crime, onde o homem envolvido no crime o esfaqueou nas costas. A cunhada deu mais uma facada e o homem na sequ\u00eancia teria degolado a v\u00edtima.<\/p>\n<p>O corpo passou a noite no mesmo matagal e foi encontrado pela manh\u00e3 desta segunda-feira. Den\u00fancias indicaram que a fam\u00edlia poderia ter cometido o crime. Tr\u00eas envolvidos foram encontrados na casa pr\u00f3xima ao local do crime, no Bairro Morada do Sol. O companheiro da m\u00e3e foi preso no local onde trabalha.<\/p>\n<p>Todos foram encaminhados para a delegacia de Capit\u00e3o En\u00e9as. A arma do crime n\u00e3o foi encontrada; segundo a PM, o grupo informou que dispensou a faca na rede de esgoto. Uma funer\u00e1ria foi ao local e encaminhou o corpo da v\u00edtima ao IML de Montes Claros. Os quatro suspeitos foram conduzidos \u00e0 D delegacia de Pol\u00edcia Civil de Montes Claros.<\/p>\n<p><img decoding=\"async\" src=\"http:\/\/aconteceunovale.com.br\/portal\/wp-content\/uploads\/2018\/10\/presos_ce_1.jpeg\" alt=\"\" \/><em>Autores foram presos e levados para Montes Claros \u2014 Foto: PM\/Divulga\u00e7\u00e3o<\/em><br \/>\n<\/br><\/p>\n<p><img decoding=\"async\" src=\"http:\/\/aconteceunovale.com.br\/portal\/wp-content\/uploads\/2018\/10\/presos_ce_2.jpeg\" alt=\"\" \/><em>Corpo da v\u00edtima foi encontrado na manh\u00e3 desta segunda \u2014 Foto: PM\/Divulga\u00e7\u00e3o<\/em><br \/>\n<\/br><\/p>\n<p><strong>VER PRIMEIRO<\/strong><\/p>\n<p>Receba as not\u00edcias do Aconteceu no Vale em primeira m\u00e3o. Clique em curtir no endere\u00e7o <a href=\"https:\/\/www.facebook.com\/aconteceunovale\" target=\"_blank\"><font color=\"red\">www.facebook.com\/aconteceunovale<\/font><\/a> ou no box abaixo:<\/p>\n<div class=\"fb-like\" data-href=\"https:\/\/www.facebook.com\/aconteceunovale\" data-width=\"120\" data-layout=\"standard\" data-action=\"like\" data-size=\"small\" data-show-faces=\"true\" data-share=\"true\"><\/div>\n<p><\/br><\/p>\n<p><em>(Fonte: G1 Grande Minas)<\/em><\/p>\n","protected":false},"excerpt":{"rendered":"<p>Quatro pessoas de uma mesma fam\u00edlia foram presas em Capit\u00e3o En\u00e9as, no Norte de Minas, na manh\u00e3 desta segunda-feira (29\/10\/2018). De acordo com a Pol\u00edcia Militar, os dois homens e duas mulheres, de idades entre 19 e 38 anos, s\u00e3o suspeitos de cometerem um assassinato contra um vendedor de picol\u00e9s da cidade. A PM acredita [&hellip;]<\/p>\n","protected":false},"author":1,"featured_media":137809,"comment_status":"open","ping_status":"closed","sticky":false,"template":"","format":"standard","meta":{"amp_status":"","footnotes":""},"categories":[1236],"tags":[1429,184497,210,184498,33228,184496,184495,184499],"class_list":["post-137807","post","type-post","status-publish","format-standard","has-post-thumbnail","hentry","category-norte_de_minas","tag-capitao-eneas","tag-homicidio-em-capitao-eneas","tag-montes-claros","tag-morto-em-capitao-eneas","tag-no-norte-de-minas","tag-presos-em-capitao-eneas","tag-quatro-pessoas-da-mesma-familia-sao-presas-por-homicidio-em-capitao-eneas","tag-vendedor-de-picoles-morto-em-capitao-eneas"],"yoast_head":"<!-- This site is optimized with the Yoast SEO plugin v28.3 - https:\/\/yoast.com\/product\/yoast-seo-wordpress\/ -->\n<title>Quatro pessoas da mesma fam\u00edlia s\u00e3o presas por homic\u00eddio em Capit\u00e3o En\u00e9as, no Norte de Minas - Aconteceu no Vale<\/title>\n<meta name=\"robots\" content=\"index, follow, max-snippet:-1, max-image-preview:large, max-video-preview:-1\" \/>\n<link rel=\"canonical\" href=\"https:\/\/aconteceunovale.com.br\/portal\/?p=137807\" \/>\n<meta property=\"og:locale\" content=\"pt_BR\" \/>\n<meta property=\"og:type\" content=\"article\" \/>\n<meta property=\"og:title\" content=\"Quatro pessoas da mesma fam\u00edlia s\u00e3o presas por homic\u00eddio em Capit\u00e3o En\u00e9as, no Norte de Minas - Aconteceu no Vale\" \/>\n<meta property=\"og:description\" content=\"Quatro pessoas de uma mesma fam\u00edlia foram presas em Capit\u00e3o En\u00e9as, no Norte de Minas, na manh\u00e3 desta segunda-feira (29\/10\/2018). De acordo com a Pol\u00edcia Militar, os dois homens e duas mulheres, de idades entre 19 e 38 anos, s\u00e3o suspeitos de cometerem um assassinato contra um vendedor de picol\u00e9s da cidade. A PM acredita [&hellip;]\" \/>\n<meta property=\"og:url\" content=\"https:\/\/aconteceunovale.com.br\/portal\/?p=137807\" \/>\n<meta property=\"og:site_name\" content=\"Aconteceu no Vale\" \/>\n<meta property=\"article:publisher\" content=\"https:\/\/www.facebook.com\/aconteceunovale\/\" \/>\n<meta property=\"article:published_time\" content=\"2018-10-29T21:48:05+00:00\" \/>\n<meta property=\"og:image\" content=\"https:\/\/aconteceunovale.com.br\/portal\/wp-content\/uploads\/2018\/10\/presos_ce_1.jpeg\" \/>\n\t<meta property=\"og:image:width\" content=\"600\" \/>\n\t<meta property=\"og:image:height\" content=\"450\" \/>\n\t<meta property=\"og:image:type\" content=\"image\/jpeg\" \/>\n<meta name=\"author\" content=\"Aconteceu no Vale\" \/>\n<meta name=\"twitter:card\" content=\"summary_large_image\" \/>\n<meta name=\"twitter:creator\" content=\"@noticiadosvales\" \/>\n<meta name=\"twitter:site\" content=\"@noticiadosvales\" \/>\n<meta name=\"twitter:label1\" content=\"Escrito por\" \/>\n\t<meta name=\"twitter:data1\" content=\"Aconteceu no Vale\" \/>\n\t<meta name=\"twitter:label2\" content=\"Est. tempo de leitura\" \/>\n\t<meta name=\"twitter:data2\" content=\"2 minutos\" \/>\n<script type=\"application\/ld+json\" class=\"yoast-schema-graph\">{\"@context\":\"https:\\\/\\\/schema.org\",\"@graph\":[{\"@type\":\"Article\",\"@id\":\"https:\\\/\\\/aconteceunovale.com.br\\\/portal\\\/?p=137807#article\",\"isPartOf\":{\"@id\":\"https:\\\/\\\/aconteceunovale.com.br\\\/portal\\\/?p=137807\"},\"author\":{\"name\":\"Aconteceu no Vale\",\"@id\":\"https:\\\/\\\/aconteceunovale.com.br\\\/portal\\\/#\\\/schema\\\/person\\\/633529146f2c94272bef50ac2953d589\"},\"headline\":\"Quatro pessoas da mesma fam\u00edlia s\u00e3o presas por homic\u00eddio em Capit\u00e3o En\u00e9as, no Norte de Minas\",\"datePublished\":\"2018-10-29T21:48:05+00:00\",\"mainEntityOfPage\":{\"@id\":\"https:\\\/\\\/aconteceunovale.com.br\\\/portal\\\/?p=137807\"},\"wordCount\":451,\"commentCount\":0,\"image\":{\"@id\":\"https:\\\/\\\/aconteceunovale.com.br\\\/portal\\\/?p=137807#primaryimage\"},\"thumbnailUrl\":\"https:\\\/\\\/aconteceunovale.com.br\\\/portal\\\/wp-content\\\/uploads\\\/2018\\\/10\\\/presos_ce_1.jpeg\",\"keywords\":[\"capitao eneas\",\"Homic\u00eddio em Capit\u00e3o En\u00e9as\",\"Montes Claros\",\"Morto em Capit\u00e3o En\u00e9as\",\"no Norte de Minas\",\"Presos em Capit\u00e3o En\u00e9as\",\"Quatro pessoas da mesma fam\u00edlia s\u00e3o presas por homic\u00eddio em Capit\u00e3o En\u00e9as\",\"Vendedor de picol\u00e9s morto em Capit\u00e3o En\u00e9as\"],\"articleSection\":[\"Norte de Minas\"],\"inLanguage\":\"pt-BR\",\"potentialAction\":[{\"@type\":\"CommentAction\",\"name\":\"Comment\",\"target\":[\"https:\\\/\\\/aconteceunovale.com.br\\\/portal\\\/?p=137807#respond\"]}]},{\"@type\":\"WebPage\",\"@id\":\"https:\\\/\\\/aconteceunovale.com.br\\\/portal\\\/?p=137807\",\"url\":\"https:\\\/\\\/aconteceunovale.com.br\\\/portal\\\/?p=137807\",\"name\":\"Quatro pessoas da mesma fam\u00edlia s\u00e3o presas por homic\u00eddio em Capit\u00e3o En\u00e9as, no Norte de Minas - Aconteceu no Vale\",\"isPartOf\":{\"@id\":\"https:\\\/\\\/aconteceunovale.com.br\\\/portal\\\/#website\"},\"primaryImageOfPage\":{\"@id\":\"https:\\\/\\\/aconteceunovale.com.br\\\/portal\\\/?p=137807#primaryimage\"},\"image\":{\"@id\":\"https:\\\/\\\/aconteceunovale.com.br\\\/portal\\\/?p=137807#primaryimage\"},\"thumbnailUrl\":\"https:\\\/\\\/aconteceunovale.com.br\\\/portal\\\/wp-content\\\/uploads\\\/2018\\\/10\\\/presos_ce_1.jpeg\",\"datePublished\":\"2018-10-29T21:48:05+00:00\",\"author\":{\"@id\":\"https:\\\/\\\/aconteceunovale.com.br\\\/portal\\\/#\\\/schema\\\/person\\\/633529146f2c94272bef50ac2953d589\"},\"breadcrumb\":{\"@id\":\"https:\\\/\\\/aconteceunovale.com.br\\\/portal\\\/?p=137807#breadcrumb\"},\"inLanguage\":\"pt-BR\",\"potentialAction\":[{\"@type\":\"ReadAction\",\"target\":[\"https:\\\/\\\/aconteceunovale.com.br\\\/portal\\\/?p=137807\"]}]},{\"@type\":\"ImageObject\",\"inLanguage\":\"pt-BR\",\"@id\":\"https:\\\/\\\/aconteceunovale.com.br\\\/portal\\\/?p=137807#primaryimage\",\"url\":\"https:\\\/\\\/aconteceunovale.com.br\\\/portal\\\/wp-content\\\/uploads\\\/2018\\\/10\\\/presos_ce_1.jpeg\",\"contentUrl\":\"https:\\\/\\\/aconteceunovale.com.br\\\/portal\\\/wp-content\\\/uploads\\\/2018\\\/10\\\/presos_ce_1.jpeg\",\"width\":600,\"height\":450},{\"@type\":\"BreadcrumbList\",\"@id\":\"https:\\\/\\\/aconteceunovale.com.br\\\/portal\\\/?p=137807#breadcrumb\",\"itemListElement\":[{\"@type\":\"ListItem\",\"position\":1,\"name\":\"In\u00edcio\",\"item\":\"https:\\\/\\\/aconteceunovale.com.br\\\/portal\\\/\"},{\"@type\":\"ListItem\",\"position\":2,\"name\":\"Quatro pessoas da mesma fam\u00edlia s\u00e3o presas por homic\u00eddio em Capit\u00e3o En\u00e9as, no Norte de Minas\"}]},{\"@type\":\"WebSite\",\"@id\":\"https:\\\/\\\/aconteceunovale.com.br\\\/portal\\\/#website\",\"url\":\"https:\\\/\\\/aconteceunovale.com.br\\\/portal\\\/\",\"name\":\"Aconteceu no Vale\",\"description\":\"Portal de Not\u00edcias\",\"potentialAction\":[{\"@type\":\"SearchAction\",\"target\":{\"@type\":\"EntryPoint\",\"urlTemplate\":\"https:\\\/\\\/aconteceunovale.com.br\\\/portal\\\/?s={search_term_string}\"},\"query-input\":{\"@type\":\"PropertyValueSpecification\",\"valueRequired\":true,\"valueName\":\"search_term_string\"}}],\"inLanguage\":\"pt-BR\"},{\"@type\":\"Person\",\"@id\":\"https:\\\/\\\/aconteceunovale.com.br\\\/portal\\\/#\\\/schema\\\/person\\\/633529146f2c94272bef50ac2953d589\",\"name\":\"Aconteceu no Vale\",\"description\":\"Equipe de reportagem do Aconteceu no Vale, portal de not\u00edcias do Vale do Jequitinhonha, em Minas Gerais. Cobrimos as 51 cidades do Vale desde 2013. Sugest\u00f5es de pauta e pedidos de corre\u00e7\u00e3o: contato@aconteceunovale.com.br\",\"sameAs\":[\"http:\\\/\\\/www.aconteceunovale.com.br\"],\"url\":\"https:\\\/\\\/aconteceunovale.com.br\\\/portal\\\/?author=1\"}]}<\/script>\n<!-- \/ Yoast SEO plugin. -->","yoast_head_json":{"title":"Quatro pessoas da mesma fam\u00edlia s\u00e3o presas por homic\u00eddio em Capit\u00e3o En\u00e9as, no Norte de Minas - Aconteceu no Vale","robots":{"index":"index","follow":"follow","max-snippet":"max-snippet:-1","max-image-preview":"max-image-preview:large","max-video-preview":"max-video-preview:-1"},"canonical":"https:\/\/aconteceunovale.com.br\/portal\/?p=137807","og_locale":"pt_BR","og_type":"article","og_title":"Quatro pessoas da mesma fam\u00edlia s\u00e3o presas por homic\u00eddio em Capit\u00e3o En\u00e9as, no Norte de Minas - Aconteceu no Vale","og_description":"Quatro pessoas de uma mesma fam\u00edlia foram presas em Capit\u00e3o En\u00e9as, no Norte de Minas, na manh\u00e3 desta segunda-feira (29\/10\/2018). De acordo com a Pol\u00edcia Militar, os dois homens e duas mulheres, de idades entre 19 e 38 anos, s\u00e3o suspeitos de cometerem um assassinato contra um vendedor de picol\u00e9s da cidade. A PM acredita [&hellip;]","og_url":"https:\/\/aconteceunovale.com.br\/portal\/?p=137807","og_site_name":"Aconteceu no Vale","article_publisher":"https:\/\/www.facebook.com\/aconteceunovale\/","article_published_time":"2018-10-29T21:48:05+00:00","og_image":[{"width":600,"height":450,"url":"https:\/\/aconteceunovale.com.br\/portal\/wp-content\/uploads\/2018\/10\/presos_ce_1.jpeg","type":"image\/jpeg"}],"author":"Aconteceu no Vale","twitter_card":"summary_large_image","twitter_creator":"@noticiadosvales","twitter_site":"@noticiadosvales","twitter_misc":{"Escrito por":"Aconteceu no Vale","Est. tempo de leitura":"2 minutos"},"schema":{"@context":"https:\/\/schema.org","@graph":[{"@type":"Article","@id":"https:\/\/aconteceunovale.com.br\/portal\/?p=137807#article","isPartOf":{"@id":"https:\/\/aconteceunovale.com.br\/portal\/?p=137807"},"author":{"name":"Aconteceu no Vale","@id":"https:\/\/aconteceunovale.com.br\/portal\/#\/schema\/person\/633529146f2c94272bef50ac2953d589"},"headline":"Quatro pessoas da mesma fam\u00edlia s\u00e3o presas por homic\u00eddio em Capit\u00e3o En\u00e9as, no Norte de Minas","datePublished":"2018-10-29T21:48:05+00:00","mainEntityOfPage":{"@id":"https:\/\/aconteceunovale.com.br\/portal\/?p=137807"},"wordCount":451,"commentCount":0,"image":{"@id":"https:\/\/aconteceunovale.com.br\/portal\/?p=137807#primaryimage"},"thumbnailUrl":"https:\/\/aconteceunovale.com.br\/portal\/wp-content\/uploads\/2018\/10\/presos_ce_1.jpeg","keywords":["capitao eneas","Homic\u00eddio em Capit\u00e3o En\u00e9as","Montes Claros","Morto em Capit\u00e3o En\u00e9as","no Norte de Minas","Presos em Capit\u00e3o En\u00e9as","Quatro pessoas da mesma fam\u00edlia s\u00e3o presas por homic\u00eddio em Capit\u00e3o En\u00e9as","Vendedor de picol\u00e9s morto em Capit\u00e3o En\u00e9as"],"articleSection":["Norte de Minas"],"inLanguage":"pt-BR","potentialAction":[{"@type":"CommentAction","name":"Comment","target":["https:\/\/aconteceunovale.com.br\/portal\/?p=137807#respond"]}]},{"@type":"WebPage","@id":"https:\/\/aconteceunovale.com.br\/portal\/?p=137807","url":"https:\/\/aconteceunovale.com.br\/portal\/?p=137807","name":"Quatro pessoas da mesma fam\u00edlia s\u00e3o presas por homic\u00eddio em Capit\u00e3o En\u00e9as, no Norte de Minas - Aconteceu no Vale","isPartOf":{"@id":"https:\/\/aconteceunovale.com.br\/portal\/#website"},"primaryImageOfPage":{"@id":"https:\/\/aconteceunovale.com.br\/portal\/?p=137807#primaryimage"},"image":{"@id":"https:\/\/aconteceunovale.com.br\/portal\/?p=137807#primaryimage"},"thumbnailUrl":"https:\/\/aconteceunovale.com.br\/portal\/wp-content\/uploads\/2018\/10\/presos_ce_1.jpeg","datePublished":"2018-10-29T21:48:05+00:00","author":{"@id":"https:\/\/aconteceunovale.com.br\/portal\/#\/schema\/person\/633529146f2c94272bef50ac2953d589"},"breadcrumb":{"@id":"https:\/\/aconteceunovale.com.br\/portal\/?p=137807#breadcrumb"},"inLanguage":"pt-BR","potentialAction":[{"@type":"ReadAction","target":["https:\/\/aconteceunovale.com.br\/portal\/?p=137807"]}]},{"@type":"ImageObject","inLanguage":"pt-BR","@id":"https:\/\/aconteceunovale.com.br\/portal\/?p=137807#primaryimage","url":"https:\/\/aconteceunovale.com.br\/portal\/wp-content\/uploads\/2018\/10\/presos_ce_1.jpeg","contentUrl":"https:\/\/aconteceunovale.com.br\/portal\/wp-content\/uploads\/2018\/10\/presos_ce_1.jpeg","width":600,"height":450},{"@type":"BreadcrumbList","@id":"https:\/\/aconteceunovale.com.br\/portal\/?p=137807#breadcrumb","itemListElement":[{"@type":"ListItem","position":1,"name":"In\u00edcio","item":"https:\/\/aconteceunovale.com.br\/portal\/"},{"@type":"ListItem","position":2,"name":"Quatro pessoas da mesma fam\u00edlia s\u00e3o presas por homic\u00eddio em Capit\u00e3o En\u00e9as, no Norte de Minas"}]},{"@type":"WebSite","@id":"https:\/\/aconteceunovale.com.br\/portal\/#website","url":"https:\/\/aconteceunovale.com.br\/portal\/","name":"Aconteceu no Vale","description":"Portal de Not\u00edcias","potentialAction":[{"@type":"SearchAction","target":{"@type":"EntryPoint","urlTemplate":"https:\/\/aconteceunovale.com.br\/portal\/?s={search_term_string}"},"query-input":{"@type":"PropertyValueSpecification","valueRequired":true,"valueName":"search_term_string"}}],"inLanguage":"pt-BR"},{"@type":"Person","@id":"https:\/\/aconteceunovale.com.br\/portal\/#\/schema\/person\/633529146f2c94272bef50ac2953d589","name":"Aconteceu no Vale","description":"Equipe de reportagem do Aconteceu no Vale, portal de not\u00edcias do Vale do Jequitinhonha, em Minas Gerais. Cobrimos as 51 cidades do Vale desde 2013. Sugest\u00f5es de pauta e pedidos de corre\u00e7\u00e3o: contato@aconteceunovale.com.br","sameAs":["http:\/\/www.aconteceunovale.com.br"],"url":"https:\/\/aconteceunovale.com.br\/portal\/?author=1"}]}},"_links":{"self":[{"href":"https:\/\/aconteceunovale.com.br\/portal\/index.php?rest_route=\/wp\/v2\/posts\/137807","targetHints":{"allow":["GET"]}}],"collection":[{"href":"https:\/\/aconteceunovale.com.br\/portal\/index.php?rest_route=\/wp\/v2\/posts"}],"about":[{"href":"https:\/\/aconteceunovale.com.br\/portal\/index.php?rest_route=\/wp\/v2\/types\/post"}],"author":[{"embeddable":true,"href":"https:\/\/aconteceunovale.com.br\/portal\/index.php?rest_route=\/wp\/v2\/users\/1"}],"replies":[{"embeddable":true,"href":"https:\/\/aconteceunovale.com.br\/portal\/index.php?rest_route=%2Fwp%2Fv2%2Fcomments&post=137807"}],"version-history":[{"count":0,"href":"https:\/\/aconteceunovale.com.br\/portal\/index.php?rest_route=\/wp\/v2\/posts\/137807\/revisions"}],"wp:featuredmedia":[{"embeddable":true,"href":"https:\/\/aconteceunovale.com.br\/portal\/index.php?rest_route=\/wp\/v2\/media\/137809"}],"wp:attachment":[{"href":"https:\/\/aconteceunovale.com.br\/portal\/index.php?rest_route=%2Fwp%2Fv2%2Fmedia&parent=137807"}],"wp:term":[{"taxonomy":"category","embeddable":true,"href":"https:\/\/aconteceunovale.com.br\/portal\/index.php?rest_route=%2Fwp%2Fv2%2Fcategories&post=137807"},{"taxonomy":"post_tag","embeddable":true,"href":"https:\/\/aconteceunovale.com.br\/portal\/index.php?rest_route=%2Fwp%2Fv2%2Ftags&post=137807"}],"curies":[{"name":"wp","href":"https:\/\/api.w.org\/{rel}","templated":true}]}}