{"id":137801,"date":"2018-10-29T19:33:45","date_gmt":"2018-10-29T21:33:45","guid":{"rendered":"http:\/\/aconteceunovale.com.br\/portal\/?p=137801"},"modified":"2018-10-29T19:33:45","modified_gmt":"2018-10-29T21:33:45","slug":"homem-e-preso-com-arma-em-bocaiuva","status":"publish","type":"post","link":"https:\/\/aconteceunovale.com.br\/portal\/?p=137801","title":{"rendered":"Homem \u00e9 preso com arma em Bocaiuva"},"content":{"rendered":"<p>Um homem de 19 anos foi preso nesse domingo (28\/10\/2018) por posse ilegal de arma de fogo em Bocaiuva, no Norte de Minas. De acordo com a Pol\u00edcia Militar, den\u00fancias informaram que o homem estava andando com um rev\u00f3lver \u00e0 procura de rivais no Bairro Nossa Senhora Aparecida.<\/p>\n<p>Militares iniciaram buscas pelo homem e flagram ele em atitude suspeita na Rua Lino Jos\u00e9 de Moura. O suspeito percebeu a aproxima\u00e7\u00e3o dos policiais e tentou se esconder em uma casa abandonada, mas foi preso no interior do im\u00f3vel.<\/p>\n<p>O homem, de acordo com a PM, \u00e9 suspeito de participar de um assalto a uma \u00f3tica no Centro da cidade. A arma, um rev\u00f3lver calibre 38 com muni\u00e7\u00f5es, foi apreendida e o homem preso e levado para a Delegacia em Montes Claros.<\/p>\n<p><img decoding=\"async\" src=\"http:\/\/aconteceunovale.com.br\/portal\/wp-content\/uploads\/2018\/10\/arma_boc1.jpg\" alt=\"\" \/><em>Autor e a arma foram encontrados na casa abandonada \u2014 Foto: PM\/Divulga\u00e7\u00e3o<\/em><br \/>\n<\/br><\/p>\n<p><strong>VER PRIMEIRO<\/strong><\/p>\n<p>Receba as not\u00edcias do Aconteceu no Vale em primeira m\u00e3o. Clique em curtir no endere\u00e7o <a href=\"https:\/\/www.facebook.com\/aconteceunovale\" target=\"_blank\"><font color=\"red\">www.facebook.com\/aconteceunovale<\/font><\/a> ou no box abaixo:<\/p>\n<div class=\"fb-like\" data-href=\"https:\/\/www.facebook.com\/aconteceunovale\" data-width=\"120\" data-layout=\"standard\" data-action=\"like\" data-size=\"small\" data-show-faces=\"true\" data-share=\"true\"><\/div>\n<p><\/br><\/p>\n<p><em>(Fonte: G1 Grnade Minas)<\/em><\/p>\n","protected":false},"excerpt":{"rendered":"<p>Um homem de 19 anos foi preso nesse domingo (28\/10\/2018) por posse ilegal de arma de fogo em Bocaiuva, no Norte de Minas. De acordo com a Pol\u00edcia Militar, den\u00fancias informaram que o homem estava andando com um rev\u00f3lver \u00e0 procura de rivais no Bairro Nossa Senhora Aparecida. Militares iniciaram buscas pelo homem e flagram [&hellip;]<\/p>\n","protected":false},"author":1,"featured_media":137802,"comment_status":"open","ping_status":"closed","sticky":false,"template":"","format":"standard","meta":{"amp_status":"","footnotes":""},"categories":[1236],"tags":[183556,183557,645,184489,184490,128348],"class_list":["post-137801","post","type-post","status-publish","format-standard","has-post-thumbnail","hentry","category-norte_de_minas","tag-apreensao-de-arma-em-bocaiuva","tag-arma-apreendida-em-bocaiuva","tag-bocaiuva","tag-homem-e-preso-com-arma-em-bocaiuva","tag-preso-com-revolver-em-bocaiuva","tag-preso-em-bocaiuva"],"yoast_head":"<!-- This site is optimized with the Yoast SEO plugin v28.3 - https:\/\/yoast.com\/product\/yoast-seo-wordpress\/ -->\n<title>Homem \u00e9 preso com arma em Bocaiuva - Aconteceu no Vale<\/title>\n<meta name=\"robots\" content=\"index, follow, max-snippet:-1, max-image-preview:large, max-video-preview:-1\" \/>\n<link rel=\"canonical\" href=\"https:\/\/aconteceunovale.com.br\/portal\/?p=137801\" \/>\n<meta property=\"og:locale\" content=\"pt_BR\" \/>\n<meta property=\"og:type\" content=\"article\" \/>\n<meta property=\"og:title\" content=\"Homem \u00e9 preso com arma em Bocaiuva - Aconteceu no Vale\" \/>\n<meta property=\"og:description\" content=\"Um homem de 19 anos foi preso nesse domingo (28\/10\/2018) por posse ilegal de arma de fogo em Bocaiuva, no Norte de Minas. De acordo com a Pol\u00edcia Militar, den\u00fancias informaram que o homem estava andando com um rev\u00f3lver \u00e0 procura de rivais no Bairro Nossa Senhora Aparecida. Militares iniciaram buscas pelo homem e flagram [&hellip;]\" \/>\n<meta property=\"og:url\" content=\"https:\/\/aconteceunovale.com.br\/portal\/?p=137801\" \/>\n<meta property=\"og:site_name\" content=\"Aconteceu no Vale\" \/>\n<meta property=\"article:publisher\" content=\"https:\/\/www.facebook.com\/aconteceunovale\/\" \/>\n<meta property=\"article:published_time\" content=\"2018-10-29T21:33:45+00:00\" \/>\n<meta property=\"og:image\" content=\"https:\/\/aconteceunovale.com.br\/portal\/wp-content\/uploads\/2018\/10\/arma_boc1.jpg\" \/>\n\t<meta property=\"og:image:width\" content=\"678\" \/>\n\t<meta property=\"og:image:height\" content=\"437\" \/>\n\t<meta property=\"og:image:type\" content=\"image\/jpeg\" \/>\n<meta name=\"author\" content=\"Aconteceu no Vale\" \/>\n<meta name=\"twitter:card\" content=\"summary_large_image\" \/>\n<meta name=\"twitter:creator\" content=\"@noticiadosvales\" \/>\n<meta name=\"twitter:site\" content=\"@noticiadosvales\" \/>\n<meta name=\"twitter:label1\" content=\"Escrito por\" \/>\n\t<meta name=\"twitter:data1\" content=\"Aconteceu no Vale\" \/>\n\t<meta name=\"twitter:label2\" content=\"Est. tempo de leitura\" \/>\n\t<meta name=\"twitter:data2\" content=\"1 minuto\" \/>\n<script type=\"application\/ld+json\" class=\"yoast-schema-graph\">{\"@context\":\"https:\\\/\\\/schema.org\",\"@graph\":[{\"@type\":\"Article\",\"@id\":\"https:\\\/\\\/aconteceunovale.com.br\\\/portal\\\/?p=137801#article\",\"isPartOf\":{\"@id\":\"https:\\\/\\\/aconteceunovale.com.br\\\/portal\\\/?p=137801\"},\"author\":{\"name\":\"Aconteceu no Vale\",\"@id\":\"https:\\\/\\\/aconteceunovale.com.br\\\/portal\\\/#\\\/schema\\\/person\\\/633529146f2c94272bef50ac2953d589\"},\"headline\":\"Homem \u00e9 preso com arma em Bocaiuva\",\"datePublished\":\"2018-10-29T21:33:45+00:00\",\"mainEntityOfPage\":{\"@id\":\"https:\\\/\\\/aconteceunovale.com.br\\\/portal\\\/?p=137801\"},\"wordCount\":183,\"commentCount\":0,\"image\":{\"@id\":\"https:\\\/\\\/aconteceunovale.com.br\\\/portal\\\/?p=137801#primaryimage\"},\"thumbnailUrl\":\"https:\\\/\\\/aconteceunovale.com.br\\\/portal\\\/wp-content\\\/uploads\\\/2018\\\/10\\\/arma_boc1.jpg\",\"keywords\":[\"Apreens\u00e3o de arma em Bocaiuva\",\"Arma apreendida em Bocaiuva\",\"Bocai\u00fava\",\"Homem \u00e9 preso com arma em Bocaiuva\",\"Preso com rev\u00f3lver em Bocaiuva\",\"Preso em Bocaiuva\"],\"articleSection\":[\"Norte de Minas\"],\"inLanguage\":\"pt-BR\",\"potentialAction\":[{\"@type\":\"CommentAction\",\"name\":\"Comment\",\"target\":[\"https:\\\/\\\/aconteceunovale.com.br\\\/portal\\\/?p=137801#respond\"]}]},{\"@type\":\"WebPage\",\"@id\":\"https:\\\/\\\/aconteceunovale.com.br\\\/portal\\\/?p=137801\",\"url\":\"https:\\\/\\\/aconteceunovale.com.br\\\/portal\\\/?p=137801\",\"name\":\"Homem \u00e9 preso com arma em Bocaiuva - Aconteceu no Vale\",\"isPartOf\":{\"@id\":\"https:\\\/\\\/aconteceunovale.com.br\\\/portal\\\/#website\"},\"primaryImageOfPage\":{\"@id\":\"https:\\\/\\\/aconteceunovale.com.br\\\/portal\\\/?p=137801#primaryimage\"},\"image\":{\"@id\":\"https:\\\/\\\/aconteceunovale.com.br\\\/portal\\\/?p=137801#primaryimage\"},\"thumbnailUrl\":\"https:\\\/\\\/aconteceunovale.com.br\\\/portal\\\/wp-content\\\/uploads\\\/2018\\\/10\\\/arma_boc1.jpg\",\"datePublished\":\"2018-10-29T21:33:45+00:00\",\"author\":{\"@id\":\"https:\\\/\\\/aconteceunovale.com.br\\\/portal\\\/#\\\/schema\\\/person\\\/633529146f2c94272bef50ac2953d589\"},\"breadcrumb\":{\"@id\":\"https:\\\/\\\/aconteceunovale.com.br\\\/portal\\\/?p=137801#breadcrumb\"},\"inLanguage\":\"pt-BR\",\"potentialAction\":[{\"@type\":\"ReadAction\",\"target\":[\"https:\\\/\\\/aconteceunovale.com.br\\\/portal\\\/?p=137801\"]}]},{\"@type\":\"ImageObject\",\"inLanguage\":\"pt-BR\",\"@id\":\"https:\\\/\\\/aconteceunovale.com.br\\\/portal\\\/?p=137801#primaryimage\",\"url\":\"https:\\\/\\\/aconteceunovale.com.br\\\/portal\\\/wp-content\\\/uploads\\\/2018\\\/10\\\/arma_boc1.jpg\",\"contentUrl\":\"https:\\\/\\\/aconteceunovale.com.br\\\/portal\\\/wp-content\\\/uploads\\\/2018\\\/10\\\/arma_boc1.jpg\",\"width\":678,\"height\":437},{\"@type\":\"BreadcrumbList\",\"@id\":\"https:\\\/\\\/aconteceunovale.com.br\\\/portal\\\/?p=137801#breadcrumb\",\"itemListElement\":[{\"@type\":\"ListItem\",\"position\":1,\"name\":\"In\u00edcio\",\"item\":\"https:\\\/\\\/aconteceunovale.com.br\\\/portal\\\/\"},{\"@type\":\"ListItem\",\"position\":2,\"name\":\"Homem \u00e9 preso com arma em Bocaiuva\"}]},{\"@type\":\"WebSite\",\"@id\":\"https:\\\/\\\/aconteceunovale.com.br\\\/portal\\\/#website\",\"url\":\"https:\\\/\\\/aconteceunovale.com.br\\\/portal\\\/\",\"name\":\"Aconteceu no Vale\",\"description\":\"Portal de Not\u00edcias\",\"potentialAction\":[{\"@type\":\"SearchAction\",\"target\":{\"@type\":\"EntryPoint\",\"urlTemplate\":\"https:\\\/\\\/aconteceunovale.com.br\\\/portal\\\/?s={search_term_string}\"},\"query-input\":{\"@type\":\"PropertyValueSpecification\",\"valueRequired\":true,\"valueName\":\"search_term_string\"}}],\"inLanguage\":\"pt-BR\"},{\"@type\":\"Person\",\"@id\":\"https:\\\/\\\/aconteceunovale.com.br\\\/portal\\\/#\\\/schema\\\/person\\\/633529146f2c94272bef50ac2953d589\",\"name\":\"Aconteceu no Vale\",\"description\":\"Equipe de reportagem do Aconteceu no Vale, portal de not\u00edcias do Vale do Jequitinhonha, em Minas Gerais. Cobrimos as 51 cidades do Vale desde 2013. Sugest\u00f5es de pauta e pedidos de corre\u00e7\u00e3o: contato@aconteceunovale.com.br\",\"sameAs\":[\"http:\\\/\\\/www.aconteceunovale.com.br\"],\"url\":\"https:\\\/\\\/aconteceunovale.com.br\\\/portal\\\/?author=1\"}]}<\/script>\n<!-- \/ Yoast SEO plugin. -->","yoast_head_json":{"title":"Homem \u00e9 preso com arma em Bocaiuva - Aconteceu no Vale","robots":{"index":"index","follow":"follow","max-snippet":"max-snippet:-1","max-image-preview":"max-image-preview:large","max-video-preview":"max-video-preview:-1"},"canonical":"https:\/\/aconteceunovale.com.br\/portal\/?p=137801","og_locale":"pt_BR","og_type":"article","og_title":"Homem \u00e9 preso com arma em Bocaiuva - Aconteceu no Vale","og_description":"Um homem de 19 anos foi preso nesse domingo (28\/10\/2018) por posse ilegal de arma de fogo em Bocaiuva, no Norte de Minas. De acordo com a Pol\u00edcia Militar, den\u00fancias informaram que o homem estava andando com um rev\u00f3lver \u00e0 procura de rivais no Bairro Nossa Senhora Aparecida. Militares iniciaram buscas pelo homem e flagram [&hellip;]","og_url":"https:\/\/aconteceunovale.com.br\/portal\/?p=137801","og_site_name":"Aconteceu no Vale","article_publisher":"https:\/\/www.facebook.com\/aconteceunovale\/","article_published_time":"2018-10-29T21:33:45+00:00","og_image":[{"width":678,"height":437,"url":"https:\/\/aconteceunovale.com.br\/portal\/wp-content\/uploads\/2018\/10\/arma_boc1.jpg","type":"image\/jpeg"}],"author":"Aconteceu no Vale","twitter_card":"summary_large_image","twitter_creator":"@noticiadosvales","twitter_site":"@noticiadosvales","twitter_misc":{"Escrito por":"Aconteceu no Vale","Est. tempo de leitura":"1 minuto"},"schema":{"@context":"https:\/\/schema.org","@graph":[{"@type":"Article","@id":"https:\/\/aconteceunovale.com.br\/portal\/?p=137801#article","isPartOf":{"@id":"https:\/\/aconteceunovale.com.br\/portal\/?p=137801"},"author":{"name":"Aconteceu no Vale","@id":"https:\/\/aconteceunovale.com.br\/portal\/#\/schema\/person\/633529146f2c94272bef50ac2953d589"},"headline":"Homem \u00e9 preso com arma em Bocaiuva","datePublished":"2018-10-29T21:33:45+00:00","mainEntityOfPage":{"@id":"https:\/\/aconteceunovale.com.br\/portal\/?p=137801"},"wordCount":183,"commentCount":0,"image":{"@id":"https:\/\/aconteceunovale.com.br\/portal\/?p=137801#primaryimage"},"thumbnailUrl":"https:\/\/aconteceunovale.com.br\/portal\/wp-content\/uploads\/2018\/10\/arma_boc1.jpg","keywords":["Apreens\u00e3o de arma em Bocaiuva","Arma apreendida em Bocaiuva","Bocai\u00fava","Homem \u00e9 preso com arma em Bocaiuva","Preso com rev\u00f3lver em Bocaiuva","Preso em Bocaiuva"],"articleSection":["Norte de Minas"],"inLanguage":"pt-BR","potentialAction":[{"@type":"CommentAction","name":"Comment","target":["https:\/\/aconteceunovale.com.br\/portal\/?p=137801#respond"]}]},{"@type":"WebPage","@id":"https:\/\/aconteceunovale.com.br\/portal\/?p=137801","url":"https:\/\/aconteceunovale.com.br\/portal\/?p=137801","name":"Homem \u00e9 preso com arma em Bocaiuva - Aconteceu no Vale","isPartOf":{"@id":"https:\/\/aconteceunovale.com.br\/portal\/#website"},"primaryImageOfPage":{"@id":"https:\/\/aconteceunovale.com.br\/portal\/?p=137801#primaryimage"},"image":{"@id":"https:\/\/aconteceunovale.com.br\/portal\/?p=137801#primaryimage"},"thumbnailUrl":"https:\/\/aconteceunovale.com.br\/portal\/wp-content\/uploads\/2018\/10\/arma_boc1.jpg","datePublished":"2018-10-29T21:33:45+00:00","author":{"@id":"https:\/\/aconteceunovale.com.br\/portal\/#\/schema\/person\/633529146f2c94272bef50ac2953d589"},"breadcrumb":{"@id":"https:\/\/aconteceunovale.com.br\/portal\/?p=137801#breadcrumb"},"inLanguage":"pt-BR","potentialAction":[{"@type":"ReadAction","target":["https:\/\/aconteceunovale.com.br\/portal\/?p=137801"]}]},{"@type":"ImageObject","inLanguage":"pt-BR","@id":"https:\/\/aconteceunovale.com.br\/portal\/?p=137801#primaryimage","url":"https:\/\/aconteceunovale.com.br\/portal\/wp-content\/uploads\/2018\/10\/arma_boc1.jpg","contentUrl":"https:\/\/aconteceunovale.com.br\/portal\/wp-content\/uploads\/2018\/10\/arma_boc1.jpg","width":678,"height":437},{"@type":"BreadcrumbList","@id":"https:\/\/aconteceunovale.com.br\/portal\/?p=137801#breadcrumb","itemListElement":[{"@type":"ListItem","position":1,"name":"In\u00edcio","item":"https:\/\/aconteceunovale.com.br\/portal\/"},{"@type":"ListItem","position":2,"name":"Homem \u00e9 preso com arma em Bocaiuva"}]},{"@type":"WebSite","@id":"https:\/\/aconteceunovale.com.br\/portal\/#website","url":"https:\/\/aconteceunovale.com.br\/portal\/","name":"Aconteceu no Vale","description":"Portal de Not\u00edcias","potentialAction":[{"@type":"SearchAction","target":{"@type":"EntryPoint","urlTemplate":"https:\/\/aconteceunovale.com.br\/portal\/?s={search_term_string}"},"query-input":{"@type":"PropertyValueSpecification","valueRequired":true,"valueName":"search_term_string"}}],"inLanguage":"pt-BR"},{"@type":"Person","@id":"https:\/\/aconteceunovale.com.br\/portal\/#\/schema\/person\/633529146f2c94272bef50ac2953d589","name":"Aconteceu no Vale","description":"Equipe de reportagem do Aconteceu no Vale, portal de not\u00edcias do Vale do Jequitinhonha, em Minas Gerais. Cobrimos as 51 cidades do Vale desde 2013. Sugest\u00f5es de pauta e pedidos de corre\u00e7\u00e3o: contato@aconteceunovale.com.br","sameAs":["http:\/\/www.aconteceunovale.com.br"],"url":"https:\/\/aconteceunovale.com.br\/portal\/?author=1"}]}},"_links":{"self":[{"href":"https:\/\/aconteceunovale.com.br\/portal\/index.php?rest_route=\/wp\/v2\/posts\/137801","targetHints":{"allow":["GET"]}}],"collection":[{"href":"https:\/\/aconteceunovale.com.br\/portal\/index.php?rest_route=\/wp\/v2\/posts"}],"about":[{"href":"https:\/\/aconteceunovale.com.br\/portal\/index.php?rest_route=\/wp\/v2\/types\/post"}],"author":[{"embeddable":true,"href":"https:\/\/aconteceunovale.com.br\/portal\/index.php?rest_route=\/wp\/v2\/users\/1"}],"replies":[{"embeddable":true,"href":"https:\/\/aconteceunovale.com.br\/portal\/index.php?rest_route=%2Fwp%2Fv2%2Fcomments&post=137801"}],"version-history":[{"count":0,"href":"https:\/\/aconteceunovale.com.br\/portal\/index.php?rest_route=\/wp\/v2\/posts\/137801\/revisions"}],"wp:featuredmedia":[{"embeddable":true,"href":"https:\/\/aconteceunovale.com.br\/portal\/index.php?rest_route=\/wp\/v2\/media\/137802"}],"wp:attachment":[{"href":"https:\/\/aconteceunovale.com.br\/portal\/index.php?rest_route=%2Fwp%2Fv2%2Fmedia&parent=137801"}],"wp:term":[{"taxonomy":"category","embeddable":true,"href":"https:\/\/aconteceunovale.com.br\/portal\/index.php?rest_route=%2Fwp%2Fv2%2Fcategories&post=137801"},{"taxonomy":"post_tag","embeddable":true,"href":"https:\/\/aconteceunovale.com.br\/portal\/index.php?rest_route=%2Fwp%2Fv2%2Ftags&post=137801"}],"curies":[{"name":"wp","href":"https:\/\/api.w.org\/{rel}","templated":true}]}}