{"id":137739,"date":"2018-10-29T00:41:25","date_gmt":"2018-10-29T02:41:25","guid":{"rendered":"http:\/\/aconteceunovale.com.br\/portal\/?p=137739"},"modified":"2018-10-29T00:41:25","modified_gmt":"2018-10-29T02:41:25","slug":"helder-barbalho-e-eleito-governador-no-para","status":"publish","type":"post","link":"https:\/\/aconteceunovale.com.br\/portal\/?p=137739","title":{"rendered":"Helder Barbalho \u00e9 eleito governador no Par\u00e1"},"content":{"rendered":"<p>Com 100% das urnas apuradas, o candidato Helder Barbalho (MDB) foi eleito governador do Par\u00e1, com 55,43% dos votos v\u00e1lidos. Seu advers\u00e1rio, Marcio Miranda (DEM), ficou com 44,57%.<\/p>\n<p>Os votos brancos somam 1,93% e os nulos, 9,59%. A absten\u00e7\u00e3o registrada foi 23,29%.<\/p>\n<p>No primeiro turno Helder Barbalho ficou com 47,69% dos votos . Filho do senador Jader Barbalho e da deputada Elcione, Helder foi ministro dos Portos e da Integra\u00e7\u00e3o Nacional. Foi vereador e prefeito de Ananindeua, cidade da regi\u00e3o metropolitana de Bel\u00e9m. Helder foi citado nas dela\u00e7\u00f5es da Odebrecht: teria recebido irregularmente R$ 1,5 milh\u00e3o da empreiteira para a campanha de 2014, quando concorreu a governador do Par\u00e1 pela primeira vez.<\/p>\n<p><strong>VER PRIMEIRO<\/strong><\/p>\n<p>Receba as not\u00edcias do Aconteceu no Vale em primeira m\u00e3o. Clique em curtir no endere\u00e7o <a href=\"https:\/\/www.facebook.com\/aconteceunovale\" target=\"_blank\"><font color=\"red\">www.facebook.com\/aconteceunovale<\/font><\/a> ou no box abaixo:<\/p>\n<div class=\"fb-like\" data-href=\"https:\/\/www.facebook.com\/aconteceunovale\" data-width=\"120\" data-layout=\"standard\" data-action=\"like\" data-size=\"small\" data-show-faces=\"true\" data-share=\"true\"><\/div>\n<p><\/br><\/p>\n<p><em>(Fonte: Ag\u00eancia Brasil)<\/em><\/p>\n","protected":false},"excerpt":{"rendered":"<p>Com 100% das urnas apuradas, o candidato Helder Barbalho (MDB) foi eleito governador do Par\u00e1, com 55,43% dos votos v\u00e1lidos. Seu advers\u00e1rio, Marcio Miranda (DEM), ficou com 44,57%. Os votos brancos somam 1,93% e os nulos, 9,59%. A absten\u00e7\u00e3o registrada foi 23,29%. No primeiro turno Helder Barbalho ficou com 47,69% dos votos . Filho do [&hellip;]<\/p>\n","protected":false},"author":1,"featured_media":137740,"comment_status":"open","ping_status":"closed","sticky":false,"template":"","format":"standard","meta":{"amp_status":"","footnotes":""},"categories":[6,82600,40240],"tags":[184388,184390,184391,20461,184392,27846,184387,184393,20475,184389,15362,184394,184395],"class_list":["post-137739","post","type-post","status-publish","format-standard","has-post-thumbnail","hentry","category-br","category-eleicoes-2018","category-politica-2","tag-apuracao-dos-votos-no-para","tag-eleito-no-para","tag-governador-do-para","tag-governador-eleito-no-para","tag-governo-do-para","tag-helder-barbalho","tag-helder-barbalho-e-eleito-governador-no-para","tag-novo-governador-do-pa","tag-novo-governador-do-para","tag-pa","tag-para","tag-resultado-da-eleicao-no-para","tag-votacao-para"],"_links":{"self":[{"href":"https:\/\/aconteceunovale.com.br\/portal\/index.php?rest_route=\/wp\/v2\/posts\/137739","targetHints":{"allow":["GET"]}}],"collection":[{"href":"https:\/\/aconteceunovale.com.br\/portal\/index.php?rest_route=\/wp\/v2\/posts"}],"about":[{"href":"https:\/\/aconteceunovale.com.br\/portal\/index.php?rest_route=\/wp\/v2\/types\/post"}],"author":[{"embeddable":true,"href":"https:\/\/aconteceunovale.com.br\/portal\/index.php?rest_route=\/wp\/v2\/users\/1"}],"replies":[{"embeddable":true,"href":"https:\/\/aconteceunovale.com.br\/portal\/index.php?rest_route=%2Fwp%2Fv2%2Fcomments&post=137739"}],"version-history":[{"count":0,"href":"https:\/\/aconteceunovale.com.br\/portal\/index.php?rest_route=\/wp\/v2\/posts\/137739\/revisions"}],"wp:featuredmedia":[{"embeddable":true,"href":"https:\/\/aconteceunovale.com.br\/portal\/index.php?rest_route=\/wp\/v2\/media\/137740"}],"wp:attachment":[{"href":"https:\/\/aconteceunovale.com.br\/portal\/index.php?rest_route=%2Fwp%2Fv2%2Fmedia&parent=137739"}],"wp:term":[{"taxonomy":"category","embeddable":true,"href":"https:\/\/aconteceunovale.com.br\/portal\/index.php?rest_route=%2Fwp%2Fv2%2Fcategories&post=137739"},{"taxonomy":"post_tag","embeddable":true,"href":"https:\/\/aconteceunovale.com.br\/portal\/index.php?rest_route=%2Fwp%2Fv2%2Ftags&post=137739"}],"curies":[{"name":"wp","href":"https:\/\/api.w.org\/{rel}","templated":true}]}}