{"id":137290,"date":"2018-10-25T11:17:44","date_gmt":"2018-10-25T13:17:44","guid":{"rendered":"http:\/\/aconteceunovale.com.br\/portal\/?p=137290"},"modified":"2018-10-25T11:17:44","modified_gmt":"2018-10-25T13:17:44","slug":"a-agua-no-brasil-da-abundancia-a-escassez","status":"publish","type":"post","link":"https:\/\/aconteceunovale.com.br\/portal\/?p=137290","title":{"rendered":"A \u00e1gua no Brasil: da abund\u00e2ncia \u00e0 escassez"},"content":{"rendered":"<p>Garantir o acesso \u00e0 \u00e1gua de qualidade a todos os brasileiros \u00e9 um dos principais desafios para os pr\u00f3ximos gestores do pa\u00eds. Culturalmente tratado como um bem infinito, a \u00e1gua \u00e9 um dos recursos naturais que mais tem dado sinais de que n\u00e3o subsistir\u00e1 por muito tempo \u00e0s interven\u00e7\u00f5es humanas no meio ambiente e \u00e0s mudan\u00e7as do clima.<\/p>\n<p>Em v\u00e1rias regi\u00f5es do pa\u00eds, j\u00e1 s\u00e3o sentidos diferentes impactos, como escassez, desaparecimento de nascentes e rios, aumento da polui\u00e7\u00e3o da \u00e1gua. Os especialistas alertam que os problemas podem se agravar se n\u00e3o forem tomadas medidas urgentes e se a sociedade n\u00e3o mudar sua percep\u00e7\u00e3o e comportamento em rela\u00e7\u00e3o aos recursos naturais.<\/p>\n<p>O Brasil tem 12 regi\u00f5es hidrogr\u00e1ficas que passam por diferentes desafios para manter sua disponibilidade e qualidade h\u00eddrica. Mapeamento do Minist\u00e9rio do Meio Ambiente mostra que, nas bacias que abrangem a Regi\u00e3o Norte, o impacto vem principalmente da expans\u00e3o da gera\u00e7\u00e3o de energia hidrel\u00e9trica. Na Regi\u00e3o Centro-Oeste, \u00e9 a expans\u00e3o da fronteira agr\u00edcola que mais desafia a conserva\u00e7\u00e3o dos recursos h\u00eddricos. As regi\u00f5es Sul e Nordeste enfrentam d\u00e9ficit h\u00eddrico e a Regi\u00e3o Sudeste apresenta tamb\u00e9m o problema da polui\u00e7\u00e3o h\u00eddrica.<\/p>\n<p>Em n\u00edvel global, o desafio \u00e9 conter o aumento da temperatura do clima, fator que gera ondas de calor e extremos de seca que afetam a disponibilidade de \u00e1gua. O relat\u00f3rio especial do Painel Intergovernamental das Mudan\u00e7as Clim\u00e1ticas, das Na\u00e7\u00f5es Unidas, divulgado recentemente, mostra que, se a temperatura global subir acima de 1,5\u00b0C, em todo o mundo mais de 350 milh\u00f5es de pessoas ficar\u00e3o expostas at\u00e9 2050 a per\u00edodos severos de seca.<\/p>\n<p><img decoding=\"async\" src=\"http:\/\/aconteceunovale.com.br\/portal\/wp-content\/uploads\/2018\/10\/agua_br.jpg\" alt=\"\" \/><em>Os especialistas apontam que uma das principais causas para a crise h\u00eddrica \u00e9 o uso inadequado do solo &#8211; Foto: Arquivo\/Fabio Rodrigues Pozzebom\/Ag\u00eancia Brasil<\/em><br \/>\n<\/br><\/p>\n<p><strong>Brasil: o mito da abund\u00e2ncia <\/strong><\/p>\n<p>\u201cAs gera\u00e7\u00f5es mais antigas foram criadas com o mito do pa\u00eds riqu\u00edssimo em \u00e1gua, que \u00e1gua seria um problema cr\u00f4nico, hist\u00f3rico, s\u00f3 no Nordeste, no semi\u00e1rido. Obviamente, desde 2013, na primeira crise que a gente teve, o apag\u00e3o, que na verdade foi um \u201csec\u00e3o\u201d, porque n\u00e3o foi resultado s\u00f3 de uma quest\u00e3o el\u00e9trica, ficou claro que o Sudeste e o Centro-Oeste t\u00eam problemas concretos, intensificados nos \u00faltimos dois anos, de disponibilidade de \u00e1gua\u201d, destacou Ricardo Novaes, especialista em Recursos H\u00eddricos do WWF-Brasil.<\/p>\n<p>O pesquisador explica que a crise resulta tamb\u00e9m da falta de adequada gest\u00e3o do uso da \u00e1gua, sobretudo em per\u00edodos de estiagem &#8211;  tend\u00eancia que deve se manter tendo em vista o baixo \u00edndice de precipita\u00e7\u00e3o registrado no in\u00edcio desta primavera.<\/p>\n<p>\u201cTemos indicativos de que h\u00e1 um risco de, no pr\u00f3ximo ver\u00e3o, ou talvez no outro ano, termos novamente um quadro muito complicado em S\u00e3o Paulo, talvez em todo o Sudeste. Os reservat\u00f3rios est\u00e3o com n\u00edveis abaixo do que estavam h\u00e1 dois anos,  antes da crise de 2014 e 15\u201d, afirmou.<\/p>\n<p>Depois da grave crise h\u00eddrica de 2015 que afetou a popula\u00e7\u00e3o de S\u00e3o Paulo, os moradores do Distrito Federal (DF) tamb\u00e9m passaram pelo primeiro racionamento nos \u00faltimos 30 anos devido \u00e0 falta de \u00e1gua nas principais bacias que abastecem a regi\u00e3o. Por mais de um ano, os moradores da capital do pa\u00eds tiveram que se adaptar a um rod\u00edzio de dias sem \u00e1gua devido ao esgotamento dos reservat\u00f3rios das principais bacias que abastecem a cidade.<\/p>\n<p>Na \u00e1rea rural, o governo do DF decretou estado de emerg\u00eancia agr\u00edcola. Na \u00e9poca, foi estimado um preju\u00edzo de R$ 116 milh\u00f5es com a redu\u00e7\u00e3o de 70% na produ\u00e7\u00e3o de milho, segundo estudo da Secretaria do Meio Ambiente do DF.<\/p>\n<p><strong>Ber\u00e7o de \u00e1guas escassas<\/strong><\/p>\n<p>Os especialistas apontam que uma das principais causas para a crise h\u00eddrica \u00e9 o uso inadequado do solo. No Centro-Oeste, por exemplo, est\u00e3o concentradas as nascentes de rios importantes do pa\u00eds, devido a sua localiza\u00e7\u00e3o no Planalto Central. Conhecida como ber\u00e7o das \u00e1guas, a regi\u00e3o tem vegeta\u00e7\u00e3o de Cerrado, bioma que ocupa mais de 20% do territ\u00f3rio e atualmente \u00e9 um dos principais pontos de expans\u00e3o da agropecu\u00e1ria, atividade que usa cerca de 70% da \u00e1gua consumida no pa\u00eds.<\/p>\n<p>Como consequ\u00eancia do avan\u00e7o da fronteira agr\u00edcola, o Cerrado j\u00e1 tem praticamente metade de sua \u00e1rea totalmente devastada. Os efeitos da aus\u00eancia da vegeta\u00e7\u00e3o nativa para proteger o solo j\u00e1 s\u00e3o percebidos principalmente na diminui\u00e7\u00e3o da vaz\u00e3o dos rios e na escassez de \u00e1gua para abastecimento urbano.<\/p>\n<p>Segundo a coordenadora do programa Cerrado e Caatinga do Instituto Sociedade, Popula\u00e7\u00e3o e Natureza (ISPN), Isabel Figueiredo, que integra a Rede Cerrado, o desmatamento acelerado est\u00e1 impactando tanto a frequ\u00eancia de chuvas, que vem diminuindo nos \u00faltimos cinco anos na regi\u00e3o, quanto na capacidade do solo de absorver e armazenar a \u00e1gua no subsolo e devolv\u00ea-la para os rios.<\/p>\n<p>\u201cA mudan\u00e7a do uso da terra tem alterado demais o ciclo da \u00e1gua e faz com que a gente tenha menos \u00e1gua nos rios, os rios muito assoreados e menor disponibilidade de chuva. Ent\u00e3o, o ciclo da \u00e1gua est\u00e1 num pequeno colapso\u201d, afirmou Isabel.<\/p>\n<p>Proje\u00e7\u00f5es do Painel Brasileiro de Mudan\u00e7a Clim\u00e1tica (PBMC) apontam que nas pr\u00f3ximas tr\u00eas d\u00e9cadas o bioma do Cerrado poder\u00e1 ter aumento de 1\u00b0C na temperatura superficial com diminui\u00e7\u00e3o percentual entre 10% a 20% da chuva.<\/p>\n<p>\u201cA contribui\u00e7\u00e3o do Cerrado para as bacias hidrogr\u00e1ficas importantes do Brasil, como S\u00e3o Francisco, Tocantins, por exemplo, vai diminuir muito, se esse processo de desmatamento continuar nesse n\u00edvel\u201d, completou.<\/p>\n<p>A especialista lembra ainda que o desmatamento do Cerrado n\u00e3o afeta somente as comunidades locais, que j\u00e1 relatam dificuldades para plantar, mas tamb\u00e9m outras regi\u00f5es. \u201cOs biomas e ecossistemas brasileiros est\u00e3o todos interligados. O desmatamento do Cerrado afeta a chuva que cai em S\u00e3o Paulo, o desmatamento na Amaz\u00f4nia afeta a chuva que cai aqui no Cerrado\u201d, explica.<\/p>\n<p><strong>Outros desafios<\/strong><\/p>\n<p>O desafio de garantir o funcionamento do ciclo hidrol\u00f3gico natural tamb\u00e9m tem impacto na manuten\u00e7\u00e3o dos aqu\u00edferos subterr\u00e2neos. Os pesquisadores lamentam que o assunto n\u00e3o tenha destaque no debate p\u00fablico e na agenda eleitoral e alertam que, para evitar a pr\u00f3xima crise, \u00e9 necess\u00e1rio criar um modelo de gest\u00e3o das \u00e1guas subterr\u00e2neas.<\/p>\n<p>Outro problema que leva \u00e0 escassez de \u00e1gua \u00e9 a estrutura prec\u00e1ria de saneamento. Considerando as metas estabelecidas pelos Objetivos do Desenvolvimento Sustent\u00e1vel da Na\u00e7\u00f5es Unidas, do qual o Brasil \u00e9 signat\u00e1rio, uma das principais preocupa\u00e7\u00f5es com rela\u00e7\u00e3o \u00e0 \u00e1gua \u00e9 garantir a universaliza\u00e7\u00e3o do saneamento.<\/p>\n<p>Segundo a Ag\u00eancia Nacional de \u00c1guas (ANA), mais de 35 milh\u00f5es de pessoas ainda n\u00e3o t\u00eam acesso \u00e0 \u00e1gua tratada no Brasil e o sistema de abastecimento de \u00e1gua pot\u00e1vel gera 37% de perdas, em m\u00e9dia. A falta de tratamento do esgoto compromete mais de 110 mil quil\u00f4metros dos rios brasileiros que recebem os dejetos.<\/p>\n<p>A ag\u00eancia estima que, para regularizar a situa\u00e7\u00e3o, seriam necess\u00e1rios pelo menos R$ 150 bilh\u00f5es de investimentos em coleta e tratamento de esgotos at\u00e9 2035.<\/p>\n<p>\u201cUm objetivo absolutamente fundamental, mas que vai exigir um n\u00edvel de investimento, comprometimento de agentes p\u00fablicos e desenvolvimento de tecnologias &#8211; e n\u00e3o estamos vendo energia sendo colocada pra atingir isso. E n\u00e3o adianta voc\u00ea investir em saneamento e ter de buscar \u00e1gua cada vez mais longe, por causa do desmatamento\u201d, criticou Novaes.<\/p>\n<p><strong>Um problema de percep\u00e7\u00e3o<\/strong><\/p>\n<p>Doutor em ecologia e autor de v\u00e1rios livros sobre educa\u00e7\u00e3o ambiental, Genebaldo Freire destaca que todos estes problemas s\u00f3 ser\u00e3o resolvidos quando os governos e sociedade mudarem sua percep\u00e7\u00e3o sobre a import\u00e2ncia dos recursos naturais para a sobreviv\u00eancia humana.<\/p>\n<p>\u201cN\u00f3s estamos vivendo uma falha de percep\u00e7\u00e3o e temos algumas evid\u00eancias objetivas que comprovam isso: n\u00f3s dependemos de \u00e1gua pra tudo e qual \u00e9 o nosso comportamento? Desperd\u00edcio, consumismo, polui\u00e7\u00e3o e desmatamento, e isso tudo numa pressa danada, com uma popula\u00e7\u00e3o que cresce em 75 milh\u00f5es de pessoas a cada ano no mundo\u201d, constata.<\/p>\n<p>Segundo o professor, n\u00e3o h\u00e1 lugar seguro no planeta e, al\u00e9m da falta de percep\u00e7\u00e3o, h\u00e1 uma absoluta falta de governan\u00e7a na gest\u00e3o da \u00e1gua. O escritor tamb\u00e9m critica a indiferen\u00e7a e incapacidade da classe pol\u00edtica em lidar com o tema da educa\u00e7\u00e3o ambiental.<\/p>\n<p>\u201cA hist\u00f3ria dos problemas ambientais passa por essa falha de percep\u00e7\u00e3o por v\u00e1rias raz\u00f5es: conveni\u00eancia, ignor\u00e2ncia ou apatia. Todo o processo de educa\u00e7\u00e3o ambiental hoje tem de estar obrigatoriamente centrado na amplia\u00e7\u00e3o da percep\u00e7\u00e3o, sen\u00e3o n\u00e3o vai mudar coisa alguma\u201d, avalia Freire.<\/p>\n<p>O professor ressalta que v\u00e1rios colapsos j\u00e1 est\u00e3o ocorrendo devido \u00e0 grande press\u00e3o da popula\u00e7\u00e3o mundial de sete bilh\u00f5es de pessoas sobre os sistemas naturais, que est\u00e3o assumindo \u201cconfigura\u00e7\u00f5es diferentes das que n\u00f3s estamos acostumados para neutralizar nossas a\u00e7\u00f5es\u201d.<\/p>\n<p>Para evitar o agravamento da situa\u00e7\u00e3o, \u00e9 necess\u00e1ria uma evolu\u00e7\u00e3o do ponto de visto \u00e9tico e moral e n\u00e3o somente cient\u00edfico e tecnol\u00f3gico. \u201cA mudan\u00e7a do clima \u00e9 a maior falha de mercado da esp\u00e9cie humana, porque \u00e9 algo em que a intelig\u00eancia estrat\u00e9gica de sobreviv\u00eancia do ser humano n\u00e3o funcionou e continua errando de forma insistente. E qual a consequ\u00eancia disso? E voc\u00ea ter o crescimento de conflitos que j\u00e1 est\u00e3o estabelecidos, como disputa por \u00e1gua, energia e espa\u00e7o, aumento de refugiados\u201d, comenta.<\/p>\n<p><strong>VER PRIMEIRO<\/strong><\/p>\n<p>Receba as not\u00edcias do Aconteceu no Vale em primeira m\u00e3o. Clique em curtir no endere\u00e7o <a href=\"https:\/\/www.facebook.com\/aconteceunovale\" target=\"_blank\"><font color=\"red\">www.facebook.com\/aconteceunovale<\/font><\/a> ou no box abaixo:<\/p>\n<div class=\"fb-like\" data-href=\"https:\/\/www.facebook.com\/aconteceunovale\" data-width=\"120\" data-layout=\"standard\" data-action=\"like\" data-size=\"small\" data-show-faces=\"true\" data-share=\"true\"><\/div>\n<p><\/br><\/p>\n<p><em>(Fonte: Ag\u00eancia Brasil)<\/em><\/p>\n","protected":false},"excerpt":{"rendered":"<p>Garantir o acesso \u00e0 \u00e1gua de qualidade a todos os brasileiros \u00e9 um dos principais desafios para os pr\u00f3ximos gestores do pa\u00eds. Culturalmente tratado como um bem infinito, a \u00e1gua \u00e9 um dos recursos naturais que mais tem dado sinais de que n\u00e3o subsistir\u00e1 por muito tempo \u00e0s interven\u00e7\u00f5es humanas no meio ambiente e \u00e0s [&hellip;]<\/p>\n","protected":false},"author":1,"featured_media":137291,"comment_status":"open","ping_status":"closed","sticky":false,"template":"","format":"standard","meta":{"amp_status":"","footnotes":""},"categories":[6],"tags":[183750,183751,183752,183753,183749,31017,22057,42972,183754,68494],"class_list":["post-137290","post","type-post","status-publish","format-standard","has-post-thumbnail","hentry","category-br","tag-a-agua-no-brasil-da-abundancia-a-escassez","tag-abundancia","tag-abundancia-de-agua","tag-abundancia-de-agua-no-brasil","tag-agua-doce-no-brasil","tag-agua-no-brasil","tag-crise-hidrica","tag-escassez-de-agua","tag-escassez-de-agua-no-brasil","tag-mudancas-do-clima"],"_links":{"self":[{"href":"https:\/\/aconteceunovale.com.br\/portal\/index.php?rest_route=\/wp\/v2\/posts\/137290","targetHints":{"allow":["GET"]}}],"collection":[{"href":"https:\/\/aconteceunovale.com.br\/portal\/index.php?rest_route=\/wp\/v2\/posts"}],"about":[{"href":"https:\/\/aconteceunovale.com.br\/portal\/index.php?rest_route=\/wp\/v2\/types\/post"}],"author":[{"embeddable":true,"href":"https:\/\/aconteceunovale.com.br\/portal\/index.php?rest_route=\/wp\/v2\/users\/1"}],"replies":[{"embeddable":true,"href":"https:\/\/aconteceunovale.com.br\/portal\/index.php?rest_route=%2Fwp%2Fv2%2Fcomments&post=137290"}],"version-history":[{"count":0,"href":"https:\/\/aconteceunovale.com.br\/portal\/index.php?rest_route=\/wp\/v2\/posts\/137290\/revisions"}],"wp:featuredmedia":[{"embeddable":true,"href":"https:\/\/aconteceunovale.com.br\/portal\/index.php?rest_route=\/wp\/v2\/media\/137291"}],"wp:attachment":[{"href":"https:\/\/aconteceunovale.com.br\/portal\/index.php?rest_route=%2Fwp%2Fv2%2Fmedia&parent=137290"}],"wp:term":[{"taxonomy":"category","embeddable":true,"href":"https:\/\/aconteceunovale.com.br\/portal\/index.php?rest_route=%2Fwp%2Fv2%2Fcategories&post=137290"},{"taxonomy":"post_tag","embeddable":true,"href":"https:\/\/aconteceunovale.com.br\/portal\/index.php?rest_route=%2Fwp%2Fv2%2Ftags&post=137290"}],"curies":[{"name":"wp","href":"https:\/\/api.w.org\/{rel}","templated":true}]}}