{"id":137185,"date":"2018-10-23T18:17:49","date_gmt":"2018-10-23T20:17:49","guid":{"rendered":"http:\/\/aconteceunovale.com.br\/portal\/?p=137185"},"modified":"2026-08-31T22:56:40","modified_gmt":"2026-09-01T01:56:40","slug":"pedestre-fica-ferida-apos-ser-arremessada-em-calcada-no-centro-de-capelinha","status":"publish","type":"post","link":"https:\/\/aconteceunovale.com.br\/portal\/?p=137185","title":{"rendered":"Pedestre fica ferida ap\u00f3s ser arremessada em cal\u00e7ada no Centro de Capelinha"},"content":{"rendered":"<p>Uma mulher ficou ferida ap\u00f3s ser arremessada para fora da pista de rolamento da Rua das Flores, no in\u00edcio da tarde desta ter\u00e7a-feira (23\/10\/2018), em Capelinha, no Vale do Jequitinhonha. Segundo relatos de testemunhas, um caminh\u00e3o transitava pela via quando a pedestre caiu na cal\u00e7ada.  <\/p>\n<p>Uma equipe do Servi\u00e7o de Atendimento M\u00f3vel de Urg\u00eancia (SAMU) foi acionada e socorreu a v\u00edtima ao Hospital S\u00e3o Vicente de Paulo. A mulher n\u00e3o se feriu com gravidade e permaneceu em observa\u00e7\u00e3o na unidade de sa\u00fade.<\/p>\n<p>A Pol\u00edcia Militar tamb\u00e9m compareceu ao local para registro da ocorr\u00eancia e controle do tr\u00e2nsito, que se encontra complicado no trecho devido \u00e0 realiza\u00e7\u00e3o de obra. <\/p>\n<p><img decoding=\"async\" src=\"http:\/\/aconteceunovale.com.br\/portal\/wp-content\/uploads\/2018\/10\/acidente_calcada_cap_1.png\" alt=\"\" \/><em>Acidente aconteceu aconteceu na Rua das Flores (Foto: Reprodu\u00e7\u00e3o\/WhatsApp)<\/em><br \/>\n<\/br><\/p>\n<p><img decoding=\"async\" src=\"http:\/\/aconteceunovale.com.br\/portal\/wp-content\/uploads\/2018\/10\/acidente_calcada_cap_2.png\" alt=\"\" \/><em>V\u00edtima foi arremessada na cal\u00e7ada (Foto: Reprodu\u00e7\u00e3o\/WhatsApp)<\/em><br \/>\n<\/br><\/p>\n<h4>Obras<\/h4>\n<p>A Prefeitura de Capelinha divulgou nota informando sobre a interdi\u00e7\u00e3o da via para constru\u00e7\u00e3o da rede de esgoto: <\/p>\n<p><em>Para viabilizar a canaliza\u00e7\u00e3o do esgoto at\u00e9 a Esta\u00e7\u00e3o de Tratamento (ETE) de Capelinha, um trecho da rua das Flores, na regi\u00e3o da C\u00e2mara Municipal, est\u00e1 sendo parcialmente interditado das 7h \u00e0s 17h. Motoristas e pedestres devem ficar atentos.<\/p>\n<p>At\u00e9 o dia 10 de novembro haver\u00e1 interdi\u00e7\u00f5es parciais na via, no trecho at\u00e9 a bifurca\u00e7\u00e3o da avenida Tancredo Neves. De acordo com o andamento da obra, ser\u00e1 proibido o tr\u00e1fego de ve\u00edculos pesados. Haver\u00e1 divulga\u00e7\u00e3o pr\u00e9via. A Prefeitura de Capelinha agradece a compreens\u00e3o de todos.<\/em><\/p>\n<p><img decoding=\"async\" src=\"http:\/\/aconteceunovale.com.br\/portal\/wp-content\/uploads\/2018\/10\/rede_esgoto_cap.jpg\" alt=\"\" \/><em>Rede de esgoto \u00e9 constru\u00edda no local (Foto: Aconteceu no Vale)<\/em><br \/>\n<\/br><\/p>\n<p><strong>VER PRIMEIRO<\/strong><\/p>\n<p>Receba as not\u00edcias do Aconteceu no Vale em primeira m\u00e3o. Clique em curtir no endere\u00e7o <a href=\"https:\/\/www.facebook.com\/aconteceunovale\" target=\"_blank\"><font color=\"red\">www.facebook.com\/aconteceunovale<\/font><\/a> ou no box abaixo:<\/p>\n<div class=\"fb-like\" data-href=\"https:\/\/www.facebook.com\/aconteceunovale\" data-width=\"120\" data-layout=\"standard\" data-action=\"like\" data-size=\"small\" data-show-faces=\"true\" data-share=\"true\"><\/div>\n<p><\/br><\/p>\n","protected":false},"excerpt":{"rendered":"<p>Uma mulher ficou ferida ap\u00f3s ser arremessada para fora da pista de rolamento da Rua das Flores, no in\u00edcio da tarde desta ter\u00e7a-feira (23\/10\/2018), em Capelinha, no Vale do Jequitinhonha. Segundo relatos de testemunhas, um caminh\u00e3o transitava pela via quando a pedestre caiu na cal\u00e7ada. Uma equipe do Servi\u00e7o de Atendimento M\u00f3vel de Urg\u00eancia (SAMU) [&hellip;]<\/p>\n","protected":false},"author":1,"featured_media":137188,"comment_status":"open","ping_status":"closed","sticky":false,"template":"","format":"standard","meta":{"amp_status":"","footnotes":""},"categories":[272535,120],"tags":[4598,183591,183589,132,183590,183588,183592],"class_list":["post-137185","post","type-post","status-publish","format-standard","has-post-thumbnail","hentry","category-capelinha","category-jequi","tag-acidente-em-capelinha","tag-acidente-na-rua-das-flores-em-capelinha","tag-atropelada-por-caminhao-em-capelinha","tag-capelinha","tag-mulher-acidentada-em-capelinha","tag-pedestre-fica-ferida-apos-ser-arremessada-em-calcada-no-centro-de-capelinha","tag-rua-das-flores-em-capelinha"],"yoast_head":"<!-- This site is optimized with the Yoast SEO plugin v28.3 - https:\/\/yoast.com\/product\/yoast-seo-wordpress\/ -->\n<title>Pedestre fica ferida ap\u00f3s ser arremessada em cal\u00e7ada no Centro de Capelinha - Aconteceu no Vale<\/title>\n<meta name=\"robots\" content=\"index, follow, max-snippet:-1, max-image-preview:large, max-video-preview:-1\" \/>\n<link rel=\"canonical\" href=\"https:\/\/aconteceunovale.com.br\/portal\/?p=137185\" \/>\n<meta property=\"og:locale\" content=\"pt_BR\" \/>\n<meta property=\"og:type\" content=\"article\" \/>\n<meta property=\"og:title\" content=\"Pedestre fica ferida ap\u00f3s ser arremessada em cal\u00e7ada no Centro de Capelinha - Aconteceu no Vale\" \/>\n<meta property=\"og:description\" content=\"Uma mulher ficou ferida ap\u00f3s ser arremessada para fora da pista de rolamento da Rua das Flores, no in\u00edcio da tarde desta ter\u00e7a-feira (23\/10\/2018), em Capelinha, no Vale do Jequitinhonha. Segundo relatos de testemunhas, um caminh\u00e3o transitava pela via quando a pedestre caiu na cal\u00e7ada. Uma equipe do Servi\u00e7o de Atendimento M\u00f3vel de Urg\u00eancia (SAMU) [&hellip;]\" \/>\n<meta property=\"og:url\" content=\"https:\/\/aconteceunovale.com.br\/portal\/?p=137185\" \/>\n<meta property=\"og:site_name\" content=\"Aconteceu no Vale\" \/>\n<meta property=\"article:publisher\" content=\"https:\/\/www.facebook.com\/aconteceunovale\/\" \/>\n<meta property=\"article:published_time\" content=\"2018-10-23T20:17:49+00:00\" \/>\n<meta property=\"article:modified_time\" content=\"2026-09-01T01:56:40+00:00\" \/>\n<meta property=\"og:image\" content=\"https:\/\/aconteceunovale.com.br\/portal\/wp-content\/uploads\/2018\/10\/acidente_calcada_cap_3.png\" \/>\n\t<meta property=\"og:image:width\" content=\"634\" \/>\n\t<meta property=\"og:image:height\" content=\"450\" \/>\n\t<meta property=\"og:image:type\" content=\"image\/png\" \/>\n<meta name=\"author\" content=\"Aconteceu no Vale\" \/>\n<meta name=\"twitter:card\" content=\"summary_large_image\" \/>\n<meta name=\"twitter:creator\" content=\"@noticiadosvales\" \/>\n<meta name=\"twitter:site\" content=\"@noticiadosvales\" \/>\n<meta name=\"twitter:label1\" content=\"Escrito por\" \/>\n\t<meta name=\"twitter:data1\" content=\"Aconteceu no Vale\" \/>\n\t<meta name=\"twitter:label2\" content=\"Est. tempo de leitura\" \/>\n\t<meta name=\"twitter:data2\" content=\"2 minutos\" \/>\n<script type=\"application\/ld+json\" class=\"yoast-schema-graph\">{\"@context\":\"https:\\\/\\\/schema.org\",\"@graph\":[{\"@type\":\"Article\",\"@id\":\"https:\\\/\\\/aconteceunovale.com.br\\\/portal\\\/?p=137185#article\",\"isPartOf\":{\"@id\":\"https:\\\/\\\/aconteceunovale.com.br\\\/portal\\\/?p=137185\"},\"author\":{\"name\":\"Aconteceu no Vale\",\"@id\":\"https:\\\/\\\/aconteceunovale.com.br\\\/portal\\\/#\\\/schema\\\/person\\\/633529146f2c94272bef50ac2953d589\"},\"headline\":\"Pedestre fica ferida ap\u00f3s ser arremessada em cal\u00e7ada no Centro de Capelinha\",\"datePublished\":\"2018-10-23T20:17:49+00:00\",\"dateModified\":\"2026-09-01T01:56:40+00:00\",\"mainEntityOfPage\":{\"@id\":\"https:\\\/\\\/aconteceunovale.com.br\\\/portal\\\/?p=137185\"},\"wordCount\":315,\"commentCount\":0,\"image\":{\"@id\":\"https:\\\/\\\/aconteceunovale.com.br\\\/portal\\\/?p=137185#primaryimage\"},\"thumbnailUrl\":\"https:\\\/\\\/aconteceunovale.com.br\\\/portal\\\/wp-content\\\/uploads\\\/2018\\\/10\\\/acidente_calcada_cap_3.png\",\"keywords\":[\"Acidente em Capelinha\",\"Acidente na rua das flores em Capelinha\",\"Atropelada por caminh\u00e3o em Capelinha\",\"Capelinha\",\"Mulher acidentada em Capelinha\",\"Pedestre fica ferida ap\u00f3s ser arremessada em cal\u00e7ada no Centro de Capelinha\",\"Rua das flores em Capelinha\"],\"articleSection\":[\"Capelinha\",\"Vale do Jequitinhonha\"],\"inLanguage\":\"pt-BR\",\"potentialAction\":[{\"@type\":\"CommentAction\",\"name\":\"Comment\",\"target\":[\"https:\\\/\\\/aconteceunovale.com.br\\\/portal\\\/?p=137185#respond\"]}]},{\"@type\":\"WebPage\",\"@id\":\"https:\\\/\\\/aconteceunovale.com.br\\\/portal\\\/?p=137185\",\"url\":\"https:\\\/\\\/aconteceunovale.com.br\\\/portal\\\/?p=137185\",\"name\":\"Pedestre fica ferida ap\u00f3s ser arremessada em cal\u00e7ada no Centro de Capelinha - Aconteceu no Vale\",\"isPartOf\":{\"@id\":\"https:\\\/\\\/aconteceunovale.com.br\\\/portal\\\/#website\"},\"primaryImageOfPage\":{\"@id\":\"https:\\\/\\\/aconteceunovale.com.br\\\/portal\\\/?p=137185#primaryimage\"},\"image\":{\"@id\":\"https:\\\/\\\/aconteceunovale.com.br\\\/portal\\\/?p=137185#primaryimage\"},\"thumbnailUrl\":\"https:\\\/\\\/aconteceunovale.com.br\\\/portal\\\/wp-content\\\/uploads\\\/2018\\\/10\\\/acidente_calcada_cap_3.png\",\"datePublished\":\"2018-10-23T20:17:49+00:00\",\"dateModified\":\"2026-09-01T01:56:40+00:00\",\"author\":{\"@id\":\"https:\\\/\\\/aconteceunovale.com.br\\\/portal\\\/#\\\/schema\\\/person\\\/633529146f2c94272bef50ac2953d589\"},\"breadcrumb\":{\"@id\":\"https:\\\/\\\/aconteceunovale.com.br\\\/portal\\\/?p=137185#breadcrumb\"},\"inLanguage\":\"pt-BR\",\"potentialAction\":[{\"@type\":\"ReadAction\",\"target\":[\"https:\\\/\\\/aconteceunovale.com.br\\\/portal\\\/?p=137185\"]}]},{\"@type\":\"ImageObject\",\"inLanguage\":\"pt-BR\",\"@id\":\"https:\\\/\\\/aconteceunovale.com.br\\\/portal\\\/?p=137185#primaryimage\",\"url\":\"https:\\\/\\\/aconteceunovale.com.br\\\/portal\\\/wp-content\\\/uploads\\\/2018\\\/10\\\/acidente_calcada_cap_3.png\",\"contentUrl\":\"https:\\\/\\\/aconteceunovale.com.br\\\/portal\\\/wp-content\\\/uploads\\\/2018\\\/10\\\/acidente_calcada_cap_3.png\",\"width\":634,\"height\":450},{\"@type\":\"BreadcrumbList\",\"@id\":\"https:\\\/\\\/aconteceunovale.com.br\\\/portal\\\/?p=137185#breadcrumb\",\"itemListElement\":[{\"@type\":\"ListItem\",\"position\":1,\"name\":\"In\u00edcio\",\"item\":\"https:\\\/\\\/aconteceunovale.com.br\\\/portal\\\/\"},{\"@type\":\"ListItem\",\"position\":2,\"name\":\"Pedestre fica ferida ap\u00f3s ser arremessada em cal\u00e7ada no Centro de Capelinha\"}]},{\"@type\":\"WebSite\",\"@id\":\"https:\\\/\\\/aconteceunovale.com.br\\\/portal\\\/#website\",\"url\":\"https:\\\/\\\/aconteceunovale.com.br\\\/portal\\\/\",\"name\":\"Aconteceu no Vale\",\"description\":\"Portal de Not\u00edcias\",\"potentialAction\":[{\"@type\":\"SearchAction\",\"target\":{\"@type\":\"EntryPoint\",\"urlTemplate\":\"https:\\\/\\\/aconteceunovale.com.br\\\/portal\\\/?s={search_term_string}\"},\"query-input\":{\"@type\":\"PropertyValueSpecification\",\"valueRequired\":true,\"valueName\":\"search_term_string\"}}],\"inLanguage\":\"pt-BR\"},{\"@type\":\"Person\",\"@id\":\"https:\\\/\\\/aconteceunovale.com.br\\\/portal\\\/#\\\/schema\\\/person\\\/633529146f2c94272bef50ac2953d589\",\"name\":\"Aconteceu no Vale\",\"description\":\"Equipe de reportagem do Aconteceu no Vale, portal de not\u00edcias do Vale do Jequitinhonha, em Minas Gerais. Cobrimos as 51 cidades do Vale desde 2013. Sugest\u00f5es de pauta e pedidos de corre\u00e7\u00e3o: contato@aconteceunovale.com.br\",\"sameAs\":[\"http:\\\/\\\/www.aconteceunovale.com.br\"],\"url\":\"https:\\\/\\\/aconteceunovale.com.br\\\/portal\\\/?author=1\"}]}<\/script>\n<!-- \/ Yoast SEO plugin. -->","yoast_head_json":{"title":"Pedestre fica ferida ap\u00f3s ser arremessada em cal\u00e7ada no Centro de Capelinha - Aconteceu no Vale","robots":{"index":"index","follow":"follow","max-snippet":"max-snippet:-1","max-image-preview":"max-image-preview:large","max-video-preview":"max-video-preview:-1"},"canonical":"https:\/\/aconteceunovale.com.br\/portal\/?p=137185","og_locale":"pt_BR","og_type":"article","og_title":"Pedestre fica ferida ap\u00f3s ser arremessada em cal\u00e7ada no Centro de Capelinha - Aconteceu no Vale","og_description":"Uma mulher ficou ferida ap\u00f3s ser arremessada para fora da pista de rolamento da Rua das Flores, no in\u00edcio da tarde desta ter\u00e7a-feira (23\/10\/2018), em Capelinha, no Vale do Jequitinhonha. Segundo relatos de testemunhas, um caminh\u00e3o transitava pela via quando a pedestre caiu na cal\u00e7ada. Uma equipe do Servi\u00e7o de Atendimento M\u00f3vel de Urg\u00eancia (SAMU) [&hellip;]","og_url":"https:\/\/aconteceunovale.com.br\/portal\/?p=137185","og_site_name":"Aconteceu no Vale","article_publisher":"https:\/\/www.facebook.com\/aconteceunovale\/","article_published_time":"2018-10-23T20:17:49+00:00","article_modified_time":"2026-09-01T01:56:40+00:00","og_image":[{"width":634,"height":450,"url":"https:\/\/aconteceunovale.com.br\/portal\/wp-content\/uploads\/2018\/10\/acidente_calcada_cap_3.png","type":"image\/png"}],"author":"Aconteceu no Vale","twitter_card":"summary_large_image","twitter_creator":"@noticiadosvales","twitter_site":"@noticiadosvales","twitter_misc":{"Escrito por":"Aconteceu no Vale","Est. tempo de leitura":"2 minutos"},"schema":{"@context":"https:\/\/schema.org","@graph":[{"@type":"Article","@id":"https:\/\/aconteceunovale.com.br\/portal\/?p=137185#article","isPartOf":{"@id":"https:\/\/aconteceunovale.com.br\/portal\/?p=137185"},"author":{"name":"Aconteceu no Vale","@id":"https:\/\/aconteceunovale.com.br\/portal\/#\/schema\/person\/633529146f2c94272bef50ac2953d589"},"headline":"Pedestre fica ferida ap\u00f3s ser arremessada em cal\u00e7ada no Centro de Capelinha","datePublished":"2018-10-23T20:17:49+00:00","dateModified":"2026-09-01T01:56:40+00:00","mainEntityOfPage":{"@id":"https:\/\/aconteceunovale.com.br\/portal\/?p=137185"},"wordCount":315,"commentCount":0,"image":{"@id":"https:\/\/aconteceunovale.com.br\/portal\/?p=137185#primaryimage"},"thumbnailUrl":"https:\/\/aconteceunovale.com.br\/portal\/wp-content\/uploads\/2018\/10\/acidente_calcada_cap_3.png","keywords":["Acidente em Capelinha","Acidente na rua das flores em Capelinha","Atropelada por caminh\u00e3o em Capelinha","Capelinha","Mulher acidentada em Capelinha","Pedestre fica ferida ap\u00f3s ser arremessada em cal\u00e7ada no Centro de Capelinha","Rua das flores em Capelinha"],"articleSection":["Capelinha","Vale do Jequitinhonha"],"inLanguage":"pt-BR","potentialAction":[{"@type":"CommentAction","name":"Comment","target":["https:\/\/aconteceunovale.com.br\/portal\/?p=137185#respond"]}]},{"@type":"WebPage","@id":"https:\/\/aconteceunovale.com.br\/portal\/?p=137185","url":"https:\/\/aconteceunovale.com.br\/portal\/?p=137185","name":"Pedestre fica ferida ap\u00f3s ser arremessada em cal\u00e7ada no Centro de Capelinha - Aconteceu no Vale","isPartOf":{"@id":"https:\/\/aconteceunovale.com.br\/portal\/#website"},"primaryImageOfPage":{"@id":"https:\/\/aconteceunovale.com.br\/portal\/?p=137185#primaryimage"},"image":{"@id":"https:\/\/aconteceunovale.com.br\/portal\/?p=137185#primaryimage"},"thumbnailUrl":"https:\/\/aconteceunovale.com.br\/portal\/wp-content\/uploads\/2018\/10\/acidente_calcada_cap_3.png","datePublished":"2018-10-23T20:17:49+00:00","dateModified":"2026-09-01T01:56:40+00:00","author":{"@id":"https:\/\/aconteceunovale.com.br\/portal\/#\/schema\/person\/633529146f2c94272bef50ac2953d589"},"breadcrumb":{"@id":"https:\/\/aconteceunovale.com.br\/portal\/?p=137185#breadcrumb"},"inLanguage":"pt-BR","potentialAction":[{"@type":"ReadAction","target":["https:\/\/aconteceunovale.com.br\/portal\/?p=137185"]}]},{"@type":"ImageObject","inLanguage":"pt-BR","@id":"https:\/\/aconteceunovale.com.br\/portal\/?p=137185#primaryimage","url":"https:\/\/aconteceunovale.com.br\/portal\/wp-content\/uploads\/2018\/10\/acidente_calcada_cap_3.png","contentUrl":"https:\/\/aconteceunovale.com.br\/portal\/wp-content\/uploads\/2018\/10\/acidente_calcada_cap_3.png","width":634,"height":450},{"@type":"BreadcrumbList","@id":"https:\/\/aconteceunovale.com.br\/portal\/?p=137185#breadcrumb","itemListElement":[{"@type":"ListItem","position":1,"name":"In\u00edcio","item":"https:\/\/aconteceunovale.com.br\/portal\/"},{"@type":"ListItem","position":2,"name":"Pedestre fica ferida ap\u00f3s ser arremessada em cal\u00e7ada no Centro de Capelinha"}]},{"@type":"WebSite","@id":"https:\/\/aconteceunovale.com.br\/portal\/#website","url":"https:\/\/aconteceunovale.com.br\/portal\/","name":"Aconteceu no Vale","description":"Portal de Not\u00edcias","potentialAction":[{"@type":"SearchAction","target":{"@type":"EntryPoint","urlTemplate":"https:\/\/aconteceunovale.com.br\/portal\/?s={search_term_string}"},"query-input":{"@type":"PropertyValueSpecification","valueRequired":true,"valueName":"search_term_string"}}],"inLanguage":"pt-BR"},{"@type":"Person","@id":"https:\/\/aconteceunovale.com.br\/portal\/#\/schema\/person\/633529146f2c94272bef50ac2953d589","name":"Aconteceu no Vale","description":"Equipe de reportagem do Aconteceu no Vale, portal de not\u00edcias do Vale do Jequitinhonha, em Minas Gerais. Cobrimos as 51 cidades do Vale desde 2013. Sugest\u00f5es de pauta e pedidos de corre\u00e7\u00e3o: contato@aconteceunovale.com.br","sameAs":["http:\/\/www.aconteceunovale.com.br"],"url":"https:\/\/aconteceunovale.com.br\/portal\/?author=1"}]}},"_links":{"self":[{"href":"https:\/\/aconteceunovale.com.br\/portal\/index.php?rest_route=\/wp\/v2\/posts\/137185","targetHints":{"allow":["GET"]}}],"collection":[{"href":"https:\/\/aconteceunovale.com.br\/portal\/index.php?rest_route=\/wp\/v2\/posts"}],"about":[{"href":"https:\/\/aconteceunovale.com.br\/portal\/index.php?rest_route=\/wp\/v2\/types\/post"}],"author":[{"embeddable":true,"href":"https:\/\/aconteceunovale.com.br\/portal\/index.php?rest_route=\/wp\/v2\/users\/1"}],"replies":[{"embeddable":true,"href":"https:\/\/aconteceunovale.com.br\/portal\/index.php?rest_route=%2Fwp%2Fv2%2Fcomments&post=137185"}],"version-history":[{"count":1,"href":"https:\/\/aconteceunovale.com.br\/portal\/index.php?rest_route=\/wp\/v2\/posts\/137185\/revisions"}],"predecessor-version":[{"id":198239,"href":"https:\/\/aconteceunovale.com.br\/portal\/index.php?rest_route=\/wp\/v2\/posts\/137185\/revisions\/198239"}],"wp:featuredmedia":[{"embeddable":true,"href":"https:\/\/aconteceunovale.com.br\/portal\/index.php?rest_route=\/wp\/v2\/media\/137188"}],"wp:attachment":[{"href":"https:\/\/aconteceunovale.com.br\/portal\/index.php?rest_route=%2Fwp%2Fv2%2Fmedia&parent=137185"}],"wp:term":[{"taxonomy":"category","embeddable":true,"href":"https:\/\/aconteceunovale.com.br\/portal\/index.php?rest_route=%2Fwp%2Fv2%2Fcategories&post=137185"},{"taxonomy":"post_tag","embeddable":true,"href":"https:\/\/aconteceunovale.com.br\/portal\/index.php?rest_route=%2Fwp%2Fv2%2Ftags&post=137185"}],"curies":[{"name":"wp","href":"https:\/\/api.w.org\/{rel}","templated":true}]}}