{"id":136424,"date":"2018-10-02T19:51:40","date_gmt":"2018-10-02T21:51:40","guid":{"rendered":"http:\/\/aconteceunovale.com.br\/portal\/?p=136424"},"modified":"2018-10-02T19:51:40","modified_gmt":"2018-10-02T21:51:40","slug":"mpf-em-minas-gerais-denuncia-agressor-de-jair-bolsonaro-por-crime-contra-a-seguranca-nacional","status":"publish","type":"post","link":"https:\/\/aconteceunovale.com.br\/portal\/?p=136424","title":{"rendered":"MPF em Minas Gerais denuncia agressor de Jair Bolsonaro por crime contra a seguran\u00e7a nacional"},"content":{"rendered":"<p>O Minist\u00e9rio P\u00fablico Federal (MPF) em Minas Gerais denunciou Ad\u00e9lio Bispo de Oliveira por praticar atentado pessoal por inconformismo pol\u00edtico (art. 20, par\u00e1grafo \u00fanico, da Lei 7.170\/83). Em 6 de setembro, o acusado atentou contra a vida de Jair Messias Bolsonaro, deputado federal e candidato do Partido Social Liberal (PSL) \u00e0 presid\u00eancia da Rep\u00fablica.<\/p>\n<p>O atentado ocorreu durante um ato da campanha do candidato em Juiz de Fora (MG), quando o denunciado, se passando por apoiador, gritando palavras favor\u00e1veis e insistindo em tirar uma foto com o candidato, deu uma facada no abd\u00f4men de Jair Bolsonaro. Segundo a den\u00fancia, o objetivo de Ad\u00e9lio era o de excluir a v\u00edtima da disputa eleitoral. \u201cV\u00ea-se que o denunciado cometeu o crime mediante insidiosa dissimula\u00e7\u00e3o, a qual dificultou a defesa do ofendido, mesmo estando o deputado federal sob imediata prote\u00e7\u00e3o de escolta policial\u201d.<\/p>\n<p><strong>A\u00e7\u00e3o planejada<\/strong><\/p>\n<p>Nos depoimentos, Ad\u00e9lio revelou que a ideia de atentar contra a vida do candidato surgiu quando soube, pelos jornais, que Jair Bolsonaro iria a Juiz de Fora. Mas, segundo a investiga\u00e7\u00e3o, em julho de 2018, o acusado cadastrou-se em um clube de tiro em Florian\u00f3polis (SC), onde praticou tiro, justamente no dia em que um dos filhos de Jair Bolsonaro chegou \u00e0quela cidade para participar de um treinamento no mesmo clube.<\/p>\n<p>O celular do denunciado tamb\u00e9m continha foto de um outdoor com a data da vinda de Bolsonaro a Juiz de Fora, al\u00e9m de ele ter estudado a agenda do candidato na cidade, percorrendo, antecipadamente, os locais em que haveria atos de campanha. Nesses locais, Ad\u00e9lio tirou fotos e fez v\u00eddeos, com o objetivo de planejar a execu\u00e7\u00e3o do atentado.<\/p>\n<p><strong>Motiva\u00e7\u00e3o<\/strong><\/p>\n<p>Para o MPF, est\u00e1 clara a motiva\u00e7\u00e3o pol\u00edtica do ato de Ad\u00e9lio, pois seu hist\u00f3rico de milit\u00e2ncia demonstra que j\u00e1 tinha sido filiado a partido pol\u00edtico por sete anos, per\u00edodo em que tentou sair candidato a deputado federal. Em suas postagens nas redes sociais, ele qualificava pol\u00edticos como \u201cin\u00fateis\u201d e pedia a ren\u00fancia do atual presidente da Rep\u00fablica, dentre outras postagens formuladas em tom de protesto, em particular contra a v\u00edtima. \u201cAd\u00e9lio Bispo de Oliveira agiu, portanto, por inconformismo pol\u00edtico. Irresignado com a atua\u00e7\u00e3o parlamentar do deputado federal, convertida em plataforma de campanha, insubordinou-se ao ordenamento jur\u00eddico, mediante ato que reconhece ser extremo\u201d, diz a den\u00fancia.<\/p>\n<p>O processo tamb\u00e9m ressalta os preju\u00edzos potenciais e efetivos causados pela a\u00e7\u00e3o do denunciado. \u201cA tentativa de elimina\u00e7\u00e3o f\u00edsica do favorito na disputa pelo primeiro turno, em esfor\u00e7o para suprimir sua participa\u00e7\u00e3o no pleito e determinar o resultado das elei\u00e7\u00f5es mediante ato de viol\u00eancia \u2013 e n\u00e3o, como dito, mediante o voto \u2013, exp\u00f4s a grave e iminente perigo de les\u00e3o o regime democr\u00e1tico; produziu risco s\u00e9rio e palp\u00e1vel de distor\u00e7\u00e3o no regime representativo, consistente na perspectiva de priva\u00e7\u00e3o, \u00e0 for\u00e7a, da possibilidade de milh\u00f5es de eleitores sufragarem as ideias e propostas com as quais se identificam. De outra parte, no plano concreto, a conduta provocou les\u00e3o real e efetiva ao processo eleitoral, ao afastar o candidato Jair Bolsonaro da campanha nas ruas, talvez definitivamente, e ao exigir a reformula\u00e7\u00e3o das estrat\u00e9gias dos concorrentes\u201d, refor\u00e7a a den\u00fancia.<\/p>\n<p>Se for condenado, Ad\u00e9lio Bispo de Oliveira estar\u00e1 sujeito a pena de 3 a 10 anos de reclus\u00e3o, aumentada at\u00e9 o dobro, em raz\u00e3o da les\u00e3o corporal grave.<\/p>\n<p>Para mais informa\u00e7\u00f5es,\u00a0<span style=\"color: #ff0000;\"><a title=\"\" href=\"http:\/\/www.mpf.mp.br\/mg\/sala-de-imprensa\/docs\/denuncia_adelio-bispo\" target=\"_black\"><span style=\"color: #ff0000;\"><strong>leia a \u00edntegra<\/strong><\/span><\/a><\/span>\u00a0da den\u00fancia. Ou, clique\u00a0<span style=\"color: #ff0000;\"><strong><a title=\"\" href=\"http:\/\/www.mpf.mp.br\/mg\/sala-de-imprensa\/docs\/cota_denuncia_adelio-bispo_competencia-e-tipicidade\" target=\"_black\"><span style=\"color: #ff0000;\">aqui<\/span><\/a><\/strong><\/span>\u00a0para ler a \u00edntegra da manifesta\u00e7\u00e3o do MPF quanto \u00e0 compet\u00eancia e \u00e0 tipicidade.<\/p>\n<p><strong>VER PRIMEIRO<\/strong><\/p>\n<p>Receba as not\u00edcias do Aconteceu no Vale em primeira m\u00e3o. Clique em curtir no endere\u00e7o <a href=\"https:\/\/www.facebook.com\/aconteceunovale\" target=\"_blank\"><font color=\"red\">www.facebook.com\/aconteceunovale<\/font><\/a> ou no box abaixo:<\/p>\n<div class=\"fb-like\" data-href=\"https:\/\/www.facebook.com\/aconteceunovale\" data-width=\"120\" data-layout=\"standard\" data-action=\"like\" data-size=\"small\" data-show-faces=\"true\" data-share=\"true\"><\/div>\n<p><\/br><\/p>\n<p><em>(Fonte: MPF\/MG)<\/em><\/p>\n","protected":false},"excerpt":{"rendered":"<p>O Minist\u00e9rio P\u00fablico Federal (MPF) em Minas Gerais denunciou Ad\u00e9lio Bispo de Oliveira por praticar atentado pessoal por inconformismo pol\u00edtico (art. 20, par\u00e1grafo \u00fanico, da Lei 7.170\/83). Em 6 de setembro, o acusado atentou contra a vida de Jair Messias Bolsonaro, deputado federal e candidato do Partido Social Liberal (PSL) \u00e0 presid\u00eancia da Rep\u00fablica. O [&hellip;]<\/p>\n","protected":false},"author":1,"featured_media":135531,"comment_status":"open","ping_status":"closed","sticky":false,"template":"","format":"standard","meta":{"amp_status":"","footnotes":""},"categories":[6,123],"tags":[179563,179639,179640,179636,179638,179646,21607,179602,179578,179551,179583,179580,179579,179581,100375,179547,179546,179549,179550,179548,179557,10546,179566,179585,179641,179601,179567,78240,179600,170550,12348,179584,179556,179558,179562,179552,179587,179645,179565,26436,179559,179560,179561,179603,179607,179605,206,23452,179644,179586,210,181371,179599,179647,13969,179643,179642,179554,179555,179564,179553,179606,179604,179637],"class_list":["post-136424","post","type-post","status-publish","format-standard","has-post-thumbnail","hentry","category-br","category-gerais","tag-adelio-bispo-de-oliveira","tag-adelio-bispo-pereira","tag-advogado-de-adelio-bispo-pereira","tag-advogado-do-autor-de-atentado-contra-bolsonaro-ja-defendeu-envolvido-no-caso-do-goleiro-bruno","tag-advogado-zanone-manoel-de-oliveira-junior","tag-agressor-de-jair-bolsonaro","tag-ataque","tag-ataque-suspende-temporariamente-a-campanha-do-candidato-jair-bolsonaro","tag-atentado-a-faca","tag-atentado-bolsonaro","tag-atentado-contra-bolsonaro-e-exemplo-de-intolerancia-em-campanha","tag-autor-de-atentado-contra-bolsonaro-ja-tinha-passagem-na-policia-por-lesao-corporal","tag-autor-de-atentado-contra-bolsonaro-tem-passagem-na-policia-por-lesao","tag-autor-foi-filiado-ao-psol","tag-bolsonaro","tag-bolsonaro-e-esfaqueado-durante-campanha-em-juiz-de-fora","tag-bolsonaro-e-esfaqueado-durante-campanha-em-minas-gerais","tag-bolsonaro-e-esfaqueado-em-juiz-de-fora","tag-bolsonaro-e-esfaqueado-em-mg","tag-bolsonaro-e-esfaqueado-em-minas","tag-candidato-ferido","tag-caso-do-goleiro-bruno","tag-chegou-no-hospital-quase-morto","tag-cirurgia-contem-hemorragia","tag-defesa-de-adelio-bispo-pereira","tag-diz-advogado-do-homem-que-esfaqueou-bolsonaro","tag-diz-filho-de-bolsonaro","tag-diz-michel-temer","tag-ele-nao-tinha-intencao-de-matar","tag-eleicoes2018","tag-eliza-samudio","tag-equipe-do-sirio-libanes-vai-atender-bolsonaro","tag-estado-de-saude-de-bolsonaro","tag-estocada-a-faca","tag-facada","tag-facada-bolsonaro","tag-homem-que-esfaqueou-jair-bolsonaro-diz-que-cometeu-crime-a-mando-de-deus","tag-igreja-evangelica-de-montes-claros","tag-imprensa-internacional-repercute-atentado-contra-bolsonaro","tag-jair-bolsonaro","tag-jair-bolsonaro-e-ferido-com-faca","tag-jair-bolsonaro-e-ferido-com-faca-em-juiz-de-fora","tag-jair-bolsonaro-e-ferido-com-faca-em-minas-gerais","tag-jair-bolsonaro-e-levado-de-juiz-de-fora-para-sao-paulo","tag-jair-bolsonaro-na-santa-casa-de-juiz-de-fora","tag-jair-bolsonaro-no-hospital","tag-juiz-de-fora","tag-justica-federal","tag-marcos-aparecido-dos-santos","tag-mas-estado-de-jair-bolsonaro-ainda-e-grave","tag-montes-claros","tag-mpf-em-minas-gerais-denuncia-agressor-de-jair-bolsonaro-por-crime-contra-a-seguranca-nacional","tag-pedro-augusto-lima-possa","tag-presidio-federal","tag-psol","tag-quem-banca-defesa-de-adelio-bispo-pereira","tag-quem-paga-advogado-para-adelio-bispo-pereira","tag-saude-de-bolsonaro","tag-situacao-de-bolsonaro","tag-suspeito-de-atentado-contra-jair-bolsonaro-e-natural-de-montes-claros","tag-tentativa-de-homicidio-bolsonaro","tag-video-jair-bolsonaro-no-hospital","tag-videos-mostram-jair-bolsonaro-em-hospital-apos-cirurgia","tag-zanone-manoel-de-oliveira-junior"],"_links":{"self":[{"href":"https:\/\/aconteceunovale.com.br\/portal\/index.php?rest_route=\/wp\/v2\/posts\/136424","targetHints":{"allow":["GET"]}}],"collection":[{"href":"https:\/\/aconteceunovale.com.br\/portal\/index.php?rest_route=\/wp\/v2\/posts"}],"about":[{"href":"https:\/\/aconteceunovale.com.br\/portal\/index.php?rest_route=\/wp\/v2\/types\/post"}],"author":[{"embeddable":true,"href":"https:\/\/aconteceunovale.com.br\/portal\/index.php?rest_route=\/wp\/v2\/users\/1"}],"replies":[{"embeddable":true,"href":"https:\/\/aconteceunovale.com.br\/portal\/index.php?rest_route=%2Fwp%2Fv2%2Fcomments&post=136424"}],"version-history":[{"count":0,"href":"https:\/\/aconteceunovale.com.br\/portal\/index.php?rest_route=\/wp\/v2\/posts\/136424\/revisions"}],"wp:featuredmedia":[{"embeddable":true,"href":"https:\/\/aconteceunovale.com.br\/portal\/index.php?rest_route=\/wp\/v2\/media\/135531"}],"wp:attachment":[{"href":"https:\/\/aconteceunovale.com.br\/portal\/index.php?rest_route=%2Fwp%2Fv2%2Fmedia&parent=136424"}],"wp:term":[{"taxonomy":"category","embeddable":true,"href":"https:\/\/aconteceunovale.com.br\/portal\/index.php?rest_route=%2Fwp%2Fv2%2Fcategories&post=136424"},{"taxonomy":"post_tag","embeddable":true,"href":"https:\/\/aconteceunovale.com.br\/portal\/index.php?rest_route=%2Fwp%2Fv2%2Ftags&post=136424"}],"curies":[{"name":"wp","href":"https:\/\/api.w.org\/{rel}","templated":true}]}}