{"id":136413,"date":"2018-10-02T00:22:54","date_gmt":"2018-10-02T02:22:54","guid":{"rendered":"http:\/\/aconteceunovale.com.br\/portal\/?p=136413"},"modified":"2018-10-02T00:22:54","modified_gmt":"2018-10-02T02:22:54","slug":"homem-baleado-em-aracuai-morre-em-hospital-de-diamantina","status":"publish","type":"post","link":"https:\/\/aconteceunovale.com.br\/portal\/?p=136413","title":{"rendered":"Homem baleado em Ara\u00e7ua\u00ed morre em hospital de Diamantina"},"content":{"rendered":"<p>O homem que foi baleado em Ara\u00e7ua\u00ed, no Vale do Jequitinhonha, no fim da tarde de s\u00e1bado (29\/09\/2018), n\u00e3o resistiu e faleceu na noite deste domingo (30) em um hospital de Diamantina. O corpo foi levado para o Instituto M\u00e9dico Legal (IML) daquela cidade.<\/p>\n<p>Segundo testemunhas, Paulo Ferreira de Sousa foi encontrado inconsciente deitado em uma cal\u00e7ada em frente \u00e0 casa onde morava, na Rua Salinas, na regi\u00e3o da Baixada. Moradores ouviram pelo menos cinco tiros. Ele foi socorrido pelo SAMU e levado para o hospital local, mas foi transferido na manh\u00e3 seguinte para Diamantina, onde faleceu.<\/p>\n<p>Ele vivia com um irm\u00e3o que n\u00e3o estava em casa. \u201cO irm\u00e3o dele \u00e9 doente e est\u00e1 internado h\u00e1 15 dias com problemas card\u00edacos\u201d, disse uma vizinha<\/p>\n<p>Dois suspeitos chegaram a ser detidos no dia do crime, mas foram liberados por falta de provas. O caso \u00e9 investigado pela Pol\u00edcia Civil.<\/p>\n<p>A v\u00edtima sofria de retardo mental e segundo os vizinhos, era uma pessoa pacata e n\u00e3o tinha envolvimento com drogas e confus\u00f5es.<\/p>\n<p><strong>VER PRIMEIRO<\/strong><\/p>\n<p>Receba as not\u00edcias do Aconteceu no Vale em primeira m\u00e3o. Clique em curtir no endere\u00e7o <a href=\"https:\/\/www.facebook.com\/aconteceunovale\" target=\"_blank\"><font color=\"red\">www.facebook.com\/aconteceunovale<\/font><\/a> ou no box abaixo:<\/p>\n<div class=\"fb-like\" data-href=\"https:\/\/www.facebook.com\/aconteceunovale\" data-width=\"120\" data-layout=\"standard\" data-action=\"like\" data-size=\"small\" data-show-faces=\"true\" data-share=\"true\"><\/div>\n<p><\/br><\/p>\n<p><em>(Fonte: Gazeta de Ara\u00e7ua\u00ed)<\/em><\/p>\n","protected":false},"excerpt":{"rendered":"<p>O homem que foi baleado em Ara\u00e7ua\u00ed, no Vale do Jequitinhonha, no fim da tarde de s\u00e1bado (29\/09\/2018), n\u00e3o resistiu e faleceu na noite deste domingo (30) em um hospital de Diamantina. O corpo foi levado para o Instituto M\u00e9dico Legal (IML) daquela cidade. Segundo testemunhas, Paulo Ferreira de Sousa foi encontrado inconsciente deitado em [&hellip;]<\/p>\n","protected":false},"author":1,"featured_media":71442,"comment_status":"open","ping_status":"closed","sticky":false,"template":"","format":"standard","meta":{"amp_status":"","footnotes":""},"categories":[120],"tags":[186,43605,48312,198,181361,20884,43604,181360],"class_list":["post-136413","post","type-post","status-publish","format-standard","has-post-thumbnail","hentry","category-jequi","tag-aracuai","tag-assassinado-em-aracuai","tag-baleado-em-aracuai","tag-diamantina","tag-homem-baleado-em-aracuai-morre-em-hospital-de-diamantina","tag-homicidio-em-aracuai","tag-morto-em-aracuai","tag-paulo-ferreira-de-sousa"],"_links":{"self":[{"href":"https:\/\/aconteceunovale.com.br\/portal\/index.php?rest_route=\/wp\/v2\/posts\/136413","targetHints":{"allow":["GET"]}}],"collection":[{"href":"https:\/\/aconteceunovale.com.br\/portal\/index.php?rest_route=\/wp\/v2\/posts"}],"about":[{"href":"https:\/\/aconteceunovale.com.br\/portal\/index.php?rest_route=\/wp\/v2\/types\/post"}],"author":[{"embeddable":true,"href":"https:\/\/aconteceunovale.com.br\/portal\/index.php?rest_route=\/wp\/v2\/users\/1"}],"replies":[{"embeddable":true,"href":"https:\/\/aconteceunovale.com.br\/portal\/index.php?rest_route=%2Fwp%2Fv2%2Fcomments&post=136413"}],"version-history":[{"count":0,"href":"https:\/\/aconteceunovale.com.br\/portal\/index.php?rest_route=\/wp\/v2\/posts\/136413\/revisions"}],"wp:featuredmedia":[{"embeddable":true,"href":"https:\/\/aconteceunovale.com.br\/portal\/index.php?rest_route=\/wp\/v2\/media\/71442"}],"wp:attachment":[{"href":"https:\/\/aconteceunovale.com.br\/portal\/index.php?rest_route=%2Fwp%2Fv2%2Fmedia&parent=136413"}],"wp:term":[{"taxonomy":"category","embeddable":true,"href":"https:\/\/aconteceunovale.com.br\/portal\/index.php?rest_route=%2Fwp%2Fv2%2Fcategories&post=136413"},{"taxonomy":"post_tag","embeddable":true,"href":"https:\/\/aconteceunovale.com.br\/portal\/index.php?rest_route=%2Fwp%2Fv2%2Ftags&post=136413"}],"curies":[{"name":"wp","href":"https:\/\/api.w.org\/{rel}","templated":true}]}}