{"id":136411,"date":"2018-10-02T00:07:54","date_gmt":"2018-10-02T02:07:54","guid":{"rendered":"http:\/\/aconteceunovale.com.br\/portal\/?p=136411"},"modified":"2018-10-02T00:07:54","modified_gmt":"2018-10-02T02:07:54","slug":"presidente-do-stf-mantem-suspensao-de-entrevistas-de-lula-na-prisao","status":"publish","type":"post","link":"https:\/\/aconteceunovale.com.br\/portal\/?p=136411","title":{"rendered":"Presidente do STF mant\u00e9m suspens\u00e3o de entrevistas de Lula na pris\u00e3o"},"content":{"rendered":"<p>O presidente do Supremo Tribunal Federal (STF), Dias Toffoli, decidiu hoje (1\u00ba) manter suspensa a determina\u00e7\u00e3o do ministro Ricardo Lewandowski que autorizou o ex-presidente Luiz In\u00e1cio Lula da Silva a conceder entrevistas \u00e0 imprensa dentro da cela da Superintend\u00eancia da Pol\u00edcia Federal (PF) em Curitiba. <\/p>\n<p>Com o entendimento, \u00e9 a segunda vez que uma decis\u00e3o de Lewandowski, que liberava as entrevistas, \u00e9 derrubada por um colega do STF. Antes do despacho de Toffoli, o ministro Luiz Fux atendeu a um pedido liminar feito pelo Partido Novo e tamb\u00e9m derrubou a autoriza\u00e7\u00e3o para que o ex-presidente possa dar entrevistas. <\/p>\n<p>A decis\u00e3o do presidente vale at\u00e9 que a quest\u00e3o seja julgada no plen\u00e1rio da Corte e foi tomada ap\u00f3s o ministro da Seguran\u00e7a P\u00fablica, Raul Jungmann, questionar qual decis\u00e3o deveria ser cumprida. <\/p>\n<p>Desde 7 de abril, Lula cumpre, na capital paranaense, pena de 12 anos e um m\u00eas de pris\u00e3o, imposta pelo Tribunal Regional Federal da 4\u00aa Regi\u00e3o (TRF4), pelos crimes de corrup\u00e7\u00e3o passiva e lavagem de dinheiro no caso do triplex do Guaruj\u00e1 (SP).<\/p>\n<p><strong>VER PRIMEIRO<\/strong><\/p>\n<p>Receba as not\u00edcias do Aconteceu no Vale em primeira m\u00e3o. Clique em curtir no endere\u00e7o <a href=\"https:\/\/www.facebook.com\/aconteceunovale\" target=\"_blank\"><font color=\"red\">www.facebook.com\/aconteceunovale<\/font><\/a> ou no box abaixo:<\/p>\n<div class=\"fb-like\" data-href=\"https:\/\/www.facebook.com\/aconteceunovale\" data-width=\"120\" data-layout=\"standard\" data-action=\"like\" data-size=\"small\" data-show-faces=\"true\" data-share=\"true\"><\/div>\n<p><\/br><\/p>\n<p><em>(Fonte: Ag\u00eancia Brasil)<\/em><\/p>\n","protected":false},"excerpt":{"rendered":"<p>O presidente do Supremo Tribunal Federal (STF), Dias Toffoli, decidiu hoje (1\u00ba) manter suspensa a determina\u00e7\u00e3o do ministro Ricardo Lewandowski que autorizou o ex-presidente Luiz In\u00e1cio Lula da Silva a conceder entrevistas \u00e0 imprensa dentro da cela da Superintend\u00eancia da Pol\u00edcia Federal (PF) em Curitiba. Com o entendimento, \u00e9 a segunda vez que uma decis\u00e3o [&hellip;]<\/p>\n","protected":false},"author":1,"featured_media":135993,"comment_status":"open","ping_status":"closed","sticky":false,"template":"","format":"standard","meta":{"amp_status":"","footnotes":""},"categories":[6,40240],"tags":[29879,66413,181358,181359,82255,181064,181336,40910,180965,38041,77985,181151,14124,7147,181065,83283,180964,181357,165289,176343,28512,28511],"class_list":["post-136411","post","type-post","status-publish","format-standard","has-post-thumbnail","hentry","category-br","category-politica-2","tag-autorizacao","tag-entrevista","tag-entrevista-de-lula","tag-entrevista-de-lula-na-prisao","tag-ex-presidente-lula","tag-lewandowski","tag-lewandowski-manda-cumprir-decisao-que-autoriza-entrevistas-com-lula","tag-liberdade","tag-liberdade-de-lula","tag-liminar","tag-luiz-fux","tag-luiz-fux-suspende-liminar-que-autorizava-entrevista-do-ex-presidente-lula","tag-luiz-inacio-lula-da-silva","tag-lula","tag-ministro-do-supremo-autoriza-lula-a-conceder-entrevistas","tag-ministro-ricardo-lewandowski","tag-ministro-ricardo-lewandowski-libera-para-julgamento-recurso-do-ex-presidente-lula","tag-presidente-do-stf-mantem-suspensao-de-entrevistas-de-lula-na-prisao","tag-recurso-de-lula","tag-recurso-do-ex-presidente-lula","tag-ricardo-lewandowski","tag-stf"],"_links":{"self":[{"href":"https:\/\/aconteceunovale.com.br\/portal\/index.php?rest_route=\/wp\/v2\/posts\/136411","targetHints":{"allow":["GET"]}}],"collection":[{"href":"https:\/\/aconteceunovale.com.br\/portal\/index.php?rest_route=\/wp\/v2\/posts"}],"about":[{"href":"https:\/\/aconteceunovale.com.br\/portal\/index.php?rest_route=\/wp\/v2\/types\/post"}],"author":[{"embeddable":true,"href":"https:\/\/aconteceunovale.com.br\/portal\/index.php?rest_route=\/wp\/v2\/users\/1"}],"replies":[{"embeddable":true,"href":"https:\/\/aconteceunovale.com.br\/portal\/index.php?rest_route=%2Fwp%2Fv2%2Fcomments&post=136411"}],"version-history":[{"count":0,"href":"https:\/\/aconteceunovale.com.br\/portal\/index.php?rest_route=\/wp\/v2\/posts\/136411\/revisions"}],"wp:featuredmedia":[{"embeddable":true,"href":"https:\/\/aconteceunovale.com.br\/portal\/index.php?rest_route=\/wp\/v2\/media\/135993"}],"wp:attachment":[{"href":"https:\/\/aconteceunovale.com.br\/portal\/index.php?rest_route=%2Fwp%2Fv2%2Fmedia&parent=136411"}],"wp:term":[{"taxonomy":"category","embeddable":true,"href":"https:\/\/aconteceunovale.com.br\/portal\/index.php?rest_route=%2Fwp%2Fv2%2Fcategories&post=136411"},{"taxonomy":"post_tag","embeddable":true,"href":"https:\/\/aconteceunovale.com.br\/portal\/index.php?rest_route=%2Fwp%2Fv2%2Ftags&post=136411"}],"curies":[{"name":"wp","href":"https:\/\/api.w.org\/{rel}","templated":true}]}}