{"id":136407,"date":"2018-10-01T23:07:54","date_gmt":"2018-10-02T01:07:54","guid":{"rendered":"http:\/\/aconteceunovale.com.br\/portal\/?p=136407"},"modified":"2018-10-01T23:07:54","modified_gmt":"2018-10-02T01:07:54","slug":"homem-que-furtou-rodas-de-viatura-da-policia-civil-e-preso-no-vale-do-aco","status":"publish","type":"post","link":"https:\/\/aconteceunovale.com.br\/portal\/?p=136407","title":{"rendered":"Homem que furtou rodas de viatura da Pol\u00edcia Civil \u00e9 preso no Vale do A\u00e7o"},"content":{"rendered":"<p>A Pol\u00edcia Civil de Ipatinga, no Vale do A\u00e7o, prendeu nesta segunda-feira (01\/10\/2018) um homem de 49 anos suspeito de furtar quatro rodas de uma viatura da corpora\u00e7\u00e3o, em um p\u00e1tio de vistoria credenciado do Detran-MG, anexo \u00e0 Delegacia Regional, no centro daquela cidade. O furto aconteceu na madrugada de s\u00e1bado e foi descoberto pela manh\u00e3 do mesmo dia.<\/p>\n<p>Segundo a Pol\u00edcia Civil, o ve\u00edculo, um Fiat Palio Weekend, estava sem as quatro rodas, suspenso sobre blocos de concreto. O ladr\u00e3o foi flagrado por c\u00e2meras de seguran\u00e7a pulando o muro do p\u00e1tio. Depois, fugiu em uma pick-up Strada levando o material. O suspeito foi preso no bairro Cidade Nova, em Santana do Para\u00edso. Ele tamb\u00e9m \u00e9 suspeito de furtar rodas de um caminh\u00e3o no p\u00e1tio de uma transportadora de Ipatinga.<\/p>\n<p>O delegado regional de Ipatinga, Thiago Alves Henriques, disse que policiais ficaram de campana em frente \u00e0 casa do suspeito e ele foi preso assim que chegou ao local. A Civil encontrou 18 rodas de ve\u00edculos na casa dele, de caminh\u00f5es e de ve\u00edculos pequenos.<\/p>\n<p>As rodas da viatura n\u00e3o estavam no local, mas os policiais encontraram contas de luz e outras contas de um outro endere\u00e7o do suspeito, na cidade de Tim\u00f3teo, tamb\u00e9m no Vale do A\u00e7o, onde as rodas do carro da pol\u00edcia e de outros ve\u00edculos foram encontradas.<\/p>\n<p>O delegado acredita que o suspeito, al\u00e9m de furtar, tamb\u00e9m era receptador de rodas. A Pol\u00edcia Civil da regi\u00e3o convocou v\u00edtimas desse tipo de furto que procurem a delegacia para fazer reconhecimento dos produtos recuperados.<\/p>\n<p>\u201cA investiga\u00e7\u00e3o vai continuar porque a quantidade de rodas \u00e9 muito grande e acreditamos no envolvimento de outras pessoas\u201d, informou o delegado em coletiva \u00e0 imprensa. Ele reconheceu falhas na seguran\u00e7a do p\u00e1tio.<\/p>\n<p>Segundo o delegado, o suspeito tem v\u00e1rias passagens por furtos. Segundo ele, o suspeito negou o crime. \u201cFicou chorando e se jogou no ch\u00e3o. Fez um teatro para comover os policiais\u201d, disse o delegado. O preso permanecer\u00e1 recolhido na Delegacia Regional aguardando vaga em pres\u00eddios da regi\u00e3o.<\/p>\n<p><img decoding=\"async\" src=\"http:\/\/aconteceunovale.com.br\/portal\/wp-content\/uploads\/2018\/10\/viatura_civil_ipatinga_1.jpg\" alt=\"\" \/><\/p>\n<p><img decoding=\"async\" src=\"http:\/\/aconteceunovale.com.br\/portal\/wp-content\/uploads\/2018\/10\/viatura_civil_ipatinga_2.jpg\" alt=\"\" \/><\/p>\n<p><img decoding=\"async\" src=\"http:\/\/aconteceunovale.com.br\/portal\/wp-content\/uploads\/2018\/10\/viatura_civil_ipatinga_3.jpg\" alt=\"\" \/><\/p>\n<p><img decoding=\"async\" src=\"http:\/\/aconteceunovale.com.br\/portal\/wp-content\/uploads\/2018\/10\/viatura_civil_ipatinga_4.jpg\" alt=\"\" \/><\/p>\n<p><img decoding=\"async\" src=\"http:\/\/aconteceunovale.com.br\/portal\/wp-content\/uploads\/2018\/10\/viatura_civil_ipatinga_5.jpg\" alt=\"\" \/><\/p>\n<p><img decoding=\"async\" src=\"http:\/\/aconteceunovale.com.br\/portal\/wp-content\/uploads\/2018\/10\/viatura_civil_ipatinga_6.jpg\" alt=\"\" \/><\/p>\n<p><img decoding=\"async\" src=\"http:\/\/aconteceunovale.com.br\/portal\/wp-content\/uploads\/2018\/10\/viatura_civil_ipatinga_7.jpg\" alt=\"\" \/><br \/>\n<\/br><\/p>\n<p><strong>VER PRIMEIRO<\/strong><\/p>\n<p>Receba as not\u00edcias do Aconteceu no Vale em primeira m\u00e3o. Clique em curtir no endere\u00e7o <a href=\"https:\/\/www.facebook.com\/aconteceunovale\" target=\"_blank\"><font color=\"red\">www.facebook.com\/aconteceunovale<\/font><\/a> ou no box abaixo:<\/p>\n<div class=\"fb-like\" data-href=\"https:\/\/www.facebook.com\/aconteceunovale\" data-width=\"120\" data-layout=\"standard\" data-action=\"like\" data-size=\"small\" data-show-faces=\"true\" data-share=\"true\"><\/div>\n<p><\/br><\/p>\n<p><em>(Fonte: O Tempo \/ Fotos: Divulga\u00e7\u00e3o Pol\u00edcia Civil)<\/em><\/p>\n","protected":false},"excerpt":{"rendered":"<p>A Pol\u00edcia Civil de Ipatinga, no Vale do A\u00e7o, prendeu nesta segunda-feira (01\/10\/2018) um homem de 49 anos suspeito de furtar quatro rodas de uma viatura da corpora\u00e7\u00e3o, em um p\u00e1tio de vistoria credenciado do Detran-MG, anexo \u00e0 Delegacia Regional, no centro daquela cidade. O furto aconteceu na madrugada de s\u00e1bado e foi descoberto pela [&hellip;]<\/p>\n","protected":false},"author":1,"featured_media":136404,"comment_status":"open","ping_status":"closed","sticky":false,"template":"","format":"standard","meta":{"amp_status":"","footnotes":""},"categories":[121],"tags":[168405,181353,181350,181356,201,49264,181352,2101,181355,1105,181354,181351],"class_list":["post-136407","post","type-post","status-publish","format-standard","has-post-thumbnail","hentry","category-leste","tag-delegado-regional-de-ipatinga","tag-furto-de-rodas-de-viatura-em-ipatinga","tag-homem-que-furtou-rodas-de-viatura-da-policia-civil-e-preso-em-ipatinga","tag-homem-que-furtou-rodas-de-viatura-da-policia-civil-e-preso-no-vale-do-aco","tag-ipatinga","tag-policia-civil-de-ipatinga","tag-roubo-de-rodas-de-viatura-em-ipatinga","tag-santana-do-paraiso","tag-thiago-alves-henriques","tag-timoteo","tag-viatura-da-policia-civil-e-depenada-em-ipatinga","tag-viatura-depenada-em-ipatinga"],"_links":{"self":[{"href":"https:\/\/aconteceunovale.com.br\/portal\/index.php?rest_route=\/wp\/v2\/posts\/136407","targetHints":{"allow":["GET"]}}],"collection":[{"href":"https:\/\/aconteceunovale.com.br\/portal\/index.php?rest_route=\/wp\/v2\/posts"}],"about":[{"href":"https:\/\/aconteceunovale.com.br\/portal\/index.php?rest_route=\/wp\/v2\/types\/post"}],"author":[{"embeddable":true,"href":"https:\/\/aconteceunovale.com.br\/portal\/index.php?rest_route=\/wp\/v2\/users\/1"}],"replies":[{"embeddable":true,"href":"https:\/\/aconteceunovale.com.br\/portal\/index.php?rest_route=%2Fwp%2Fv2%2Fcomments&post=136407"}],"version-history":[{"count":0,"href":"https:\/\/aconteceunovale.com.br\/portal\/index.php?rest_route=\/wp\/v2\/posts\/136407\/revisions"}],"wp:featuredmedia":[{"embeddable":true,"href":"https:\/\/aconteceunovale.com.br\/portal\/index.php?rest_route=\/wp\/v2\/media\/136404"}],"wp:attachment":[{"href":"https:\/\/aconteceunovale.com.br\/portal\/index.php?rest_route=%2Fwp%2Fv2%2Fmedia&parent=136407"}],"wp:term":[{"taxonomy":"category","embeddable":true,"href":"https:\/\/aconteceunovale.com.br\/portal\/index.php?rest_route=%2Fwp%2Fv2%2Fcategories&post=136407"},{"taxonomy":"post_tag","embeddable":true,"href":"https:\/\/aconteceunovale.com.br\/portal\/index.php?rest_route=%2Fwp%2Fv2%2Ftags&post=136407"}],"curies":[{"name":"wp","href":"https:\/\/api.w.org\/{rel}","templated":true}]}}