{"id":136390,"date":"2018-10-01T21:55:06","date_gmt":"2018-10-01T23:55:06","guid":{"rendered":"http:\/\/aconteceunovale.com.br\/portal\/?p=136390"},"modified":"2018-10-01T21:55:06","modified_gmt":"2018-10-01T23:55:06","slug":"lewandowski-manda-cumprir-decisao-que-autoriza-entrevistas-com-lula","status":"publish","type":"post","link":"https:\/\/aconteceunovale.com.br\/portal\/?p=136390","title":{"rendered":"Lewandowski manda cumprir decis\u00e3o que autoriza entrevistas com Lula"},"content":{"rendered":"<p>O ministro do Supremo Tribunal Federal Ricardo Lewandowski determinou hoje (1) que o magistrado respons\u00e1vel pela 12\u00aa Vara Federal de Curitiba e o Superintendente da Pol\u00edcia Federal de Curitiba (PR) \u201cpermitam, com urg\u00eancia e imediatamente\u201d, o acesso dos jornalistas M\u00f4nica Bergamo, da Folha de S\u00e3o Paulo, e Florestan Fernandes, com equipe t\u00e9cnica e equipamentos, para entrevistarem o ex-presidente Luiz In\u00e1cio Lula da Silva.<\/p>\n<p>Na sexta-feira (28), Lewandowski tinha emitido liminar autorizando Lula a conceder entrevistas na carceragem da Pol\u00edcia Federal, em Curitiba, onde est\u00e1 preso desde 7 de abril. Os pedidos de entrevista foram feitos pelos jornalistas M\u00f4nica Bergamo, da Folha de S\u00e3o Paulo, e Florestan Fernandes. Os jornalistas reclamaram ao STF depois de decis\u00e3o da 12\u00aa Vara Federal de Curitiba de negar acesso da imprensa a Lula.<\/p>\n<p>Em seguida \u00e0 decis\u00e3o de Lawandowski, o ministro Luiz Fux, tamb\u00e9m do Supremo, suspendeu a decis\u00e3o, em resposta \u00e0 reclama\u00e7\u00e3o do Partido Novo, que se op\u00f4s \u00e0 autoriza\u00e7\u00e3o para entrevistas nas v\u00e9speras das elei\u00e7\u00f5es.<\/p>\n<p>Nos mandatos expedidos hoje, o ministro Lewandowski acolheu as peti\u00e7\u00f5es dos jornalistas e determinou o cumprimento de sua decis\u00e3o da \u00faltima semana. O ministro acrescenta no despacho que a apresenta\u00e7\u00e3o da decis\u00e3o proferida na Superintend\u00eancia da PF seja suficiente para sua execu\u00e7\u00e3o, \u201csob pena de configura\u00e7\u00e3o de crime de desobedi\u00eancia, com o imediato acionamento do Minist\u00e9rio P\u00fablico para as provid\u00eancias cab\u00edveis, servindo a presente decis\u00e3o como mandado\u201d.<\/p>\n<p>Lewandowski exp\u00f5e que a suspens\u00e3o proferida por seu colega [Luiz Fux] \u201cincorre em v\u00edcios grav\u00edssimos\u201d e n\u00e3o \u00e9 capaz de produzir qualquer efeito legal, pois \u201cn\u00e3o possui forma ou figura jur\u00eddica admiss\u00edvel no direito vigente\u201d.<\/p>\n<p>Na autoriza\u00e7\u00e3o concedida a Florestan Fernandes, o ministro destaca que preserva sua reclama\u00e7\u00e3o para garantir \u201co direito constitucional de exercer a plenitude da liberdade de imprensa como categoria jur\u00eddica proibitiva de qualquer tipo de censura pr\u00e9via, bem como o direito do pr\u00f3prio custodiado de conceder entrevistas a ve\u00edculos de comunica\u00e7\u00e3o\u201d.<\/p>\n<p><strong>VER PRIMEIRO<\/strong><\/p>\n<p>Receba as not\u00edcias do Aconteceu no Vale em primeira m\u00e3o. Clique em curtir no endere\u00e7o <a href=\"https:\/\/www.facebook.com\/aconteceunovale\" target=\"_blank\"><font color=\"red\">www.facebook.com\/aconteceunovale<\/font><\/a> ou no box abaixo:<\/p>\n<div class=\"fb-like\" data-href=\"https:\/\/www.facebook.com\/aconteceunovale\" data-width=\"120\" data-layout=\"standard\" data-action=\"like\" data-size=\"small\" data-show-faces=\"true\" data-share=\"true\"><\/div>\n<p><\/br><\/p>\n<p><em>(Fonte: Ag\u00eancia Brasil)<\/em><\/p>\n","protected":false},"excerpt":{"rendered":"<p>O ministro do Supremo Tribunal Federal Ricardo Lewandowski determinou hoje (1) que o magistrado respons\u00e1vel pela 12\u00aa Vara Federal de Curitiba e o Superintendente da Pol\u00edcia Federal de Curitiba (PR) \u201cpermitam, com urg\u00eancia e imediatamente\u201d, o acesso dos jornalistas M\u00f4nica Bergamo, da Folha de S\u00e3o Paulo, e Florestan Fernandes, com equipe t\u00e9cnica e equipamentos, para [&hellip;]<\/p>\n","protected":false},"author":1,"featured_media":136161,"comment_status":"open","ping_status":"closed","sticky":false,"template":"","format":"standard","meta":{"amp_status":"","footnotes":""},"categories":[6,40240],"tags":[29879,66413,82255,181064,181336,40910,180965,38041,77985,181151,14124,7147,181065,83283,180964,165289,176343,28512,28511],"class_list":["post-136390","post","type-post","status-publish","format-standard","has-post-thumbnail","hentry","category-br","category-politica-2","tag-autorizacao","tag-entrevista","tag-ex-presidente-lula","tag-lewandowski","tag-lewandowski-manda-cumprir-decisao-que-autoriza-entrevistas-com-lula","tag-liberdade","tag-liberdade-de-lula","tag-liminar","tag-luiz-fux","tag-luiz-fux-suspende-liminar-que-autorizava-entrevista-do-ex-presidente-lula","tag-luiz-inacio-lula-da-silva","tag-lula","tag-ministro-do-supremo-autoriza-lula-a-conceder-entrevistas","tag-ministro-ricardo-lewandowski","tag-ministro-ricardo-lewandowski-libera-para-julgamento-recurso-do-ex-presidente-lula","tag-recurso-de-lula","tag-recurso-do-ex-presidente-lula","tag-ricardo-lewandowski","tag-stf"],"_links":{"self":[{"href":"https:\/\/aconteceunovale.com.br\/portal\/index.php?rest_route=\/wp\/v2\/posts\/136390","targetHints":{"allow":["GET"]}}],"collection":[{"href":"https:\/\/aconteceunovale.com.br\/portal\/index.php?rest_route=\/wp\/v2\/posts"}],"about":[{"href":"https:\/\/aconteceunovale.com.br\/portal\/index.php?rest_route=\/wp\/v2\/types\/post"}],"author":[{"embeddable":true,"href":"https:\/\/aconteceunovale.com.br\/portal\/index.php?rest_route=\/wp\/v2\/users\/1"}],"replies":[{"embeddable":true,"href":"https:\/\/aconteceunovale.com.br\/portal\/index.php?rest_route=%2Fwp%2Fv2%2Fcomments&post=136390"}],"version-history":[{"count":0,"href":"https:\/\/aconteceunovale.com.br\/portal\/index.php?rest_route=\/wp\/v2\/posts\/136390\/revisions"}],"wp:featuredmedia":[{"embeddable":true,"href":"https:\/\/aconteceunovale.com.br\/portal\/index.php?rest_route=\/wp\/v2\/media\/136161"}],"wp:attachment":[{"href":"https:\/\/aconteceunovale.com.br\/portal\/index.php?rest_route=%2Fwp%2Fv2%2Fmedia&parent=136390"}],"wp:term":[{"taxonomy":"category","embeddable":true,"href":"https:\/\/aconteceunovale.com.br\/portal\/index.php?rest_route=%2Fwp%2Fv2%2Fcategories&post=136390"},{"taxonomy":"post_tag","embeddable":true,"href":"https:\/\/aconteceunovale.com.br\/portal\/index.php?rest_route=%2Fwp%2Fv2%2Ftags&post=136390"}],"curies":[{"name":"wp","href":"https:\/\/api.w.org\/{rel}","templated":true}]}}