{"id":136201,"date":"2018-09-28T10:44:07","date_gmt":"2018-09-28T12:44:07","guid":{"rendered":"http:\/\/aconteceunovale.com.br\/portal\/?p=136201"},"modified":"2018-09-28T10:44:07","modified_gmt":"2018-09-28T12:44:07","slug":"filhote-de-bicho-preguica-nasce-em-praca-de-teofilo-otoni","status":"publish","type":"post","link":"https:\/\/aconteceunovale.com.br\/portal\/?p=136201","title":{"rendered":"Filhote de bicho-pregui\u00e7a nasce em pra\u00e7a de Te\u00f3filo Otoni"},"content":{"rendered":"<p>A Pra\u00e7a Tiradentes, no Centro de Te\u00f3filo Otoni, ganhou um novo morador. Os bichos-pregui\u00e7a j\u00e1 viraram s\u00edmbolo do local e um novo filhotinho nasceu para agregar a fam\u00edlia.<\/p>\n<p>Os primeiros momentos de vida do filhote com a m\u00e3e foram registrados pelo fot\u00f3grafo e ambientalista Ronil Vagner Ara\u00fajo. Frequentador ass\u00edduo da Pra\u00e7a Tiradentes, as lentes deles sempre registram os moradores ilustres do local.<\/p>\n<p>\u201cElas chamam muita aten\u00e7\u00e3o, todos gostam de olhar para elas. No dia do nascimento a m\u00e3e e o filhote estavam no ch\u00e3o e eu pude filmar. Mas o importante tamb\u00e9m \u00e9 cuidar, quando vejo qualquer situa\u00e7\u00e3o diferente, aciono a Pol\u00edcia Militar de Meio Ambiente para conferir\u201d, aponta o fot\u00f3grafo.<\/p>\n<p>Atualmente cerca de dez pregui\u00e7as habitam a pra\u00e7a, na maioria machos. Pelo comportamento calmo e apar\u00eancia singela, elas atraem muitos olhares, mas a veterin\u00e1ria L\u00eddia Roedel ressalta que os animais s\u00e3o silvestres e, portanto, t\u00eam caracter\u00edsticas que devem ser respeitadas.<\/p>\n<p>\u201cEsse \u00e9 um animal feito para viver na natureza. Por j\u00e1 estarem na pra\u00e7a h\u00e1 muitos anos, eles j\u00e1 t\u00eam certa adapta\u00e7\u00e3o ao ambiente urbano, mas \u00e9 preciso destacar que eles possuem h\u00e1bitos de animais silvestres que precisam ser respeitados. E n\u00e3o se deve dar pipoca, bala, comidas de crian\u00e7a, pois esses alimentos n\u00e3o s\u00e3o adequados para eles. Mas o principal \u00e9 n\u00e3o tentar encostar na pregui\u00e7a, porque o cheiro do humano fica impregnado no animal, que pode sofrer rejei\u00e7\u00e3o dos demais membros do grupo por conta da diferen\u00e7a de odor\u201d, explica a veterin\u00e1ria.<\/p>\n<p>Ainda de acordo com a veterin\u00e1ria, as pregui\u00e7as ficam no topo das \u00e1rvores, mas a cada sete dias elas precisam descer para fazer suas necessidades fisiol\u00f3gicas. Nessas horas, \u00e9 importante respeitar o espa\u00e7o do animal e n\u00e3o tentar aproxima\u00e7\u00e3o.<\/p>\n<p>\u201cO contato com humanos pode ocasionar estresse nos animais. Dependendo da situa\u00e7\u00e3o, o estresse pode baixar a imunidade, o que os deixa vulner\u00e1vel a doen\u00e7as. Ent\u00e3o, de forma indireta, isso pode levar at\u00e9 a morte desses bichos. \u00c9 importante que a popula\u00e7\u00e3o tenha conhecimento disso, para que possamos preservar a sa\u00fade das pregui\u00e7as que habitam a pra\u00e7a\u201d, destaca L\u00eddia Roedel.<\/p>\n<p><img decoding=\"async\" src=\"http:\/\/aconteceunovale.com.br\/portal\/wp-content\/uploads\/2018\/09\/preguica_teofilootoni.jpg\" alt=\"\" \/><em>Cerca de 10 pregui\u00e7as habitam a Pra\u00e7a Tiradentes \u2014 Foto: Ronil Vagner Ara\u00fajo\/Arquivo Pessoal<\/em><br \/>\n<\/br><\/p>\n<p><strong>Pesquisa<\/strong><\/p>\n<p>Em janeiro, quatro pregui\u00e7as da Pra\u00e7a Tiradentes foram capturadas pelo Corpo de Bombeiros e encaminhadas para cl\u00ednica veterin\u00e1ria, onde tiveram sangue recolhido para ser analisado em pesquisa desenvolvida pela Funda\u00e7\u00e3o Oswaldo Cruz (FioCruz) e Universidade Federal de Minas Gerais (UFMG).<\/p>\n<p>Na \u00e9poca, a veterin\u00e1ria L\u00eddia Roedel foi a respons\u00e1vel por colher o sangue dos animais. Ela conta que a pesquisa tinha como objetivo conferir se as pregui\u00e7as da pra\u00e7a possu\u00edam algum tipo de parasitas, mas os exames deram negativo.<\/p>\n<p><strong>VER PRIMEIRO<\/strong><\/p>\n<p>Receba as not\u00edcias do Aconteceu no Vale em primeira m\u00e3o. Clique em curtir no endere\u00e7o <a href=\"https:\/\/www.facebook.com\/aconteceunovale\" target=\"_blank\"><font color=\"red\">www.facebook.com\/aconteceunovale<\/font><\/a> ou no box abaixo:<\/p>\n<div class=\"fb-like\" data-href=\"https:\/\/www.facebook.com\/aconteceunovale\" data-width=\"120\" data-layout=\"standard\" data-action=\"like\" data-size=\"small\" data-show-faces=\"true\" data-share=\"true\"><\/div>\n<p><\/br><\/p>\n<p><em>(Fonte: G1 Vales)<\/em><\/p>\n","protected":false},"excerpt":{"rendered":"<p>A Pra\u00e7a Tiradentes, no Centro de Te\u00f3filo Otoni, ganhou um novo morador. Os bichos-pregui\u00e7a j\u00e1 viraram s\u00edmbolo do local e um novo filhotinho nasceu para agregar a fam\u00edlia. Os primeiros momentos de vida do filhote com a m\u00e3e foram registrados pelo fot\u00f3grafo e ambientalista Ronil Vagner Ara\u00fajo. Frequentador ass\u00edduo da Pra\u00e7a Tiradentes, as lentes deles [&hellip;]<\/p>\n","protected":false},"author":1,"featured_media":136202,"comment_status":"open","ping_status":"closed","sticky":false,"template":"","format":"standard","meta":{"amp_status":"","footnotes":""},"categories":[122],"tags":[1018,181022,48626,158068,181020,181021,164],"class_list":["post-136201","post","type-post","status-publish","format-standard","has-post-thumbnail","hentry","category-mucuri","tag-destaque","tag-filhote-de-bicho-preguica-nasce-em-praca-de-teofilo-otoni","tag-lidia-roedel","tag-praca-tiradentes","tag-praca-tiradentes-em-teofilo-otoni","tag-ronil-vagner-araujo","tag-teofilo-otoni"],"_links":{"self":[{"href":"https:\/\/aconteceunovale.com.br\/portal\/index.php?rest_route=\/wp\/v2\/posts\/136201","targetHints":{"allow":["GET"]}}],"collection":[{"href":"https:\/\/aconteceunovale.com.br\/portal\/index.php?rest_route=\/wp\/v2\/posts"}],"about":[{"href":"https:\/\/aconteceunovale.com.br\/portal\/index.php?rest_route=\/wp\/v2\/types\/post"}],"author":[{"embeddable":true,"href":"https:\/\/aconteceunovale.com.br\/portal\/index.php?rest_route=\/wp\/v2\/users\/1"}],"replies":[{"embeddable":true,"href":"https:\/\/aconteceunovale.com.br\/portal\/index.php?rest_route=%2Fwp%2Fv2%2Fcomments&post=136201"}],"version-history":[{"count":0,"href":"https:\/\/aconteceunovale.com.br\/portal\/index.php?rest_route=\/wp\/v2\/posts\/136201\/revisions"}],"wp:featuredmedia":[{"embeddable":true,"href":"https:\/\/aconteceunovale.com.br\/portal\/index.php?rest_route=\/wp\/v2\/media\/136202"}],"wp:attachment":[{"href":"https:\/\/aconteceunovale.com.br\/portal\/index.php?rest_route=%2Fwp%2Fv2%2Fmedia&parent=136201"}],"wp:term":[{"taxonomy":"category","embeddable":true,"href":"https:\/\/aconteceunovale.com.br\/portal\/index.php?rest_route=%2Fwp%2Fv2%2Fcategories&post=136201"},{"taxonomy":"post_tag","embeddable":true,"href":"https:\/\/aconteceunovale.com.br\/portal\/index.php?rest_route=%2Fwp%2Fv2%2Ftags&post=136201"}],"curies":[{"name":"wp","href":"https:\/\/api.w.org\/{rel}","templated":true}]}}