{"id":135840,"date":"2018-09-19T01:55:52","date_gmt":"2018-09-19T03:55:52","guid":{"rendered":"http:\/\/aconteceunovale.com.br\/portal\/?p=135840"},"modified":"2018-09-19T01:55:52","modified_gmt":"2018-09-19T03:55:52","slug":"temer-diz-que-proximo-presidente-tera-que-fazer-reforma-da-previdencia","status":"publish","type":"post","link":"https:\/\/aconteceunovale.com.br\/portal\/?p=135840","title":{"rendered":"Temer diz que pr\u00f3ximo presidente ter\u00e1 que fazer reforma da Previd\u00eancia"},"content":{"rendered":"<p>O presidente da Rep\u00fablica, Michel Temer, disse na noite de hoje (18\/09\/2018) que o pr\u00f3ximo presidente eleito n\u00e3o conseguir\u00e1 deixar a trilha tra\u00e7ada por seu governo. Temer, que discursou em evento de empres\u00e1rios na capital paulista, ressaltou ainda que o futuro mandat\u00e1rio da na\u00e7\u00e3o ter\u00e1 de fazer \u201cnecessariamente\u201d a reforma da Previd\u00eancia.<\/p>\n<p>\u201cTenho a mais absoluta convic\u00e7\u00e3o que seja quem venha a ser eleito, ele n\u00e3o vai conseguir sair da trilha que n\u00f3s tra\u00e7amos. E se quiser sair, vai ter de dizer o seguinte: eu n\u00e3o quero essa infla\u00e7\u00e3o rid\u00edcula de 3,5%, 4%, eu quero 10%, 11%; eu n\u00e3o quero juros a 6,5%, eu quero 14,25%; eu n\u00e3o quero a moderniza\u00e7\u00e3o trabalhista, a moderniza\u00e7\u00e3o do ensino m\u00e9dico, a responsabilidade fiscal\u201d, disse, em discurso no Pr\u00eamio 2018 da Associa\u00e7\u00e3o Nacional dos Comerciantes de Material de Constru\u00e7\u00e3o (Anamaco).<\/p>\n<p>Temer listou diversas a\u00e7\u00f5es do seu governo, como a aprova\u00e7\u00e3o do limite do teto dos gastos p\u00fablicos, a libera\u00e7\u00e3o dos recursos do Fundo de Garantia do Tempo de Servi\u00e7o (FGTS), a abertura de 500 mil novas vagas do ensino em tempo integral, a reforma trabalhista e a reforma do ensino m\u00e9dio.<\/p>\n<p>\u201cDificilmente algu\u00e9m que venha a ser eleito, por mais que se fa\u00e7a propaganda eleitoral dizendo \u2018n\u00f3s vamos terminar com tudo isso que foi feito no governo\u2019, n\u00e3o vai conseguir, porque a consci\u00eancia popular hoje j\u00e1 tomou ci\u00eancia de que \u00e9 indispens\u00e1vel continuar com as reformas\u201d, disse. <\/p>\n<p>De acordo com o presidente, a reforma da Previd\u00eancia saiu da pauta legislativa em raz\u00e3o das elei\u00e7\u00f5es, mas n\u00e3o saiu da pauta pol\u00edtica. \u201cN\u00e3o haver\u00e1 presidente que venha a ser eleito que n\u00e3o tenha que fazer necessariamente a reforma da Previd\u00eancia\u201d, disse. \u201cOs deputados, senadores estar\u00e3o rec\u00e9m-eleitos, portanto adequados, com disposi\u00e7\u00e3o, para fazer a reforma previdenci\u00e1ria\u201d.<\/p>\n<p>Michel Temer foi premiado na solenidade com uma colher de pedreiro dourada, uma homenagem da entidade organizadora ao oper\u00e1rio n\u00famero um da constru\u00e7\u00e3o. <\/p>\n<p><strong>VER PRIMEIRO<\/strong><\/p>\n<p>Receba as not\u00edcias do Aconteceu no Vale em primeira m\u00e3o. Clique em curtir no endere\u00e7o <a href=\"https:\/\/www.facebook.com\/aconteceunovale\" target=\"_blank\"><font color=\"red\">www.facebook.com\/aconteceunovale<\/font><\/a> ou no box abaixo:<\/p>\n<div class=\"fb-like\" data-href=\"https:\/\/www.facebook.com\/aconteceunovale\" data-width=\"120\" data-layout=\"standard\" data-action=\"like\" data-size=\"small\" data-show-faces=\"true\" data-share=\"true\"><\/div>\n<p><\/br><\/p>\n<p><em>(Fonte: Ag\u00eancia Brasil)<\/em><\/p>\n","protected":false},"excerpt":{"rendered":"<p>O presidente da Rep\u00fablica, Michel Temer, disse na noite de hoje (18\/09\/2018) que o pr\u00f3ximo presidente eleito n\u00e3o conseguir\u00e1 deixar a trilha tra\u00e7ada por seu governo. Temer, que discursou em evento de empres\u00e1rios na capital paulista, ressaltou ainda que o futuro mandat\u00e1rio da na\u00e7\u00e3o ter\u00e1 de fazer \u201cnecessariamente\u201d a reforma da Previd\u00eancia. \u201cTenho a mais [&hellip;]<\/p>\n","protected":false},"author":1,"featured_media":135841,"comment_status":"open","ping_status":"closed","sticky":false,"template":"","format":"standard","meta":{"amp_status":"","footnotes":""},"categories":[6,40240],"tags":[35367,35366,20181,20321,110209,129308,84466,180350,180349],"class_list":["post-135840","post","type-post","status-publish","format-standard","has-post-thumbnail","hentry","category-br","category-politica-2","tag-anamaco","tag-associacao-nacional-dos-comerciantes-de-material-de-construcao","tag-michel-temer","tag-presidente-da-republica","tag-reforma-da-previdencia","tag-reforma-da-previdencia-no-brasil","tag-temer","tag-temer-diz-que-o-proximo-presidente-eleito-nao-conseguira-deixar-a-trilha-tracada-por-seu-governo","tag-temer-diz-que-proximo-presidente-tera-que-fazer-reforma-da-previdencia"],"_links":{"self":[{"href":"https:\/\/aconteceunovale.com.br\/portal\/index.php?rest_route=\/wp\/v2\/posts\/135840","targetHints":{"allow":["GET"]}}],"collection":[{"href":"https:\/\/aconteceunovale.com.br\/portal\/index.php?rest_route=\/wp\/v2\/posts"}],"about":[{"href":"https:\/\/aconteceunovale.com.br\/portal\/index.php?rest_route=\/wp\/v2\/types\/post"}],"author":[{"embeddable":true,"href":"https:\/\/aconteceunovale.com.br\/portal\/index.php?rest_route=\/wp\/v2\/users\/1"}],"replies":[{"embeddable":true,"href":"https:\/\/aconteceunovale.com.br\/portal\/index.php?rest_route=%2Fwp%2Fv2%2Fcomments&post=135840"}],"version-history":[{"count":0,"href":"https:\/\/aconteceunovale.com.br\/portal\/index.php?rest_route=\/wp\/v2\/posts\/135840\/revisions"}],"wp:featuredmedia":[{"embeddable":true,"href":"https:\/\/aconteceunovale.com.br\/portal\/index.php?rest_route=\/wp\/v2\/media\/135841"}],"wp:attachment":[{"href":"https:\/\/aconteceunovale.com.br\/portal\/index.php?rest_route=%2Fwp%2Fv2%2Fmedia&parent=135840"}],"wp:term":[{"taxonomy":"category","embeddable":true,"href":"https:\/\/aconteceunovale.com.br\/portal\/index.php?rest_route=%2Fwp%2Fv2%2Fcategories&post=135840"},{"taxonomy":"post_tag","embeddable":true,"href":"https:\/\/aconteceunovale.com.br\/portal\/index.php?rest_route=%2Fwp%2Fv2%2Ftags&post=135840"}],"curies":[{"name":"wp","href":"https:\/\/api.w.org\/{rel}","templated":true}]}}