{"id":135743,"date":"2018-09-17T23:04:53","date_gmt":"2018-09-18T01:04:53","guid":{"rendered":"http:\/\/aconteceunovale.com.br\/portal\/?p=135743"},"modified":"2018-09-17T23:04:53","modified_gmt":"2018-09-18T01:04:53","slug":"assassinato-brutal-de-mulher-no-norte-de-minas-causa-revolta","status":"publish","type":"post","link":"https:\/\/aconteceunovale.com.br\/portal\/?p=135743","title":{"rendered":"Assassinato brutal de mulher no Norte de Minas causa revolta"},"content":{"rendered":"<p>As pol\u00edcias Civil e Militar de Jana\u00faba, no Norte de Minas, continuam no encal\u00e7o de Rodrigo Aparecido de Souza, de 29 anos, que est\u00e1 foragido desde a noite de s\u00e1bado (15) ap\u00f3s agredir a socos e matar com diversas facadas e pauladas a mulher dele, Valdilene de Brito Medeiros, de 28. O crime aconteceu na localidade rural Quem-Quem e assustou os 3,8 mil moradores do lugar.<\/p>\n<p>As agress\u00f5es foram presenciadas por uma adolescente de 13 anos, filha da v\u00edtima, que pulou a janela para pedir socorro, mas quando retornou com os vizinhos j\u00e1 n\u00e3o encontraram o padastro dela.<\/p>\n<p>\u201cNessa atitude covarde dele, ele passou o dia agredindo a esposa dele e, por final, acabou matando ela a pauladas\u201d, disse o delegado regional de Jana\u00faba, Bruno Fernandes, que espera prender o suspeito ainda esta semana.<\/p>\n<p>Segundo o policial, o crime foi um t\u00edpico feminic\u00eddio. \u201cMatou por quest\u00e3o de g\u00eanero. Esse machismo que a sociedade brasileira n\u00e3o se conscientiza e que faz mais uma v\u00edtima\u201d, reagiu o delegado.<\/p>\n<p>Segundo ele, tudo indica que a mulher vivia uma rela\u00e7\u00e3o abusiva, que, infelizmente, segundo ele, acabou tirando a vida dela de \u201cforma covarde e brutal\u201d, refor\u00e7ou o delegado. Rodrigo, embora agredisse a v\u00edtima com frequ\u00eancia, segundo testemunhas, n\u00e3o tinha passagens pela pol\u00edcia.<\/p>\n<p>A filha de 13 anos da v\u00edtima detalhou o crime, segundo o delegado, e certamente ter\u00e1 que passar por um tratamento psicol\u00f3gico para amenizar o trauma de presenciar o assassinato brutal da m\u00e3e. Rodrigo tinha um filho de 3 anos com a v\u00edtima e essa crian\u00e7a foi entregue aos parentes dele. Ao fugir, o suspeito trancou a casa com o corpo da mulher na sala, em meio a uma po\u00e7a de sangue, e o menino dormindo no quarto. A porta precisou ser arrombada pelos parentes da v\u00edtima.<\/p>\n<p>\u201cO crime chocou Quem-Quem, que \u00e9 uma lugar pacato e hospitaleiro. No s\u00e1bado \u00e0 noite, a popula\u00e7\u00e3o teve que dormir com essa trag\u00e9dia. Esse covarde (Rodrigo), em um relacionamento abusivo, achando que era o dono da mulher, acabou tirando a vida dela\u201d, desabafou o delegado.<\/p>\n<p>A faca de 15 cent\u00edmetros e um peda\u00e7o de madeira foram apreendidos, ao lado do corpo, com vest\u00edgios de sangue. \u201cN\u00f3s vamos prend\u00ea-lo ainda esta semana. \u00c9 o compromisso que a Pol\u00edcia Civil de Jana\u00faba faz. \u00c9 prender esse covarde e coloc\u00e1-lo \u00e0 disposi\u00e7\u00e3o da Justi\u00e7a, para responder pelos seus atos\u201d, disse Fernandes.<\/p>\n<p>Rodrigo, segundo o delegado, vai responder por homic\u00eddio com o agravante de feminic\u00eddio. Segundo ele, a v\u00edtima foi morta por ser mulher.<\/p>\n<p><img decoding=\"async\" src=\"http:\/\/aconteceunovale.com.br\/portal\/wp-content\/uploads\/2018\/09\/casa_janauba.jpg\" alt=\"\" \/><em>Casa onde ocorreu o crime b\u00e1rbado (Foto: Sidney C\u00e2ndido\/Reprodu\u00e7\u00e3o)<\/em><br \/>\n<\/br><\/p>\n<p><strong>VER PRIMEIRO<\/strong><\/p>\n<p>Receba as not\u00edcias do Aconteceu no Vale em primeira m\u00e3o. Clique em curtir no endere\u00e7o <a href=\"https:\/\/www.facebook.com\/aconteceunovale\" target=\"_blank\"><font color=\"red\">www.facebook.com\/aconteceunovale<\/font><\/a> ou no box abaixo:<\/p>\n<div class=\"fb-like\" data-href=\"https:\/\/www.facebook.com\/aconteceunovale\" data-width=\"120\" data-layout=\"standard\" data-action=\"like\" data-size=\"small\" data-show-faces=\"true\" data-share=\"true\"><\/div>\n<p><\/br><\/p>\n<p><em>(Fonte: O Tempo)<\/em><\/p>\n","protected":false},"excerpt":{"rendered":"<p>As pol\u00edcias Civil e Militar de Jana\u00faba, no Norte de Minas, continuam no encal\u00e7o de Rodrigo Aparecido de Souza, de 29 anos, que est\u00e1 foragido desde a noite de s\u00e1bado (15) ap\u00f3s agredir a socos e matar com diversas facadas e pauladas a mulher dele, Valdilene de Brito Medeiros, de 28. O crime aconteceu na [&hellip;]<\/p>\n","protected":false},"author":1,"featured_media":135744,"comment_status":"open","ping_status":"closed","sticky":false,"template":"","format":"standard","meta":{"amp_status":"","footnotes":""},"categories":[1236],"tags":[180132,180130,180189,180190,180131,204,180137,180136,180133,180129,33228,163514,180128,180135,180134],"class_list":["post-135743","post","type-post","status-publish","format-standard","has-post-thumbnail","hentry","category-norte_de_minas","tag-assassinada-em-janauba","tag-assassinada-em-quem-quem","tag-assassinato-brutal-de-mulher-causa-revolta-no-municipio-de-janauba","tag-assassinato-brutal-de-mulher-no-norte-de-minas-causa-revolta","tag-feminicidio-em-janauba","tag-janauba","tag-mulher-e-assassinada-a-pauladas-e-facadas-em-janauba","tag-mulher-e-assassinada-a-pauladas-e-facadas-no-norte-de-minas","tag-mulher-morta-em-janauba","tag-mulher-morta-em-quem-quem","tag-no-norte-de-minas","tag-quem-quem","tag-rodrigo-aparecido-de-souza","tag-sidney-candido","tag-valdilene-de-brito-medeiros"],"_links":{"self":[{"href":"https:\/\/aconteceunovale.com.br\/portal\/index.php?rest_route=\/wp\/v2\/posts\/135743","targetHints":{"allow":["GET"]}}],"collection":[{"href":"https:\/\/aconteceunovale.com.br\/portal\/index.php?rest_route=\/wp\/v2\/posts"}],"about":[{"href":"https:\/\/aconteceunovale.com.br\/portal\/index.php?rest_route=\/wp\/v2\/types\/post"}],"author":[{"embeddable":true,"href":"https:\/\/aconteceunovale.com.br\/portal\/index.php?rest_route=\/wp\/v2\/users\/1"}],"replies":[{"embeddable":true,"href":"https:\/\/aconteceunovale.com.br\/portal\/index.php?rest_route=%2Fwp%2Fv2%2Fcomments&post=135743"}],"version-history":[{"count":0,"href":"https:\/\/aconteceunovale.com.br\/portal\/index.php?rest_route=\/wp\/v2\/posts\/135743\/revisions"}],"wp:featuredmedia":[{"embeddable":true,"href":"https:\/\/aconteceunovale.com.br\/portal\/index.php?rest_route=\/wp\/v2\/media\/135744"}],"wp:attachment":[{"href":"https:\/\/aconteceunovale.com.br\/portal\/index.php?rest_route=%2Fwp%2Fv2%2Fmedia&parent=135743"}],"wp:term":[{"taxonomy":"category","embeddable":true,"href":"https:\/\/aconteceunovale.com.br\/portal\/index.php?rest_route=%2Fwp%2Fv2%2Fcategories&post=135743"},{"taxonomy":"post_tag","embeddable":true,"href":"https:\/\/aconteceunovale.com.br\/portal\/index.php?rest_route=%2Fwp%2Fv2%2Ftags&post=135743"}],"curies":[{"name":"wp","href":"https:\/\/api.w.org\/{rel}","templated":true}]}}