{"id":135740,"date":"2018-09-17T22:35:49","date_gmt":"2018-09-18T00:35:49","guid":{"rendered":"http:\/\/aconteceunovale.com.br\/portal\/?p=135740"},"modified":"2018-09-18T19:32:54","modified_gmt":"2018-09-18T21:32:54","slug":"homem-que-matou-ex-companheira-em-montes-claros-manda-recado-para-mulheres-cuidem-e-acarinhem-mais-os-maridos","status":"publish","type":"post","link":"https:\/\/aconteceunovale.com.br\/portal\/?p=135740","title":{"rendered":"Homem que matou ex-companheira em Montes Claros manda recado para mulheres: cuidem e acarinhem mais os maridos"},"content":{"rendered":"<p>O prot\u00e9tico Calcivo Deusdete de Freitas, de 61 anos, foi preso na madrugada desta segunda-feira (17\/09\/2018) depois de matar a ex-mulher com seis tiros em Montes Claros, no Norte de Minas. Na delegacia, ele confessou o crime e mandou um recado a todas as \u201cesposas\u201d para ea que elas \u201ccuidem e acarinhem mais\u201d os maridos. \u201cN\u00e3o estou justificando o meu crime. \u00c9 injustific\u00e1vel\u201d, comentou o preso, que se diz arrependido.<\/p>\n<p>Ele foi autuado em flagrante por homic\u00eddio triplamente qualificado, por motivo f\u00fatil, meio cruel e recurso que impossibilitou a defesa da v\u00edtima, com o agravante de feminic\u00eddio.<\/p>\n<p>O crime aconteceu na noite de domingo, na porta da casa da v\u00edtima, na rua Santa Maria, no bairro Jardim Panorama. Elaine Figueiredo Lacerda, de 61 anos, levou dois tiros na cabe\u00e7a e quatro no abd\u00f4men. C\u00e2meras de seguran\u00e7a da rua registram o momento em que o prot\u00e9tico sai da casa da v\u00edtima e busca um rev\u00f3lver calibre 38 no porta-malas de um carro. Logo em seguida, ele retorna para a frente da casa e descarrega a arma na ex-mulher. Ela cai na cal\u00e7ada, quando leva os primeiros tiros, e ele dispara outras vezes e foge na sequ\u00eancia. O homem possui uma cl\u00ednica de pr\u00f3teses dent\u00e1rias e a v\u00edtima trabalhava com ele.<\/p>\n<p>De acordo com a Pol\u00edcia Militar (PM), Freitas teria ido \u00e0 casa de Elaine buscar um carro que estava na resid\u00eancia e os dois discutiram quando o homem retirava o ve\u00edculo da garagem. O prot\u00e9tico buscou a arma no porta-malas de outro ve\u00edculo estacionado na rua e a matou friamente. O casal deixou dois filhos adultos, um de 31 e outro de 33, que \u00e9 dentista.<\/p>\n<p>Freitas foi preso por volta das 4h desta segunda-feira em uma fazenda dele. A PM apreendeu o rev\u00f3lver usado no crime e uma espingarda carabina calibre 32 que ele mantinha na casa. O autor foi autuado em flagrante e encaminhado ao Pres\u00eddio Regional de Montes Claros.<\/p>\n<p>De acordo com a Pol\u00edcia Civil, o casal estava separado e motiva\u00e7\u00e3o do crime pode ser financeira, uma vez que o casal brigava por causa da divis\u00e3o dos bens.<\/p>\n<p>Ainda de acordo com a PC, o casal havia se separado pela primeira vez em 2015, quando a mulher foi \u00e0 delegacia e registrou queixa de amea\u00e7a e conseguiu medida protetiva. Algum tempo depois, ela retornou \u00e0 delegacia e assinou um termo de desinteresse, abrindo m\u00e3o da prote\u00e7\u00e3o. Os dois reataram o casamento e estavam separados novamente. \u201cEla n\u00e3o estava resguardada pela medida protetiva\u201d, informou a Pol\u00edcia Civil. Na separa\u00e7\u00e3o de 2015, a mulher tamb\u00e9m teria sido amea\u00e7ada pelo ex-marido. Na \u00e9poca, ele estaria armado com a espingarda que tamb\u00e9m foi apreendida.<\/p>\n<p><strong>Recado<\/strong><\/p>\n<p>Ao ser apresentado \u00e0 imprensa na manh\u00e3 desta segunda-feira, na Delegacia de Montes Claros, o prot\u00e9tico mandou um recado para todas as mulheres. \u201c\u00c0s vezes, as esposas s\u00e3o muito gentis e muito educadas, mas com o marido, que tem que ser, \u00e0s vezes elas deixam muito a desejar. Isso \u00e9 um recado para todas as esposas: &#8216;cuidar e acarinhar seu esposo e ter um bom lugar&#8217;\u201d, disse o preso, que tamb\u00e9m afirmou ter feito tudo pela mulher, com quem viveu 35 anos.<\/p>\n<p><iframe loading=\"lazy\" width=\"620\" height=\"345\" src=\"https:\/\/www.youtube.com\/embed\/why6Lnj0moE\" frameborder=\"0\" allow=\"autoplay; encrypted-media\" allowfullscreen><\/iframe><br \/>\n<\/br><\/p>\n<p><strong>Alerta<\/strong><\/p>\n<p>A delegada de Mulheres de Montes Claros, Karine Maia, fez um alerta a todas as mulheres que s\u00e3o v\u00edtimas de viol\u00eancia dom\u00e9stica. \u201c\u00c9 importante que essas pessoas, que continuam sendo v\u00edtimas de viol\u00eancia, procurem a delegacia para reativar as medidas protetivas e para fazer novas den\u00fancias. A pol\u00edcia n\u00e3o tem como saber se a viol\u00eancia continua\u201d, disse a delegada.<\/p>\n<p>Karine informou que no caso de Elaine, ela retirou o procedimento, n\u00e3o quis continuar, e que ela encaminhou para o f\u00f3rum o pedido de desist\u00eancia dela. \u201cN\u00e3o t\u00ednhamos medida protetiva em vigor\u201d, ressaltou.<\/p>\n<p><strong>Separa\u00e7\u00e3o<\/strong><\/p>\n<p>O delegado da Homic\u00eddios, Bruno Resende, explicou que o casal, embora separado judicialmente, estava convivendo e teria hist\u00f3rico de amea\u00e7as pelo prot\u00e9tico. \u201cInclusive, com armas de fogo, nos \u00faltimos meses. Tamb\u00e9m havia uma disputa patrimonial entre eles, pelo fato de trabalharem juntos, que n\u00e3o havia sido resolvida durante a separa\u00e7\u00e3o judicial\u201d, disse o delegado. Tudo isso, segundo ele, teria causado uma certa \u201canimosidade\u201d no autor.<\/p>\n<p>Segundo o delegado, a mulher chegou a ser socorrida no local do crime pelo Servi\u00e7o de Atendimento M\u00f3vel de Urg\u00eancia (Samu), mas n\u00e3o resistiu e morreu. A Pol\u00edcia Civil investiga se o crime foi premeditado.<\/p>\n<p><strong>C\u00e2mera de seguran\u00e7a registra crime<\/strong><\/p>\n<p><iframe loading=\"lazy\" width=\"620\" height=\"345\" src=\"https:\/\/www.youtube.com\/embed\/1N25djkLcGA\" frameborder=\"0\" allow=\"autoplay; encrypted-media\" allowfullscreen><\/iframe><br \/>\n<\/br><\/p>\n<p><strong>VER PRIMEIRO<\/strong><\/p>\n<p>Receba as not\u00edcias do Aconteceu no Vale em primeira m\u00e3o. Clique em curtir no endere\u00e7o <a href=\"https:\/\/www.facebook.com\/aconteceunovale\" target=\"_blank\"><font color=\"red\">www.facebook.com\/aconteceunovale<\/font><\/a> ou no box abaixo:<\/p>\n<div class=\"fb-like\" data-href=\"https:\/\/www.facebook.com\/aconteceunovale\" data-width=\"120\" data-layout=\"standard\" data-action=\"like\" data-size=\"small\" data-show-faces=\"true\" data-share=\"true\"><\/div>\n<p><\/br><\/p>\n<p><em>(Fonte: O Tempo)<\/em><\/p>\n","protected":false},"excerpt":{"rendered":"<p>O prot\u00e9tico Calcivo Deusdete de Freitas, de 61 anos, foi preso na madrugada desta segunda-feira (17\/09\/2018) depois de matar a ex-mulher com seis tiros em Montes Claros, no Norte de Minas. Na delegacia, ele confessou o crime e mandou um recado a todas as \u201cesposas\u201d para ea que elas \u201ccuidem e acarinhem mais\u201d os maridos. [&hellip;]<\/p>\n","protected":false},"author":1,"featured_media":135741,"comment_status":"open","ping_status":"closed","sticky":false,"template":"","format":"standard","meta":{"amp_status":"","footnotes":""},"categories":[1236],"tags":[180166,180164,159122,25220,210,159121,180167,53915,3725,332,180165],"class_list":["post-135740","post","type-post","status-publish","format-standard","has-post-thumbnail","hentry","category-norte_de_minas","tag-calcivo-deusdete-de-freitas","tag-elaine-figueiredo-lacerda","tag-feminicidio-em-montes-claros","tag-homicidio-em-montes-claros","tag-montes-claros","tag-mulher-assassinada-em-montes-claros","tag-mulher-e-assassinada-pelo-ex-companheiro-em-montes-claros","tag-mulher-morta-em-montes-claros","tag-sao-joao-da-lagoa","tag-virginopolis","tag-vitima-de-feminicidio-em-montes-claros"],"_links":{"self":[{"href":"https:\/\/aconteceunovale.com.br\/portal\/index.php?rest_route=\/wp\/v2\/posts\/135740","targetHints":{"allow":["GET"]}}],"collection":[{"href":"https:\/\/aconteceunovale.com.br\/portal\/index.php?rest_route=\/wp\/v2\/posts"}],"about":[{"href":"https:\/\/aconteceunovale.com.br\/portal\/index.php?rest_route=\/wp\/v2\/types\/post"}],"author":[{"embeddable":true,"href":"https:\/\/aconteceunovale.com.br\/portal\/index.php?rest_route=\/wp\/v2\/users\/1"}],"replies":[{"embeddable":true,"href":"https:\/\/aconteceunovale.com.br\/portal\/index.php?rest_route=%2Fwp%2Fv2%2Fcomments&post=135740"}],"version-history":[{"count":0,"href":"https:\/\/aconteceunovale.com.br\/portal\/index.php?rest_route=\/wp\/v2\/posts\/135740\/revisions"}],"wp:featuredmedia":[{"embeddable":true,"href":"https:\/\/aconteceunovale.com.br\/portal\/index.php?rest_route=\/wp\/v2\/media\/135741"}],"wp:attachment":[{"href":"https:\/\/aconteceunovale.com.br\/portal\/index.php?rest_route=%2Fwp%2Fv2%2Fmedia&parent=135740"}],"wp:term":[{"taxonomy":"category","embeddable":true,"href":"https:\/\/aconteceunovale.com.br\/portal\/index.php?rest_route=%2Fwp%2Fv2%2Fcategories&post=135740"},{"taxonomy":"post_tag","embeddable":true,"href":"https:\/\/aconteceunovale.com.br\/portal\/index.php?rest_route=%2Fwp%2Fv2%2Ftags&post=135740"}],"curies":[{"name":"wp","href":"https:\/\/api.w.org\/{rel}","templated":true}]}}