{"id":135737,"date":"2018-09-17T20:39:51","date_gmt":"2018-09-17T22:39:51","guid":{"rendered":"http:\/\/aconteceunovale.com.br\/portal\/?p=135737"},"modified":"2018-09-18T14:12:35","modified_gmt":"2018-09-18T16:12:35","slug":"operacao-confirma-desmate-de-mais-de-1200-hectares-de-mata-atlantica-no-norte-de-minas-e-vale-do-jequitinhonha","status":"publish","type":"post","link":"https:\/\/aconteceunovale.com.br\/portal\/?p=135737","title":{"rendered":"Opera\u00e7\u00e3o confirma desmate de mais de 1200 hectares de mata atl\u00e2ntica no Norte de Minas e Vale do Jequitinhonha"},"content":{"rendered":"<p>A Opera\u00e7\u00e3o Mata Atl\u00e2ntica em P\u00e9, que \u00e9 de \u00e2mbito nacional, revelou o desmatamento de cerca de 1200 hectares de mata atl\u00e2ntica em Minas Gerais. Os dados foram produzidos pelo N\u00facleo de Combate aos Crimes Ambientais (Nucrim), do Minist\u00e9rio P\u00fablico de Minas Gerais (MPMG), ap\u00f3s a fiscaliza\u00e7\u00e3o de 70 propriedades e 157 pol\u00edgonos, nos munic\u00edpios de Curral de Dentro, \u00c1guas Vermelhas, Medina, Cahoeira de Paje\u00fa e Santa Cruz de Salinas.<\/p>\n<p>O MPMG contou com o apoio da Secretaria de Estado de Meio Ambiente e Desenvolvimento Sustent\u00e1vel (Semad), Ibama e Pol\u00edcia Militar de Meio Ambiente. Ainda de acordo com o Nucrim, duas pessoas foram presas em flagrante, foram lavrados 48 autos de infra\u00e7\u00e3o ambiental e aplicados mais de R$ 5 milh\u00f5es em multas. Foram apreendidas quatro armas de fogo, uma arma branca, 4.413 m3 de lenha e carv\u00e3o, al\u00e9m de dois p\u00e1ssaros.<\/p>\n<p>A opera\u00e7\u00e3o, que envolveu Minist\u00e9rios P\u00fablicos e \u00f3rg\u00e3os ambientais de 15 estados, confirmou o desmatamento de mais de 5.200 hectares de mata no pa\u00eds. Durante a opera\u00e7\u00e3o, realizada na \u00faltima semana, foram fiscalizadas cerca de 500 propriedades previamente definidas a partir de imagens de sat\u00e9lite. Foram apreendidos mais de 7 mil metros c\u00fabicos de madeira e emitidas multas que superaram R$20 milh\u00f5es.<\/p>\n<p>A opera\u00e7\u00e3o foi lan\u00e7ada na segunda-feira, 10 de setembro,  com o objetivo de identificar desmatamentos em \u00e1reas Mata Atl\u00e2ntica, punir os respons\u00e1veis e cobrar a repara\u00e7\u00e3o dos danos. A Opera\u00e7\u00e3o Nacional Mata Atl\u00e2ntica em P\u00e9, que contou com a participa\u00e7\u00e3o de pol\u00edcias ambientais e \u00f3rg\u00e3os p\u00fablicos da \u00e1rea, foi realizada pelos MPs dos seguintes estados: Paran\u00e1, Rio Grande do Sul, Santa Catarina, Mato Grosso do Sul, Goi\u00e1s, S\u00e3o Paulo, Esp\u00edrito Santo, Minas Gerais, Bahia, Sergipe, Pernambuco, Para\u00edba, Rio Grande do Norte, Piau\u00ed e Cear\u00e1.<\/p>\n<p>O bioma da Mata Atl\u00e2ntica est\u00e1 presente em 17 estados brasileiros e cobre (em sua extens\u00e3o original) cerca de 13% do territ\u00f3rio nacional, onde vivem aproximadamente 140 milh\u00f5es de pessoas, que dependem das m\u00faltiplas fun\u00e7\u00f5es ambientais da Mata Atl\u00e2ntica. Apesar disso, continuam ocorrendo desmatamentos em toda a sua extens\u00e3o.<\/p>\n<p><img decoding=\"async\" src=\"http:\/\/aconteceunovale.com.br\/portal\/wp-content\/uploads\/2018\/09\/operacao_mata_atlantica_1.jpg\" alt=\"\" \/><em>Opera\u00e7\u00e3o Mata Atl\u00e2ntica em P\u00e9 \u2014 Foto: PM de Meio Ambiente\/Divulga\u00e7\u00e3o<\/em><br \/>\n<\/br><\/p>\n<p><img decoding=\"async\" src=\"http:\/\/aconteceunovale.com.br\/portal\/wp-content\/uploads\/2018\/09\/operacao_mata_atlantica_2.jpg\" alt=\"\" \/><em>Opera\u00e7\u00e3o aconteceu em 15 estados \u2014 Foto: PM de Meio Ambiente\/Divulga\u00e7\u00e3o<\/em><br \/>\n<\/br><\/p>\n<p><img decoding=\"async\" src=\"http:\/\/aconteceunovale.com.br\/portal\/wp-content\/uploads\/2018\/09\/operacao_mata_atlantica_3.jpg\" alt=\"\" \/><em>Opera\u00e7\u00e3o aplicou mais de R$ 5 milh\u00f5es em multas \u2014 Foto: PM de Meio Ambiente\/Divulga\u00e7\u00e3o<\/em><br \/>\n<\/br><\/p>\n<p><strong>VER PRIMEIRO<\/strong><\/p>\n<p>Receba as not\u00edcias do Aconteceu no Vale em primeira m\u00e3o. Clique em curtir no endere\u00e7o <a href=\"https:\/\/www.facebook.com\/aconteceunovale\" target=\"_blank\"><font color=\"red\">www.facebook.com\/aconteceunovale<\/font><\/a> ou no box abaixo:<\/p>\n<div class=\"fb-like\" data-href=\"https:\/\/www.facebook.com\/aconteceunovale\" data-width=\"120\" data-layout=\"standard\" data-action=\"like\" data-size=\"small\" data-show-faces=\"true\" data-share=\"true\"><\/div>\n<p><\/br><\/p>\n<p><em>(Fonte: MPMG)<\/em><\/p>\n","protected":false},"excerpt":{"rendered":"<p>A Opera\u00e7\u00e3o Mata Atl\u00e2ntica em P\u00e9, que \u00e9 de \u00e2mbito nacional, revelou o desmatamento de cerca de 1200 hectares de mata atl\u00e2ntica em Minas Gerais. Os dados foram produzidos pelo N\u00facleo de Combate aos Crimes Ambientais (Nucrim), do Minist\u00e9rio P\u00fablico de Minas Gerais (MPMG), ap\u00f3s a fiscaliza\u00e7\u00e3o de 70 propriedades e 157 pol\u00edgonos, nos munic\u00edpios [&hellip;]<\/p>\n","protected":false},"author":1,"featured_media":135738,"comment_status":"open","ping_status":"closed","sticky":false,"template":"","format":"standard","meta":{"amp_status":"","footnotes":""},"categories":[6,123],"tags":[4202,180186,1702,8140,180184,8365,389,19675,180185,180188,180183,180187,927,24666],"class_list":["post-135737","post","type-post","status-publish","format-standard","has-post-thumbnail","hentry","category-br","category-gerais","tag-aguas-vermelhas","tag-cahoeira-de-pajeu","tag-curral-de-dentro","tag-desmatamento-da-mata-atlantica-em-minas-gerais","tag-desmatamento-de-cerca-de-1200-hectares-de-mata-atlantica-em-minas-gerais","tag-mata-atlantica","tag-medina","tag-mpmg","tag-nucrim","tag-operacao-confirma-desmate-de-mais-de-1200-hectares-de-mata-atlantica-no-norte-de-minas-e-vale-do-jequitinhonha","tag-operacao-mata-atlantica-em-pe","tag-operacao-nacional-mata-atlantica-em-pe","tag-santa-cruz-de-salinas","tag-semad"],"_links":{"self":[{"href":"https:\/\/aconteceunovale.com.br\/portal\/index.php?rest_route=\/wp\/v2\/posts\/135737","targetHints":{"allow":["GET"]}}],"collection":[{"href":"https:\/\/aconteceunovale.com.br\/portal\/index.php?rest_route=\/wp\/v2\/posts"}],"about":[{"href":"https:\/\/aconteceunovale.com.br\/portal\/index.php?rest_route=\/wp\/v2\/types\/post"}],"author":[{"embeddable":true,"href":"https:\/\/aconteceunovale.com.br\/portal\/index.php?rest_route=\/wp\/v2\/users\/1"}],"replies":[{"embeddable":true,"href":"https:\/\/aconteceunovale.com.br\/portal\/index.php?rest_route=%2Fwp%2Fv2%2Fcomments&post=135737"}],"version-history":[{"count":0,"href":"https:\/\/aconteceunovale.com.br\/portal\/index.php?rest_route=\/wp\/v2\/posts\/135737\/revisions"}],"wp:featuredmedia":[{"embeddable":true,"href":"https:\/\/aconteceunovale.com.br\/portal\/index.php?rest_route=\/wp\/v2\/media\/135738"}],"wp:attachment":[{"href":"https:\/\/aconteceunovale.com.br\/portal\/index.php?rest_route=%2Fwp%2Fv2%2Fmedia&parent=135737"}],"wp:term":[{"taxonomy":"category","embeddable":true,"href":"https:\/\/aconteceunovale.com.br\/portal\/index.php?rest_route=%2Fwp%2Fv2%2Fcategories&post=135737"},{"taxonomy":"post_tag","embeddable":true,"href":"https:\/\/aconteceunovale.com.br\/portal\/index.php?rest_route=%2Fwp%2Fv2%2Ftags&post=135737"}],"curies":[{"name":"wp","href":"https:\/\/api.w.org\/{rel}","templated":true}]}}