{"id":135671,"date":"2018-09-15T12:27:25","date_gmt":"2018-09-15T14:27:25","guid":{"rendered":"http:\/\/aconteceunovale.com.br\/portal\/?p=135671"},"modified":"2018-09-15T21:07:46","modified_gmt":"2018-09-15T23:07:46","slug":"corpo-e-encontrado-em-fazenda-na-regiao-onde-suspeito-de-sequestro-em-capelinha-cometeu-suicidio","status":"publish","type":"post","link":"https:\/\/aconteceunovale.com.br\/portal\/?p=135671","title":{"rendered":"Corpo \u00e9 encontrado em fazenda na regi\u00e3o onde suspeito de sequestro em Capelinha cometeu suic\u00eddio"},"content":{"rendered":"<p>Um corpo foi encontrado na manh\u00e3 deste s\u00e1bado (15\/09\/2018) em uma fazenda, na zona rural de Setubinha (MG), na regi\u00e3o onde o principal suspeito de sequestrar Jessiara da Silva cometeu o autoexterm\u00ednio ontem. Familiares da jovem, que est\u00e1 desaparecida desde o \u00faltimo domingo (9), se deslocaram para o local para ajudar na identifica\u00e7\u00e3o.<\/p>\n<p>Luiz Eduardo era primo de Jessiara. Ele foi encontrado morto em uma propriedade rural na regi\u00e3o do Povoado de Quaresma, no munic\u00edpio de Setubinha, h\u00e1 cerca de 60 quil\u00f4metros de Capelinha. A Pol\u00edcia Militar e a Per\u00edcia T\u00e9cnica da Pol\u00edcia Civil compareceram ao local, mas nenhuma evid\u00eancia sobre a localiza\u00e7\u00e3o da jovem desaparecida foi encontrada.<\/p>\n<p>A Pol\u00edcia Civil informou que j\u00e1 tinha fortes ind\u00edcios de que Luiz Eduardo seria o respons\u00e1vel pelo desaparecimento de Jessiara. O ve\u00edculo dele, um VW Gol, foi apreendido com o para-brisa quebrado e com vest\u00edgios de sangue nos bancos.<\/p>\n<p><img decoding=\"async\" src=\"http:\/\/aconteceunovale.com.br\/portal\/wp-content\/uploads\/2018\/09\/sequestro_jessiara.jpg\" alt=\"\" \/><em>Luiz Eduardo morreu no munic\u00edpio de Setubinha (Foto: Skillo Produ\u00e7\u00f5es\/Reprodu\u00e7\u00e3o)<\/em><br \/>\n<\/br><\/p>\n<p><img decoding=\"async\" src=\"http:\/\/aconteceunovale.com.br\/portal\/wp-content\/uploads\/2018\/09\/jessiara_silva_1.jpg\" alt=\"\" \/><em>Jessiara desapareceu no \u00faltimo domingo (Foto: Reprodu\u00e7\u00e3o\/Facebook)<\/em><br \/>\n<\/br><\/p>\n<h4>Luiz Eduardo <\/h4>\n<p>Luiz Eduardo nasceu no munic\u00edpio de Setubinha, era casado e deixou dois filhos. Ele trabalhava como mec\u00e2nico em uma fazenda localizada nas proximidades do local onde foi encontrado morto. O homem era muito pr\u00f3ximo de Jessiara e, conforme uma tia dela, eles inclusive j\u00e1 moraram na mesma casa.<\/p>\n<p><img decoding=\"async\" src=\"http:\/\/aconteceunovale.com.br\/portal\/wp-content\/uploads\/2018\/09\/luiz_jessiara.png\" alt=\"\" \/><em>Luiz Eduardo foi encontrado morto em fazenda (Foto: Reprodu\u00e7\u00e3o\/Facebook)<\/em><br \/>\n<\/br><\/p>\n<p><strong>VER PRIMEIRO<\/strong><\/p>\n<p>Receba as not\u00edcias do Aconteceu no Vale em primeira m\u00e3o. Clique em curtir no endere\u00e7o <a href=\"https:\/\/www.facebook.com\/aconteceunovale\" target=\"_blank\"><font color=\"red\">www.facebook.com\/aconteceunovale<\/font><\/a> ou no box abaixo:<\/p>\n<div class=\"fb-like\" data-href=\"https:\/\/www.facebook.com\/aconteceunovale\" data-width=\"120\" data-layout=\"standard\" data-action=\"like\" data-size=\"small\" data-show-faces=\"true\" data-share=\"true\"><\/div>\n<p><\/br><\/p>\n","protected":false},"excerpt":{"rendered":"<p>Um corpo foi encontrado na manh\u00e3 deste s\u00e1bado (15\/09\/2018) em uma fazenda, na zona rural de Setubinha (MG), na regi\u00e3o onde o principal suspeito de sequestrar Jessiara da Silva cometeu o autoexterm\u00ednio ontem. Familiares da jovem, que est\u00e1 desaparecida desde o \u00faltimo domingo (9), se deslocaram para o local para ajudar na identifica\u00e7\u00e3o. Luiz Eduardo [&hellip;]<\/p>\n","protected":false},"author":1,"featured_media":135672,"comment_status":"open","ping_status":"closed","sticky":false,"template":"","format":"standard","meta":{"amp_status":"","footnotes":""},"categories":[120],"tags":[132,180085,180086,179822,33586,1018,179823,179824,179819,179820,179821,180036],"class_list":["post-135671","post","type-post","status-publish","format-standard","has-post-thumbnail","hentry","category-jequi","tag-capelinha","tag-corpo-e-encontrado-em-fazenda-na-regiao-onde-suspeito-de-sequestro-em-capelinha-cometeu-autoexterminio","tag-corpo-e-encontrado-em-fazenda-na-regiao-onde-suspeito-de-sequestro-em-capelinha-cometeu-suicidio","tag-desaparecimento-de-mulher-em-capelinha","tag-desaparecimento-em-capelinha","tag-destaque","tag-jessiara-correa-da-silva","tag-jessiara-silva","tag-jovem-desaparece-a-caminho-do-trabalho-em-capelinha","tag-jovem-desaparecida-em-capelinha","tag-mulher-desaparece-em-capelinha","tag-principal-suspeito-de-sequestrar-jovem-capelinhense-e-encontrado-morto"],"_links":{"self":[{"href":"https:\/\/aconteceunovale.com.br\/portal\/index.php?rest_route=\/wp\/v2\/posts\/135671","targetHints":{"allow":["GET"]}}],"collection":[{"href":"https:\/\/aconteceunovale.com.br\/portal\/index.php?rest_route=\/wp\/v2\/posts"}],"about":[{"href":"https:\/\/aconteceunovale.com.br\/portal\/index.php?rest_route=\/wp\/v2\/types\/post"}],"author":[{"embeddable":true,"href":"https:\/\/aconteceunovale.com.br\/portal\/index.php?rest_route=\/wp\/v2\/users\/1"}],"replies":[{"embeddable":true,"href":"https:\/\/aconteceunovale.com.br\/portal\/index.php?rest_route=%2Fwp%2Fv2%2Fcomments&post=135671"}],"version-history":[{"count":0,"href":"https:\/\/aconteceunovale.com.br\/portal\/index.php?rest_route=\/wp\/v2\/posts\/135671\/revisions"}],"wp:featuredmedia":[{"embeddable":true,"href":"https:\/\/aconteceunovale.com.br\/portal\/index.php?rest_route=\/wp\/v2\/media\/135672"}],"wp:attachment":[{"href":"https:\/\/aconteceunovale.com.br\/portal\/index.php?rest_route=%2Fwp%2Fv2%2Fmedia&parent=135671"}],"wp:term":[{"taxonomy":"category","embeddable":true,"href":"https:\/\/aconteceunovale.com.br\/portal\/index.php?rest_route=%2Fwp%2Fv2%2Fcategories&post=135671"},{"taxonomy":"post_tag","embeddable":true,"href":"https:\/\/aconteceunovale.com.br\/portal\/index.php?rest_route=%2Fwp%2Fv2%2Ftags&post=135671"}],"curies":[{"name":"wp","href":"https:\/\/api.w.org\/{rel}","templated":true}]}}