{"id":135667,"date":"2018-09-15T11:57:33","date_gmt":"2018-09-15T13:57:33","guid":{"rendered":"http:\/\/aconteceunovale.com.br\/portal\/?p=135667"},"modified":"2018-09-15T11:57:33","modified_gmt":"2018-09-15T13:57:33","slug":"rodizio-no-abastecimento-de-agua-e-suspenso-em-montes-claros-apos-tres-anos","status":"publish","type":"post","link":"https:\/\/aconteceunovale.com.br\/portal\/?p=135667","title":{"rendered":"Rod\u00edzio no abastecimento de \u00e1gua \u00e9 suspenso em Montes Claros ap\u00f3s tr\u00eas anos"},"content":{"rendered":"<p>Ap\u00f3s tr\u00eas anos tendo que enfrentar o rod\u00edzio de \u00e1gua, com escassez do recurso at\u00e9 para tomar banho, montes-clarenses comemoraram o an\u00fancio da Copasa de que a medida est\u00e1 suspensa. As caixas d\u2019\u00e1gua passar\u00e3o a receber o produto durante todo o dia gra\u00e7as ao in\u00edcio da pr\u00e9-opera\u00e7\u00e3o do sistema de capta\u00e7\u00e3o do rio Pacu\u00ed. A expectativa \u00e9 a de que as obras sejam conclu\u00eddas no final de novembro.<\/p>\n<p>\u201cAgora podemos receber uma visita em casa, sem passar vergonha. Pois, antes a gente recebia visita e n\u00e3o tinha \u00e1gua para tomar banho, o banheiro ficava sujo, vaso sem dar descarga. Agora ficou mais decente receber algu\u00e9m em casa\u201d, comemora a dona de casa Janete Clea Silva, moradora do bairro Dona Gregoria.<\/p>\n<p>Na quinta-feira (13) ela se sentia feliz em poder limpar a casa sem ter que racionar o uso da \u00e1gua. \u201cAntes t\u00ednhamos que nos dividir e espalhar em outras casas em bairros distantes para tomar banho. J\u00e1 aconteceu v\u00e1rias vezes de \u00e1gua acabar e termos que dormir sem tomar banho. Mas vou continuar economizando. J\u00e1 tenho vizinhos desperdi\u00e7ando \u00e1gua nas cal\u00e7adas e acho isso um absurdo. Sou daquelas que lava roupa e aproveito a \u00e1gua para lavar o quintal\u201d, ressaltou.<\/p>\n<p>Apesar de suspender o rod\u00edzio, a Copasa alerta a popula\u00e7\u00e3o para n\u00e3o desperdi\u00e7ar. Laura Maria Soares, que trabalha em uma lanchonete pr\u00f3ximo \u00e0 pra\u00e7a Doutor Chaves (pra\u00e7a da Matriz), diz que a felicidade por ter \u00e1gua o tempo todo \u00e9 enorme e que economia \u00e9 a palavra de ordem. Ela teve que enfrentar momentos dif\u00edceis no com\u00e9rcio por causa do rod\u00edzio.<\/p>\n<p>\u201cFicamos aliviados com essa not\u00edcia. \u00c9 muito melhor para trabalhar, quando falta \u00e9 muito complicado. J\u00e1 chegamos a ficar sem vender os sucos porque n\u00e3o tinha \u00e1gua para lavar a refresqueira nem para fazer o suco. Isso acaba prejudicando as vendas. \u00c9 importante sempre manter a economia de \u00e1gua, porque n\u00e3o podemos fazer nada sem ela\u201d, diz Laura. <\/p>\n<p><img decoding=\"async\" src=\"http:\/\/aconteceunovale.com.br\/portal\/wp-content\/uploads\/2018\/09\/agua_moc_2.jpg\" alt=\"\" \/><em>\u00c1gua percorre 56 km do Pacu\u00ed a Montes Claros \u2014 Foto: Wellington Paranhos\/Arquivo Pessoal<\/em><br \/>\n<\/br><\/p>\n<p><strong>Abastecimento<\/strong><\/p>\n<p>O sistema de capta\u00e7\u00e3o do rio Pacu\u00ed custou cerca de R$ 88 milh\u00f5es. Al\u00e9m dele, o abastecimento dos 200 bairros de Montes Claros \u00e9 feito pela barragem de Juramento que est\u00e1 com 27,3% da capacidade. <\/p>\n<p>O rod\u00edzio de \u00e1gua come\u00e7ou no dia 12 de outubro de 2015 \u2013 a \u00e1gua chegava \u00e0s resid\u00eancias em dias alternados. Posteriormente, com a falta de chuva, o n\u00edvel da barragem de Juramento chegou a 13,36% (novembro de 2017), e para abastecer toda a cidade, a Copasa teve que alterar o rod\u00edzio para 48h. As regi\u00f5es mais altas do munic\u00edpio chegaram a ficar mais de dez dias sem o recurso h\u00eddrico, pois chegava fraco e n\u00e3o tinha press\u00e3o para chegar at\u00e9 as resid\u00eancias. <\/p>\n<p>No ano passado, foram iniciadas as obras no rio Pacu\u00ed. A \u00e1gua \u00e9 captada e levada a Montes Claros por 54 km de tubula\u00e7\u00e3o. Segundo o superintendente da Copasa, Roberto Botelho, o sistema n\u00e3o afetar\u00e1 as outras cidades dependentes do rio e abastecer\u00e1 35% da demanda de Montes Claros. De acordo com a outorga concedida pelo Instituto Mineiro de Gest\u00e3o de \u00c1guas (Igam), a empresa pode captar at\u00e9 345 litros por segundo no Pacu\u00ed.<\/p>\n<p><img decoding=\"async\" src=\"http:\/\/aconteceunovale.com.br\/portal\/wp-content\/uploads\/2018\/09\/agua_moc_1.jpg\" alt=\"\" \/><em>Esta\u00e7\u00e3o de tratamento em MOC recebe a \u00e1gua do Pacu\u00ed (Foto: Divulga\u00e7\u00e3o\/Copasa)<\/em><br \/>\n<\/br><\/p>\n<p><strong>VER PRIMEIRO<\/strong><\/p>\n<p>Receba as not\u00edcias do Aconteceu no Vale em primeira m\u00e3o. Clique em curtir no endere\u00e7o <a href=\"https:\/\/www.facebook.com\/aconteceunovale\" target=\"_blank\"><font color=\"red\">www.facebook.com\/aconteceunovale<\/font><\/a> ou no box abaixo:<\/p>\n<div class=\"fb-like\" data-href=\"https:\/\/www.facebook.com\/aconteceunovale\" data-width=\"120\" data-layout=\"standard\" data-action=\"like\" data-size=\"small\" data-show-faces=\"true\" data-share=\"true\"><\/div>\n<p><\/br><\/p>\n<p><em>(Fonte: O Norte \/ Hoje em Dia)<\/em><\/p>\n","protected":false},"excerpt":{"rendered":"<p>Ap\u00f3s tr\u00eas anos tendo que enfrentar o rod\u00edzio de \u00e1gua, com escassez do recurso at\u00e9 para tomar banho, montes-clarenses comemoraram o an\u00fancio da Copasa de que a medida est\u00e1 suspensa. As caixas d\u2019\u00e1gua passar\u00e3o a receber o produto durante todo o dia gra\u00e7as ao in\u00edcio da pr\u00e9-opera\u00e7\u00e3o do sistema de capta\u00e7\u00e3o do rio Pacu\u00ed. A [&hellip;]<\/p>\n","protected":false},"author":1,"featured_media":135668,"comment_status":"open","ping_status":"closed","sticky":false,"template":"","format":"standard","meta":{"amp_status":"","footnotes":""},"categories":[1236],"tags":[65009,180082,62301,179,151917,180079,210,180083,160526,180084,180080,180081],"class_list":["post-135667","post","type-post","status-publish","format-standard","has-post-thumbnail","hentry","category-norte_de_minas","tag-abastecimento-de-agua-em-montes-claros","tag-abastecimento-do-pacui","tag-barragem-de-juramento","tag-copasa","tag-copasa-montes-claros","tag-fim-do-rodizio-no-abastecimento-de-agua-em-montes-claros","tag-montes-claros","tag-pacui","tag-rio-pacui","tag-rodizio-no-abastecimento-de-agua-e-suspenso-em-montes-claros-apos-tres-anos","tag-rodizio-no-abastecimento-de-agua-em-montes-claros","tag-sistema-de-abastecimento-do-pacui"],"_links":{"self":[{"href":"https:\/\/aconteceunovale.com.br\/portal\/index.php?rest_route=\/wp\/v2\/posts\/135667","targetHints":{"allow":["GET"]}}],"collection":[{"href":"https:\/\/aconteceunovale.com.br\/portal\/index.php?rest_route=\/wp\/v2\/posts"}],"about":[{"href":"https:\/\/aconteceunovale.com.br\/portal\/index.php?rest_route=\/wp\/v2\/types\/post"}],"author":[{"embeddable":true,"href":"https:\/\/aconteceunovale.com.br\/portal\/index.php?rest_route=\/wp\/v2\/users\/1"}],"replies":[{"embeddable":true,"href":"https:\/\/aconteceunovale.com.br\/portal\/index.php?rest_route=%2Fwp%2Fv2%2Fcomments&post=135667"}],"version-history":[{"count":0,"href":"https:\/\/aconteceunovale.com.br\/portal\/index.php?rest_route=\/wp\/v2\/posts\/135667\/revisions"}],"wp:featuredmedia":[{"embeddable":true,"href":"https:\/\/aconteceunovale.com.br\/portal\/index.php?rest_route=\/wp\/v2\/media\/135668"}],"wp:attachment":[{"href":"https:\/\/aconteceunovale.com.br\/portal\/index.php?rest_route=%2Fwp%2Fv2%2Fmedia&parent=135667"}],"wp:term":[{"taxonomy":"category","embeddable":true,"href":"https:\/\/aconteceunovale.com.br\/portal\/index.php?rest_route=%2Fwp%2Fv2%2Fcategories&post=135667"},{"taxonomy":"post_tag","embeddable":true,"href":"https:\/\/aconteceunovale.com.br\/portal\/index.php?rest_route=%2Fwp%2Fv2%2Ftags&post=135667"}],"curies":[{"name":"wp","href":"https:\/\/api.w.org\/{rel}","templated":true}]}}