{"id":135664,"date":"2018-09-15T11:10:39","date_gmt":"2018-09-15T13:10:39","guid":{"rendered":"http:\/\/aconteceunovale.com.br\/portal\/?p=135664"},"modified":"2018-09-15T11:10:39","modified_gmt":"2018-09-15T13:10:39","slug":"policia-recupera-carga-de-pneus-roubada-no-norte-de-minas","status":"publish","type":"post","link":"https:\/\/aconteceunovale.com.br\/portal\/?p=135664","title":{"rendered":"Pol\u00edcia recupera carga de pneus roubada no Norte de Minas"},"content":{"rendered":"<p>O motorista que teve o caminh\u00e3o carregado de pneus roubado na BR-251, no Norte de Minas, compareceu \u00e0 sede da Pol\u00edcia Militar na quarta-feira (12\/09\/2018). O roubo foi detectado pela empresa dona do ve\u00edculo na noite de ter\u00e7a-feira (11), mas o caminhoneiro n\u00e3o havia sido localizado at\u00e9 o fechamento do boletim de ocorr\u00eancia.<\/p>\n<p>A informa\u00e7\u00e3o inicial da PM era de que o ve\u00edculo transportava uma carga avaliada em cerca de R$ 11 milh\u00f5es, mas na quarta-feira o motorista apresentou uma nota fiscal com o valor de R$ 357.217. O condutor afirmou \u00e0 pol\u00edcia que seguia com a esposa e a filha de cinco anos, quando foi abordado por seis criminosos na BR-251, em Montes Claros.<\/p>\n<p>Ele contou que os criminosos o obrigaram a seguir com o caminh\u00e3o pela BR-365 em dire\u00e7\u00e3o \u00e0 rodovia BR-040. J\u00e1 em Pirapora, o grupo parou em um posto de combust\u00edveis para comprar alimentos, foi a\u00ed que a empresa transportadora percebeu que o caminh\u00e3o estava saindo da rota e acionou a PM. O motorista afirmou tamb\u00e9m que foi levado com a fam\u00edlia para um matagal e foi feito ref\u00e9m at\u00e9 a madrugada de quarta, quando os criminosos o liberaram e ele procurou a pol\u00edcia.<\/p>\n<p>O caso foi enviado \u00e0 Pol\u00edcia Civil, que vai conduzir as investiga\u00e7\u00f5es.<\/p>\n<p><img decoding=\"async\" src=\"http:\/\/aconteceunovale.com.br\/portal\/wp-content\/uploads\/2018\/09\/carga_unilog.jpg\" alt=\"\" \/><em>Caminh\u00e3o com a carga de pneus foi localizado em Buritizeiro \u2014 Foto: PM\/Divulga\u00e7\u00e3o<\/em><br \/>\n<\/br><\/p>\n<p><strong>VER PRIMEIRO<\/strong><\/p>\n<p>Receba as not\u00edcias do Aconteceu no Vale em primeira m\u00e3o. Clique em curtir no endere\u00e7o <a href=\"https:\/\/www.facebook.com\/aconteceunovale\" target=\"_blank\"><font color=\"red\">www.facebook.com\/aconteceunovale<\/font><\/a> ou no box abaixo:<\/p>\n<div class=\"fb-like\" data-href=\"https:\/\/www.facebook.com\/aconteceunovale\" data-width=\"120\" data-layout=\"standard\" data-action=\"like\" data-size=\"small\" data-show-faces=\"true\" data-share=\"true\"><\/div>\n<p><\/br><\/p>\n<p><em>(Fonte: G1 Grande Minas)<\/em><\/p>\n","protected":false},"excerpt":{"rendered":"<p>O motorista que teve o caminh\u00e3o carregado de pneus roubado na BR-251, no Norte de Minas, compareceu \u00e0 sede da Pol\u00edcia Militar na quarta-feira (12\/09\/2018). O roubo foi detectado pela empresa dona do ve\u00edculo na noite de ter\u00e7a-feira (11), mas o caminhoneiro n\u00e3o havia sido localizado at\u00e9 o fechamento do boletim de ocorr\u00eancia. A informa\u00e7\u00e3o [&hellip;]<\/p>\n","protected":false},"author":1,"featured_media":135665,"comment_status":"open","ping_status":"closed","sticky":false,"template":"","format":"standard","meta":{"amp_status":"","footnotes":""},"categories":[1236],"tags":[1535,180075,210,254,180074,180073,180072,180078,180076,180077],"class_list":["post-135664","post","type-post","status-publish","format-standard","has-post-thumbnail","hentry","category-norte_de_minas","tag-buritizeiro","tag-carga-de-pneus-recuperada-em-buritizeiro","tag-montes-claros","tag-pirapora","tag-policia-recupera-carga-de-pneus-roubada-em-montes-claros","tag-policia-recupera-carga-de-pneus-roubada-na-br-251","tag-policia-recupera-carga-de-pneus-roubada-no-norte-de-minas","tag-roubo-caminhao-unilog","tag-roubo-carga-de-pneus-unilog","tag-unilog"],"_links":{"self":[{"href":"https:\/\/aconteceunovale.com.br\/portal\/index.php?rest_route=\/wp\/v2\/posts\/135664","targetHints":{"allow":["GET"]}}],"collection":[{"href":"https:\/\/aconteceunovale.com.br\/portal\/index.php?rest_route=\/wp\/v2\/posts"}],"about":[{"href":"https:\/\/aconteceunovale.com.br\/portal\/index.php?rest_route=\/wp\/v2\/types\/post"}],"author":[{"embeddable":true,"href":"https:\/\/aconteceunovale.com.br\/portal\/index.php?rest_route=\/wp\/v2\/users\/1"}],"replies":[{"embeddable":true,"href":"https:\/\/aconteceunovale.com.br\/portal\/index.php?rest_route=%2Fwp%2Fv2%2Fcomments&post=135664"}],"version-history":[{"count":0,"href":"https:\/\/aconteceunovale.com.br\/portal\/index.php?rest_route=\/wp\/v2\/posts\/135664\/revisions"}],"wp:featuredmedia":[{"embeddable":true,"href":"https:\/\/aconteceunovale.com.br\/portal\/index.php?rest_route=\/wp\/v2\/media\/135665"}],"wp:attachment":[{"href":"https:\/\/aconteceunovale.com.br\/portal\/index.php?rest_route=%2Fwp%2Fv2%2Fmedia&parent=135664"}],"wp:term":[{"taxonomy":"category","embeddable":true,"href":"https:\/\/aconteceunovale.com.br\/portal\/index.php?rest_route=%2Fwp%2Fv2%2Fcategories&post=135664"},{"taxonomy":"post_tag","embeddable":true,"href":"https:\/\/aconteceunovale.com.br\/portal\/index.php?rest_route=%2Fwp%2Fv2%2Ftags&post=135664"}],"curies":[{"name":"wp","href":"https:\/\/api.w.org\/{rel}","templated":true}]}}