{"id":135660,"date":"2018-09-15T09:24:00","date_gmt":"2018-09-15T11:24:00","guid":{"rendered":"http:\/\/aconteceunovale.com.br\/portal\/?p=135660"},"modified":"2018-09-15T09:24:00","modified_gmt":"2018-09-15T11:24:00","slug":"homem-e-preso-por-furtar-boi-em-fazenda-no-norte-de-minas","status":"publish","type":"post","link":"https:\/\/aconteceunovale.com.br\/portal\/?p=135660","title":{"rendered":"Homem \u00e9 preso por furtar boi em fazenda no Norte de Minas"},"content":{"rendered":"<p>Um homem de 46 anos foi preso por furtar um boi na quinta-feira (13\/09\/2018). O crime foi praticado na Comunidade de Boa Vista, zona rural de Francisco S\u00e1, mas o autor foi localizado em Montes Claros.<\/p>\n<p>De acordo com a Pol\u00edcia Militar, o caseiro de uma fazenda flagrou o momento que uma picape passava pelo local em alta velocidade. Ele foi at\u00e9 o curral da propriedade, percebeu que faltava um dos animais e acionou a PM, que iniciou um rastreamento.<\/p>\n<p>Durante a persegui\u00e7\u00e3o, o condutor da picape perdeu o controle da dire\u00e7\u00e3o e bateu em um barranco. O motorista e outros dois homens fugiram deixando documentos e objetos pessoais para tr\u00e1s. Os militares encontram o ve\u00edculo pr\u00f3ximo \u00e0 comunidade onde ocorreu o furto e o animal estava amarrado na carroceria.<\/p>\n<p>Outros militares foram acionados e o suspeito do furto foi flagrado passando em uma caminhonete em frente ao 10\u00ba Batalh\u00e3o da PM em Montes Claros. Ele foi perseguido e preso em seguida. <\/p>\n<p>A pol\u00edcia afirma que o autor j\u00e1 \u00e9 conhecido por diversas den\u00fancias de envolvimento com furto de gado na regi\u00e3o. A esposa dele estava no ve\u00edculo e tamb\u00e9m foi detida; os dois foram levados para a delegacia de Plant\u00e3o.<\/p>\n<p>Nessa sexta-feira (14), a Pol\u00edcia Civil informou que o homem foi autuado em flagrante e depois encaminhado ao Pres\u00eddio Regional. A esposa dele foi liberada.<\/p>\n<p>O animal furtado foi devolvido ao propriet\u00e1rio da fazenda. Os outros dois suspeitos n\u00e3o foram localizados at\u00e9 a publica\u00e7\u00e3o desta mat\u00e9ria.<\/p>\n<p><img decoding=\"async\" src=\"http:\/\/aconteceunovale.com.br\/portal\/wp-content\/uploads\/2018\/09\/furto_gado_fs.jpg\" alt=\"\" \/><em>Criminosos deixaram o animal amarrado na carroceria do ve\u00edculo \u2014 Foto: PM\/Divulga\u00e7\u00e3o<\/em><br \/>\n<\/br><\/p>\n<p><strong>VER PRIMEIRO<\/strong><\/p>\n<p>Receba as not\u00edcias do Aconteceu no Vale em primeira m\u00e3o. Clique em curtir no endere\u00e7o <a href=\"https:\/\/www.facebook.com\/aconteceunovale\" target=\"_blank\"><font color=\"red\">www.facebook.com\/aconteceunovale<\/font><\/a> ou no box abaixo:<\/p>\n<div class=\"fb-like\" data-href=\"https:\/\/www.facebook.com\/aconteceunovale\" data-width=\"120\" data-layout=\"standard\" data-action=\"like\" data-size=\"small\" data-show-faces=\"true\" data-share=\"true\"><\/div>\n<p><\/br><\/p>\n<p><em>(Fonte: G1 Grande Minas)<\/em><\/p>\n","protected":false},"excerpt":{"rendered":"<p>Um homem de 46 anos foi preso por furtar um boi na quinta-feira (13\/09\/2018). O crime foi praticado na Comunidade de Boa Vista, zona rural de Francisco S\u00e1, mas o autor foi localizado em Montes Claros. De acordo com a Pol\u00edcia Militar, o caseiro de uma fazenda flagrou o momento que uma picape passava pelo [&hellip;]<\/p>\n","protected":false},"author":1,"featured_media":135661,"comment_status":"open","ping_status":"closed","sticky":false,"template":"","format":"standard","meta":{"amp_status":"","footnotes":""},"categories":[1236],"tags":[180067,1018,1395,180069,180071,180070,210,180068],"class_list":["post-135660","post","type-post","status-publish","format-standard","has-post-thumbnail","hentry","category-norte_de_minas","tag-comunidade-de-boa-vista","tag-destaque","tag-francisco-sa","tag-furto-de-boi-em-francisco-sa","tag-homem-e-preso-por-furtar-boi-em-fazenda-em-francisco-sa","tag-homem-e-preso-por-furtar-boi-em-fazenda-no-norte-de-minas","tag-montes-claros","tag-roubo-de-boi-em-francisco-sa"],"_links":{"self":[{"href":"https:\/\/aconteceunovale.com.br\/portal\/index.php?rest_route=\/wp\/v2\/posts\/135660","targetHints":{"allow":["GET"]}}],"collection":[{"href":"https:\/\/aconteceunovale.com.br\/portal\/index.php?rest_route=\/wp\/v2\/posts"}],"about":[{"href":"https:\/\/aconteceunovale.com.br\/portal\/index.php?rest_route=\/wp\/v2\/types\/post"}],"author":[{"embeddable":true,"href":"https:\/\/aconteceunovale.com.br\/portal\/index.php?rest_route=\/wp\/v2\/users\/1"}],"replies":[{"embeddable":true,"href":"https:\/\/aconteceunovale.com.br\/portal\/index.php?rest_route=%2Fwp%2Fv2%2Fcomments&post=135660"}],"version-history":[{"count":0,"href":"https:\/\/aconteceunovale.com.br\/portal\/index.php?rest_route=\/wp\/v2\/posts\/135660\/revisions"}],"wp:featuredmedia":[{"embeddable":true,"href":"https:\/\/aconteceunovale.com.br\/portal\/index.php?rest_route=\/wp\/v2\/media\/135661"}],"wp:attachment":[{"href":"https:\/\/aconteceunovale.com.br\/portal\/index.php?rest_route=%2Fwp%2Fv2%2Fmedia&parent=135660"}],"wp:term":[{"taxonomy":"category","embeddable":true,"href":"https:\/\/aconteceunovale.com.br\/portal\/index.php?rest_route=%2Fwp%2Fv2%2Fcategories&post=135660"},{"taxonomy":"post_tag","embeddable":true,"href":"https:\/\/aconteceunovale.com.br\/portal\/index.php?rest_route=%2Fwp%2Fv2%2Ftags&post=135660"}],"curies":[{"name":"wp","href":"https:\/\/api.w.org\/{rel}","templated":true}]}}