{"id":135467,"date":"2018-09-10T10:52:43","date_gmt":"2018-09-10T12:52:43","guid":{"rendered":"http:\/\/aconteceunovale.com.br\/portal\/?p=135467"},"modified":"2018-09-10T10:52:43","modified_gmt":"2018-09-10T12:52:43","slug":"dono-de-rede-de-farmacias-e-preso-pela-pf","status":"publish","type":"post","link":"https:\/\/aconteceunovale.com.br\/portal\/?p=135467","title":{"rendered":"Dono de rede de farm\u00e1cias \u00e9 preso pela PF"},"content":{"rendered":"<p>O empres\u00e1rio Francisco Deusmar de Queir\u00f3s, s\u00f3cio e fundador da rede de farm\u00e1cias cearense Pague Menos, uma das maiores do pa\u00eds, foi preso na noite de s\u00e1bado (8), em Fortaleza, por crime contra o sistema financeiro. Os advogados de Queir\u00f3s destacam que ele se apresentou voluntariamente \u00e0 Pol\u00edcia Federal ap\u00f3s decis\u00e3o judicial determinando sua pris\u00e3o.<\/p>\n<p>&#8220;O objeto do processo que gerou a apresenta\u00e7\u00e3o se refere \u00e0 sua atua\u00e7\u00e3o \u00e0 frente da Renda Corretora de Valores entre 2000 e 2006. A a\u00e7\u00e3o ainda est\u00e1 em curso e a condena\u00e7\u00e3o n\u00e3o \u00e9 definitiva. A defesa continua acreditando na Justi\u00e7a e na sua absolvi\u00e7\u00e3o&#8221;, disse, em nota divulgada nesta domingo (9), o escrit\u00f3rio Rocha, Marinho e Sales Advogados e Marcelo Leal Advogados Associados.<\/p>\n<p>Atualmente em fase de expans\u00e3o para o Sudeste, a rede cearense tem 168 unidades e faturou R$ 6,3 bilh\u00f5es no ano passado. A previs\u00e3o \u00e9 encerrar este ano com 1,2 mil lojas e vendas de R$ 7 bilh\u00f5es. Com esse porte, a companhia tem uma atua\u00e7\u00e3o equivalente \u00e0 cerca da metade da Raia Drogasil, l\u00edder do setor e presente em 22 Estados.<\/p>\n<p>A rede Pague Menos chegou a cogitar uma abertura de capital em 2012, mas acabou desistindo do projeto de chegar \u00e0 Bolsa paulista em 2013. Dois anos mais tarde, o fundo de private equity (que compra participa\u00e7\u00f5es em empresas) General Atlantic comprou 17% do capital da companhia, em uma opera\u00e7\u00e3o de R$ 600 milh\u00f5es. A empresa ainda tem inten\u00e7\u00e3o de chegar \u00e0 B3, mas somente a partir de 2020.<\/p>\n<p><strong>Fora do conselho<\/strong><\/p>\n<p>Diante da pris\u00e3o de seu fundador, a Pague Menos nomeou o atual diretor-presidente, M\u00e1rio Henrique Alves de Queir\u00f3s, para o cargo de presidente do conselho de administra\u00e7\u00e3o, que ainda era exercido por Deusmar Queir\u00f3s.<\/p>\n<p>&#8220;O processo judicial ao qual o fundador da companhia, Deusmar Queir\u00f3s, responde n\u00e3o possui qualquer rela\u00e7\u00e3o com a rede. Todas as informa\u00e7\u00f5es sobre o processo foram prestadas de maneira transparente pela Pague Menos em seus formul\u00e1rios de refer\u00eancia&#8221;, disse a companhia, em nota.<\/p>\n<p><img decoding=\"async\" src=\"http:\/\/aconteceunovale.com.br\/portal\/wp-content\/uploads\/2018\/09\/dono_pague_menos.jpg\" alt=\"\" \/><em>Deusmar Queir\u00f3s foi preso por crime contra o sistema financeiro (Pague Menos\/Divulga\u00e7\u00e3o)<\/em><br \/>\n<\/br><\/p>\n<p><strong>VER PRIMEIRO<\/strong><\/p>\n<p>Receba as not\u00edcias do Aconteceu no Vale em primeira m\u00e3o. Clique em curtir no endere\u00e7o <a href=\"https:\/\/www.facebook.com\/aconteceunovale\" target=\"_blank\"><font color=\"red\">www.facebook.com\/aconteceunovale<\/font><\/a> ou no box abaixo:<\/p>\n<div class=\"fb-like\" data-href=\"https:\/\/www.facebook.com\/aconteceunovale\" data-width=\"120\" data-layout=\"standard\" data-action=\"like\" data-size=\"small\" data-show-faces=\"true\" data-share=\"true\"><\/div>\n<p><\/br><\/p>\n<p><em>(Fonte: Estad\u00e3o Conte\u00fado)<\/em><\/p>\n","protected":false},"excerpt":{"rendered":"<p>O empres\u00e1rio Francisco Deusmar de Queir\u00f3s, s\u00f3cio e fundador da rede de farm\u00e1cias cearense Pague Menos, uma das maiores do pa\u00eds, foi preso na noite de s\u00e1bado (8), em Fortaleza, por crime contra o sistema financeiro. Os advogados de Queir\u00f3s destacam que ele se apresentou voluntariamente \u00e0 Pol\u00edcia Federal ap\u00f3s decis\u00e3o judicial determinando sua pris\u00e3o. [&hellip;]<\/p>\n","protected":false},"author":1,"featured_media":135468,"comment_status":"open","ping_status":"closed","sticky":false,"template":"","format":"standard","meta":{"amp_status":"","footnotes":""},"categories":[6],"tags":[179809,179813,14684,179803,179812,179805,179804,179807,179806,179808,179811,179810],"class_list":["post-135467","post","type-post","status-publish","format-standard","has-post-thumbnail","hentry","category-br","tag-deusmar-de-queiros","tag-dono-de-rede-de-farmacias-e-preso-pela-pf","tag-fortaleza","tag-francisco-deusmar-de-queiros","tag-mario-henrique-alves-de-queiros","tag-pague-menos","tag-prisao-de-francisco-deusmar-de-queiros","tag-prisao-do-dono-da-pague-menos","tag-prisao-do-dono-da-rede-pague-menos","tag-prisao-dono-pague-menos","tag-rede-pague-menos","tag-renda-corretora-de-valores"],"_links":{"self":[{"href":"https:\/\/aconteceunovale.com.br\/portal\/index.php?rest_route=\/wp\/v2\/posts\/135467","targetHints":{"allow":["GET"]}}],"collection":[{"href":"https:\/\/aconteceunovale.com.br\/portal\/index.php?rest_route=\/wp\/v2\/posts"}],"about":[{"href":"https:\/\/aconteceunovale.com.br\/portal\/index.php?rest_route=\/wp\/v2\/types\/post"}],"author":[{"embeddable":true,"href":"https:\/\/aconteceunovale.com.br\/portal\/index.php?rest_route=\/wp\/v2\/users\/1"}],"replies":[{"embeddable":true,"href":"https:\/\/aconteceunovale.com.br\/portal\/index.php?rest_route=%2Fwp%2Fv2%2Fcomments&post=135467"}],"version-history":[{"count":0,"href":"https:\/\/aconteceunovale.com.br\/portal\/index.php?rest_route=\/wp\/v2\/posts\/135467\/revisions"}],"wp:featuredmedia":[{"embeddable":true,"href":"https:\/\/aconteceunovale.com.br\/portal\/index.php?rest_route=\/wp\/v2\/media\/135468"}],"wp:attachment":[{"href":"https:\/\/aconteceunovale.com.br\/portal\/index.php?rest_route=%2Fwp%2Fv2%2Fmedia&parent=135467"}],"wp:term":[{"taxonomy":"category","embeddable":true,"href":"https:\/\/aconteceunovale.com.br\/portal\/index.php?rest_route=%2Fwp%2Fv2%2Fcategories&post=135467"},{"taxonomy":"post_tag","embeddable":true,"href":"https:\/\/aconteceunovale.com.br\/portal\/index.php?rest_route=%2Fwp%2Fv2%2Ftags&post=135467"}],"curies":[{"name":"wp","href":"https:\/\/api.w.org\/{rel}","templated":true}]}}