{"id":135234,"date":"2018-09-06T12:02:48","date_gmt":"2018-09-06T14:02:48","guid":{"rendered":"http:\/\/aconteceunovale.com.br\/portal\/?p=135234"},"modified":"2026-09-02T13:30:20","modified_gmt":"2026-09-02T16:30:20","slug":"comeca-nesta-quinta-feira-a-25a-edicao-do-festival-da-cachaca-de-novo-cruzeiro","status":"publish","type":"post","link":"https:\/\/aconteceunovale.com.br\/portal\/?p=135234","title":{"rendered":"Come\u00e7a nesta quinta-feira a 25\u00aa edi\u00e7\u00e3o do Festival da Cacha\u00e7a de Novo Cruzeiro"},"content":{"rendered":"<p>Come\u00e7a nesta quinta-feira (06\/09\/2018) e vai at\u00e9 o pr\u00f3ximo domingo (09) a 25\u00aa edi\u00e7\u00e3o do Festival da Cacha\u00e7a de Novo Cruzeiro, no Vale do Jequitinhonha. A cantora sertaneja Mariana Fagundes e  o cantor de arrocha  Rayan Carlo abrem a festa no Parque de Eventos Jos\u00e9 Barrack Sobrinho.<\/p>\n<p>Na sexta-feira (07), feriado nacional em comemora\u00e7\u00e3o ao Dia da Independ\u00eancia do Brasil, se apresentam a dupla sertaneja Diego &#038; Victor Hugo e o rei da sofr\u00eancia Osnir Alves.<\/p>\n<p>S\u00e1bado ser\u00e1 a vez da Banda Forr\u00f3 Boys e no domingo (09) dos cantores Farley Tito e Camilo Paggio, que misturam suas influ\u00eancias do forr\u00f3 e sertanejo.<\/p>\n<p>Durante o festival haver\u00e1 a tradicional exposi\u00e7\u00e3o de cacha\u00e7as produzidas no munic\u00edpio e regi\u00e3o e exposi\u00e7\u00e3o de produtos da agricultura familiar, como: frutas, hortali\u00e7as, doces, farinhas e queijo. <\/p>\n<p>A festa acontece no Parque de Eventos Jos\u00e9 Barrack Sobrinho, na rua Joaquim Maravilha, Centro.<\/p>\n<p><img decoding=\"async\" src=\"http:\/\/aconteceunovale.com.br\/portal\/wp-content\/uploads\/2018\/09\/festival_cachaca_nc.jpg\" alt=\"\" \/><br \/>\n<\/br><\/p>\n<p><strong>VER PRIMEIRO<\/strong><\/p>\n<p>Receba as not\u00edcias do Aconteceu no Vale em primeira m\u00e3o. Clique em curtir no endere\u00e7o <a href=\"https:\/\/www.facebook.com\/aconteceunovale\" target=\"_blank\"><font color=\"red\">www.facebook.com\/aconteceunovale<\/font><\/a> ou no box abaixo:<\/p>\n<div class=\"fb-like\" data-href=\"https:\/\/www.facebook.com\/aconteceunovale\" data-width=\"120\" data-layout=\"standard\" data-action=\"like\" data-size=\"small\" data-show-faces=\"true\" data-share=\"true\"><\/div>\n<p><\/br><\/p>\n","protected":false},"excerpt":{"rendered":"<p>Come\u00e7a nesta quinta-feira (06\/09\/2018) e vai at\u00e9 o pr\u00f3ximo domingo (09) a 25\u00aa edi\u00e7\u00e3o do Festival da Cacha\u00e7a de Novo Cruzeiro, no Vale do Jequitinhonha. A cantora sertaneja Mariana Fagundes e o cantor de arrocha Rayan Carlo abrem a festa no Parque de Eventos Jos\u00e9 Barrack Sobrinho. Na sexta-feira (07), feriado nacional em comemora\u00e7\u00e3o ao [&hellip;]<\/p>\n","protected":false},"author":1,"featured_media":135235,"comment_status":"open","ping_status":"closed","sticky":false,"template":"","format":"standard","meta":{"amp_status":"","footnotes":""},"categories":[125,272563,120],"tags":[179533,179534,179529,54897,175,179530,179532,179531],"class_list":["post-135234","post","type-post","status-publish","format-standard","has-post-thumbnail","hentry","category-noticias","category-novo-cruzeiro","category-jequi","tag-atracoes-festival-da-cachaca-de-novo-cruzeiro","tag-comeca-nesta-quinta-feira-a-25a-edicao-do-festival-da-cachaca-de-novo-cruzeiro","tag-festa-de-novo-cruzeiro","tag-festival-da-cachaca-de-novo-cruzeiro","tag-novo-cruzeiro","tag-programacao-da-festa-de-novo-cruzeiro","tag-programacao-festival-da-cachaca-de-novo-cruzeiro","tag-shows-festival-da-cachaca-de-novo-cruzeiro"],"yoast_head":"<!-- This site is optimized with the Yoast SEO plugin v28.3 - https:\/\/yoast.com\/product\/yoast-seo-wordpress\/ -->\n<title>Come\u00e7a nesta quinta-feira a 25\u00aa edi\u00e7\u00e3o do Festival da Cacha\u00e7a de Novo Cruzeiro - Aconteceu no Vale<\/title>\n<meta name=\"robots\" content=\"index, follow, max-snippet:-1, max-image-preview:large, max-video-preview:-1\" \/>\n<link rel=\"canonical\" href=\"https:\/\/aconteceunovale.com.br\/portal\/?p=135234\" \/>\n<meta property=\"og:locale\" content=\"pt_BR\" \/>\n<meta property=\"og:type\" content=\"article\" \/>\n<meta property=\"og:title\" content=\"Come\u00e7a nesta quinta-feira a 25\u00aa edi\u00e7\u00e3o do Festival da Cacha\u00e7a de Novo Cruzeiro - Aconteceu no Vale\" \/>\n<meta property=\"og:description\" content=\"Come\u00e7a nesta quinta-feira (06\/09\/2018) e vai at\u00e9 o pr\u00f3ximo domingo (09) a 25\u00aa edi\u00e7\u00e3o do Festival da Cacha\u00e7a de Novo Cruzeiro, no Vale do Jequitinhonha. A cantora sertaneja Mariana Fagundes e o cantor de arrocha Rayan Carlo abrem a festa no Parque de Eventos Jos\u00e9 Barrack Sobrinho. Na sexta-feira (07), feriado nacional em comemora\u00e7\u00e3o ao [&hellip;]\" \/>\n<meta property=\"og:url\" content=\"https:\/\/aconteceunovale.com.br\/portal\/?p=135234\" \/>\n<meta property=\"og:site_name\" content=\"Aconteceu no Vale\" \/>\n<meta property=\"article:publisher\" content=\"https:\/\/www.facebook.com\/aconteceunovale\/\" \/>\n<meta property=\"article:published_time\" content=\"2018-09-06T14:02:48+00:00\" \/>\n<meta property=\"article:modified_time\" content=\"2026-09-02T16:30:20+00:00\" \/>\n<meta property=\"og:image\" content=\"https:\/\/aconteceunovale.com.br\/portal\/wp-content\/uploads\/2018\/09\/festival_cachaca_nc.jpg\" \/>\n\t<meta property=\"og:image:width\" content=\"640\" \/>\n\t<meta property=\"og:image:height\" content=\"450\" \/>\n\t<meta property=\"og:image:type\" content=\"image\/jpeg\" \/>\n<meta name=\"author\" content=\"Aconteceu no Vale\" \/>\n<meta name=\"twitter:card\" content=\"summary_large_image\" \/>\n<meta name=\"twitter:creator\" content=\"@noticiadosvales\" \/>\n<meta name=\"twitter:site\" content=\"@noticiadosvales\" \/>\n<meta name=\"twitter:label1\" content=\"Escrito por\" \/>\n\t<meta name=\"twitter:data1\" content=\"Aconteceu no Vale\" \/>\n\t<meta name=\"twitter:label2\" content=\"Est. tempo de leitura\" \/>\n\t<meta name=\"twitter:data2\" content=\"1 minuto\" \/>\n<script type=\"application\/ld+json\" class=\"yoast-schema-graph\">{\"@context\":\"https:\\\/\\\/schema.org\",\"@graph\":[{\"@type\":\"Article\",\"@id\":\"https:\\\/\\\/aconteceunovale.com.br\\\/portal\\\/?p=135234#article\",\"isPartOf\":{\"@id\":\"https:\\\/\\\/aconteceunovale.com.br\\\/portal\\\/?p=135234\"},\"author\":{\"name\":\"Aconteceu no Vale\",\"@id\":\"https:\\\/\\\/aconteceunovale.com.br\\\/portal\\\/#\\\/schema\\\/person\\\/633529146f2c94272bef50ac2953d589\"},\"headline\":\"Come\u00e7a nesta quinta-feira a 25\u00aa edi\u00e7\u00e3o do Festival da Cacha\u00e7a de Novo Cruzeiro\",\"datePublished\":\"2018-09-06T14:02:48+00:00\",\"dateModified\":\"2026-09-02T16:30:20+00:00\",\"mainEntityOfPage\":{\"@id\":\"https:\\\/\\\/aconteceunovale.com.br\\\/portal\\\/?p=135234\"},\"wordCount\":198,\"commentCount\":0,\"image\":{\"@id\":\"https:\\\/\\\/aconteceunovale.com.br\\\/portal\\\/?p=135234#primaryimage\"},\"thumbnailUrl\":\"https:\\\/\\\/aconteceunovale.com.br\\\/portal\\\/wp-content\\\/uploads\\\/2018\\\/09\\\/festival_cachaca_nc.jpg\",\"keywords\":[\"Atra\u00e7\u00f5es Festival da Cacha\u00e7a de Novo Cruzeiro\",\"Come\u00e7a nesta quinta-feira a 25\u00aa edi\u00e7\u00e3o do Festival da Cacha\u00e7a de Novo Cruzeiro\",\"Festa de Novo Cruzeiro\",\"Festival da Cacha\u00e7a de Novo Cruzeiro\",\"Novo Cruzeiro\",\"Programa\u00e7\u00e3o da festa de Novo Cruzeiro\",\"Programa\u00e7\u00e3o Festival da Cacha\u00e7a de Novo Cruzeiro\",\"Shows Festival da Cacha\u00e7a de Novo Cruzeiro\"],\"articleSection\":[\"Eventos\",\"Novo Cruzeiro\",\"Vale do Jequitinhonha\"],\"inLanguage\":\"pt-BR\",\"potentialAction\":[{\"@type\":\"CommentAction\",\"name\":\"Comment\",\"target\":[\"https:\\\/\\\/aconteceunovale.com.br\\\/portal\\\/?p=135234#respond\"]}]},{\"@type\":\"WebPage\",\"@id\":\"https:\\\/\\\/aconteceunovale.com.br\\\/portal\\\/?p=135234\",\"url\":\"https:\\\/\\\/aconteceunovale.com.br\\\/portal\\\/?p=135234\",\"name\":\"Come\u00e7a nesta quinta-feira a 25\u00aa edi\u00e7\u00e3o do Festival da Cacha\u00e7a de Novo Cruzeiro - Aconteceu no Vale\",\"isPartOf\":{\"@id\":\"https:\\\/\\\/aconteceunovale.com.br\\\/portal\\\/#website\"},\"primaryImageOfPage\":{\"@id\":\"https:\\\/\\\/aconteceunovale.com.br\\\/portal\\\/?p=135234#primaryimage\"},\"image\":{\"@id\":\"https:\\\/\\\/aconteceunovale.com.br\\\/portal\\\/?p=135234#primaryimage\"},\"thumbnailUrl\":\"https:\\\/\\\/aconteceunovale.com.br\\\/portal\\\/wp-content\\\/uploads\\\/2018\\\/09\\\/festival_cachaca_nc.jpg\",\"datePublished\":\"2018-09-06T14:02:48+00:00\",\"dateModified\":\"2026-09-02T16:30:20+00:00\",\"author\":{\"@id\":\"https:\\\/\\\/aconteceunovale.com.br\\\/portal\\\/#\\\/schema\\\/person\\\/633529146f2c94272bef50ac2953d589\"},\"breadcrumb\":{\"@id\":\"https:\\\/\\\/aconteceunovale.com.br\\\/portal\\\/?p=135234#breadcrumb\"},\"inLanguage\":\"pt-BR\",\"potentialAction\":[{\"@type\":\"ReadAction\",\"target\":[\"https:\\\/\\\/aconteceunovale.com.br\\\/portal\\\/?p=135234\"]}]},{\"@type\":\"ImageObject\",\"inLanguage\":\"pt-BR\",\"@id\":\"https:\\\/\\\/aconteceunovale.com.br\\\/portal\\\/?p=135234#primaryimage\",\"url\":\"https:\\\/\\\/aconteceunovale.com.br\\\/portal\\\/wp-content\\\/uploads\\\/2018\\\/09\\\/festival_cachaca_nc.jpg\",\"contentUrl\":\"https:\\\/\\\/aconteceunovale.com.br\\\/portal\\\/wp-content\\\/uploads\\\/2018\\\/09\\\/festival_cachaca_nc.jpg\",\"width\":640,\"height\":450},{\"@type\":\"BreadcrumbList\",\"@id\":\"https:\\\/\\\/aconteceunovale.com.br\\\/portal\\\/?p=135234#breadcrumb\",\"itemListElement\":[{\"@type\":\"ListItem\",\"position\":1,\"name\":\"In\u00edcio\",\"item\":\"https:\\\/\\\/aconteceunovale.com.br\\\/portal\\\/\"},{\"@type\":\"ListItem\",\"position\":2,\"name\":\"Come\u00e7a nesta quinta-feira a 25\u00aa edi\u00e7\u00e3o do Festival da Cacha\u00e7a de Novo Cruzeiro\"}]},{\"@type\":\"WebSite\",\"@id\":\"https:\\\/\\\/aconteceunovale.com.br\\\/portal\\\/#website\",\"url\":\"https:\\\/\\\/aconteceunovale.com.br\\\/portal\\\/\",\"name\":\"Aconteceu no Vale\",\"description\":\"Portal de Not\u00edcias\",\"potentialAction\":[{\"@type\":\"SearchAction\",\"target\":{\"@type\":\"EntryPoint\",\"urlTemplate\":\"https:\\\/\\\/aconteceunovale.com.br\\\/portal\\\/?s={search_term_string}\"},\"query-input\":{\"@type\":\"PropertyValueSpecification\",\"valueRequired\":true,\"valueName\":\"search_term_string\"}}],\"inLanguage\":\"pt-BR\"},{\"@type\":\"Person\",\"@id\":\"https:\\\/\\\/aconteceunovale.com.br\\\/portal\\\/#\\\/schema\\\/person\\\/633529146f2c94272bef50ac2953d589\",\"name\":\"Aconteceu no Vale\",\"description\":\"Equipe de reportagem do Aconteceu no Vale, portal de not\u00edcias do Vale do Jequitinhonha, em Minas Gerais. Cobrimos as 51 cidades do Vale desde 2013. Sugest\u00f5es de pauta e pedidos de corre\u00e7\u00e3o: contato@aconteceunovale.com.br\",\"sameAs\":[\"http:\\\/\\\/www.aconteceunovale.com.br\"],\"url\":\"https:\\\/\\\/aconteceunovale.com.br\\\/portal\\\/?author=1\"}]}<\/script>\n<!-- \/ Yoast SEO plugin. -->","yoast_head_json":{"title":"Come\u00e7a nesta quinta-feira a 25\u00aa edi\u00e7\u00e3o do Festival da Cacha\u00e7a de Novo Cruzeiro - Aconteceu no Vale","robots":{"index":"index","follow":"follow","max-snippet":"max-snippet:-1","max-image-preview":"max-image-preview:large","max-video-preview":"max-video-preview:-1"},"canonical":"https:\/\/aconteceunovale.com.br\/portal\/?p=135234","og_locale":"pt_BR","og_type":"article","og_title":"Come\u00e7a nesta quinta-feira a 25\u00aa edi\u00e7\u00e3o do Festival da Cacha\u00e7a de Novo Cruzeiro - Aconteceu no Vale","og_description":"Come\u00e7a nesta quinta-feira (06\/09\/2018) e vai at\u00e9 o pr\u00f3ximo domingo (09) a 25\u00aa edi\u00e7\u00e3o do Festival da Cacha\u00e7a de Novo Cruzeiro, no Vale do Jequitinhonha. A cantora sertaneja Mariana Fagundes e o cantor de arrocha Rayan Carlo abrem a festa no Parque de Eventos Jos\u00e9 Barrack Sobrinho. Na sexta-feira (07), feriado nacional em comemora\u00e7\u00e3o ao [&hellip;]","og_url":"https:\/\/aconteceunovale.com.br\/portal\/?p=135234","og_site_name":"Aconteceu no Vale","article_publisher":"https:\/\/www.facebook.com\/aconteceunovale\/","article_published_time":"2018-09-06T14:02:48+00:00","article_modified_time":"2026-09-02T16:30:20+00:00","og_image":[{"width":640,"height":450,"url":"https:\/\/aconteceunovale.com.br\/portal\/wp-content\/uploads\/2018\/09\/festival_cachaca_nc.jpg","type":"image\/jpeg"}],"author":"Aconteceu no Vale","twitter_card":"summary_large_image","twitter_creator":"@noticiadosvales","twitter_site":"@noticiadosvales","twitter_misc":{"Escrito por":"Aconteceu no Vale","Est. tempo de leitura":"1 minuto"},"schema":{"@context":"https:\/\/schema.org","@graph":[{"@type":"Article","@id":"https:\/\/aconteceunovale.com.br\/portal\/?p=135234#article","isPartOf":{"@id":"https:\/\/aconteceunovale.com.br\/portal\/?p=135234"},"author":{"name":"Aconteceu no Vale","@id":"https:\/\/aconteceunovale.com.br\/portal\/#\/schema\/person\/633529146f2c94272bef50ac2953d589"},"headline":"Come\u00e7a nesta quinta-feira a 25\u00aa edi\u00e7\u00e3o do Festival da Cacha\u00e7a de Novo Cruzeiro","datePublished":"2018-09-06T14:02:48+00:00","dateModified":"2026-09-02T16:30:20+00:00","mainEntityOfPage":{"@id":"https:\/\/aconteceunovale.com.br\/portal\/?p=135234"},"wordCount":198,"commentCount":0,"image":{"@id":"https:\/\/aconteceunovale.com.br\/portal\/?p=135234#primaryimage"},"thumbnailUrl":"https:\/\/aconteceunovale.com.br\/portal\/wp-content\/uploads\/2018\/09\/festival_cachaca_nc.jpg","keywords":["Atra\u00e7\u00f5es Festival da Cacha\u00e7a de Novo Cruzeiro","Come\u00e7a nesta quinta-feira a 25\u00aa edi\u00e7\u00e3o do Festival da Cacha\u00e7a de Novo Cruzeiro","Festa de Novo Cruzeiro","Festival da Cacha\u00e7a de Novo Cruzeiro","Novo Cruzeiro","Programa\u00e7\u00e3o da festa de Novo Cruzeiro","Programa\u00e7\u00e3o Festival da Cacha\u00e7a de Novo Cruzeiro","Shows Festival da Cacha\u00e7a de Novo Cruzeiro"],"articleSection":["Eventos","Novo Cruzeiro","Vale do Jequitinhonha"],"inLanguage":"pt-BR","potentialAction":[{"@type":"CommentAction","name":"Comment","target":["https:\/\/aconteceunovale.com.br\/portal\/?p=135234#respond"]}]},{"@type":"WebPage","@id":"https:\/\/aconteceunovale.com.br\/portal\/?p=135234","url":"https:\/\/aconteceunovale.com.br\/portal\/?p=135234","name":"Come\u00e7a nesta quinta-feira a 25\u00aa edi\u00e7\u00e3o do Festival da Cacha\u00e7a de Novo Cruzeiro - Aconteceu no Vale","isPartOf":{"@id":"https:\/\/aconteceunovale.com.br\/portal\/#website"},"primaryImageOfPage":{"@id":"https:\/\/aconteceunovale.com.br\/portal\/?p=135234#primaryimage"},"image":{"@id":"https:\/\/aconteceunovale.com.br\/portal\/?p=135234#primaryimage"},"thumbnailUrl":"https:\/\/aconteceunovale.com.br\/portal\/wp-content\/uploads\/2018\/09\/festival_cachaca_nc.jpg","datePublished":"2018-09-06T14:02:48+00:00","dateModified":"2026-09-02T16:30:20+00:00","author":{"@id":"https:\/\/aconteceunovale.com.br\/portal\/#\/schema\/person\/633529146f2c94272bef50ac2953d589"},"breadcrumb":{"@id":"https:\/\/aconteceunovale.com.br\/portal\/?p=135234#breadcrumb"},"inLanguage":"pt-BR","potentialAction":[{"@type":"ReadAction","target":["https:\/\/aconteceunovale.com.br\/portal\/?p=135234"]}]},{"@type":"ImageObject","inLanguage":"pt-BR","@id":"https:\/\/aconteceunovale.com.br\/portal\/?p=135234#primaryimage","url":"https:\/\/aconteceunovale.com.br\/portal\/wp-content\/uploads\/2018\/09\/festival_cachaca_nc.jpg","contentUrl":"https:\/\/aconteceunovale.com.br\/portal\/wp-content\/uploads\/2018\/09\/festival_cachaca_nc.jpg","width":640,"height":450},{"@type":"BreadcrumbList","@id":"https:\/\/aconteceunovale.com.br\/portal\/?p=135234#breadcrumb","itemListElement":[{"@type":"ListItem","position":1,"name":"In\u00edcio","item":"https:\/\/aconteceunovale.com.br\/portal\/"},{"@type":"ListItem","position":2,"name":"Come\u00e7a nesta quinta-feira a 25\u00aa edi\u00e7\u00e3o do Festival da Cacha\u00e7a de Novo Cruzeiro"}]},{"@type":"WebSite","@id":"https:\/\/aconteceunovale.com.br\/portal\/#website","url":"https:\/\/aconteceunovale.com.br\/portal\/","name":"Aconteceu no Vale","description":"Portal de Not\u00edcias","potentialAction":[{"@type":"SearchAction","target":{"@type":"EntryPoint","urlTemplate":"https:\/\/aconteceunovale.com.br\/portal\/?s={search_term_string}"},"query-input":{"@type":"PropertyValueSpecification","valueRequired":true,"valueName":"search_term_string"}}],"inLanguage":"pt-BR"},{"@type":"Person","@id":"https:\/\/aconteceunovale.com.br\/portal\/#\/schema\/person\/633529146f2c94272bef50ac2953d589","name":"Aconteceu no Vale","description":"Equipe de reportagem do Aconteceu no Vale, portal de not\u00edcias do Vale do Jequitinhonha, em Minas Gerais. Cobrimos as 51 cidades do Vale desde 2013. Sugest\u00f5es de pauta e pedidos de corre\u00e7\u00e3o: contato@aconteceunovale.com.br","sameAs":["http:\/\/www.aconteceunovale.com.br"],"url":"https:\/\/aconteceunovale.com.br\/portal\/?author=1"}]}},"_links":{"self":[{"href":"https:\/\/aconteceunovale.com.br\/portal\/index.php?rest_route=\/wp\/v2\/posts\/135234","targetHints":{"allow":["GET"]}}],"collection":[{"href":"https:\/\/aconteceunovale.com.br\/portal\/index.php?rest_route=\/wp\/v2\/posts"}],"about":[{"href":"https:\/\/aconteceunovale.com.br\/portal\/index.php?rest_route=\/wp\/v2\/types\/post"}],"author":[{"embeddable":true,"href":"https:\/\/aconteceunovale.com.br\/portal\/index.php?rest_route=\/wp\/v2\/users\/1"}],"replies":[{"embeddable":true,"href":"https:\/\/aconteceunovale.com.br\/portal\/index.php?rest_route=%2Fwp%2Fv2%2Fcomments&post=135234"}],"version-history":[{"count":1,"href":"https:\/\/aconteceunovale.com.br\/portal\/index.php?rest_route=\/wp\/v2\/posts\/135234\/revisions"}],"predecessor-version":[{"id":201411,"href":"https:\/\/aconteceunovale.com.br\/portal\/index.php?rest_route=\/wp\/v2\/posts\/135234\/revisions\/201411"}],"wp:featuredmedia":[{"embeddable":true,"href":"https:\/\/aconteceunovale.com.br\/portal\/index.php?rest_route=\/wp\/v2\/media\/135235"}],"wp:attachment":[{"href":"https:\/\/aconteceunovale.com.br\/portal\/index.php?rest_route=%2Fwp%2Fv2%2Fmedia&parent=135234"}],"wp:term":[{"taxonomy":"category","embeddable":true,"href":"https:\/\/aconteceunovale.com.br\/portal\/index.php?rest_route=%2Fwp%2Fv2%2Fcategories&post=135234"},{"taxonomy":"post_tag","embeddable":true,"href":"https:\/\/aconteceunovale.com.br\/portal\/index.php?rest_route=%2Fwp%2Fv2%2Ftags&post=135234"}],"curies":[{"name":"wp","href":"https:\/\/api.w.org\/{rel}","templated":true}]}}