{"id":135228,"date":"2018-09-06T11:46:54","date_gmt":"2018-09-06T13:46:54","guid":{"rendered":"http:\/\/aconteceunovale.com.br\/portal\/?p=135228"},"modified":"2018-09-06T11:46:54","modified_gmt":"2018-09-06T13:46:54","slug":"manifestacoes-racistas-sobre-lei-aurea-se-propagam-apos-incendio-em-museu","status":"publish","type":"post","link":"https:\/\/aconteceunovale.com.br\/portal\/?p=135228","title":{"rendered":"Manifesta\u00e7\u00f5es racistas sobre Lei \u00c1urea se propagam ap\u00f3s inc\u00eandio em museu"},"content":{"rendered":"<p>Enquanto pesquisadores, professores e estudantes tentam direcionar o olhar da popula\u00e7\u00e3o para import\u00e2ncia da cultura e da educa\u00e7\u00e3o, h\u00e1 quem aproveite a destrui\u00e7\u00e3o do Museu Nacional para propagar piadas sobre o assunto e, inclusive, manifesta\u00e7\u00f5es racistas.<\/p>\n<p>Circula no WhatsApp um \u00e1udio direcionado aos negros acerca do documento da Lei \u00c1urea, um dos mais importantes da hist\u00f3ria do pa\u00eds. No \u00e1udio, um homem diz que o documento estava no Museu e foi queimado \u2013 perdendo a validade.<\/p>\n<p>\u201cAvisar nossos amigos moreninhos a\u00ed do grupo que o inc\u00eandio no museu do Rio de Janeiro&#8230;a carta l\u00e1 queimou, a carta da princesa Isabel queimou, a Lei \u00c1urea queimou. Agora voc\u00eas v\u00e3o entrar no cacete (sic)\u201d, diz o \u00e1udio.<\/p>\n<p>A manifesta\u00e7\u00e3o viralizou e tamb\u00e9m chegou por mensagem de texto para diversos usu\u00e1rios da rede.<\/p>\n<p>A situa\u00e7\u00e3o mostra o racismo na sociedade brasileira e tamb\u00e9m a desinforma\u00e7\u00e3o sobre o que foi perdido no museu.<\/p>\n<p>O documento assinado pela princesa Isabel em 1888 est\u00e1 preservado no Arquivo Nacional, tamb\u00e9m no Rio de Janeiro. Para se ter uma ideia, os dois locais est\u00e3o a 5,8 quil\u00f4metros de dist\u00e2ncia.<\/p>\n<p>O Arquivo Nacional precisou emitir uma nota sobre o assunto no final da tarde de ter\u00e7a-feira (4) para evitar confus\u00e3o. \u201cA not\u00edcia que est\u00e1 sendo veiculada a respeito do original da Lei \u00c1urea ter sido destru\u00eddo no inc\u00eandio que atingiu o Museu Nacional no domingo \u00e9 falsa. A Lei \u00c1urea faz parte do acervo do Arquivo Nacional e encontra-se guardada e preservada na institui\u00e7\u00e3o. Seu fac-s\u00edmile pode ser conferido na mostra \u201d130 anos da Aboli\u00e7\u00e3o da Escravatura\u201d dispon\u00edvel at\u00e9 o final de setembro de 2018, de segunda a sexta, das 9h \u00e0s 18h, na sede do Arquivo Nacional\u201d, diz trecho da nota.<\/p>\n<p><img decoding=\"async\" src=\"http:\/\/aconteceunovale.com.br\/portal\/wp-content\/uploads\/2018\/09\/lei_aurea.jpg\" alt=\"\" \/><em>Jornal de 1888 fala sobre Aboli\u00e7\u00e3o da Escravatura (Foto: Arquivo Nacional\/Divulga\u00e7\u00e3o)<\/em><br \/>\n<\/br><\/p>\n<p><strong>VER PRIMEIRO<\/strong><\/p>\n<p>Receba as not\u00edcias do Aconteceu no Vale em primeira m\u00e3o. Clique em curtir no endere\u00e7o <a href=\"https:\/\/www.facebook.com\/aconteceunovale\" target=\"_blank\"><font color=\"red\">www.facebook.com\/aconteceunovale<\/font><\/a> ou no box abaixo:<\/p>\n<div class=\"fb-like\" data-href=\"https:\/\/www.facebook.com\/aconteceunovale\" data-width=\"120\" data-layout=\"standard\" data-action=\"like\" data-size=\"small\" data-show-faces=\"true\" data-share=\"true\"><\/div>\n<p><\/br><\/p>\n<p><em>(Fonte: O Tempo)<\/em><\/p>\n","protected":false},"excerpt":{"rendered":"<p>Enquanto pesquisadores, professores e estudantes tentam direcionar o olhar da popula\u00e7\u00e3o para import\u00e2ncia da cultura e da educa\u00e7\u00e3o, h\u00e1 quem aproveite a destrui\u00e7\u00e3o do Museu Nacional para propagar piadas sobre o assunto e, inclusive, manifesta\u00e7\u00f5es racistas. Circula no WhatsApp um \u00e1udio direcionado aos negros acerca do documento da Lei \u00c1urea, um dos mais importantes da [&hellip;]<\/p>\n","protected":false},"author":1,"featured_media":135229,"comment_status":"open","ping_status":"closed","sticky":false,"template":"","format":"standard","meta":{"amp_status":"","footnotes":""},"categories":[6],"tags":[179509,179502,179510,179506,179505,179501,179508,179511,179504,164710,179130,179507,179503],"class_list":["post-135228","post","type-post","status-publish","format-standard","has-post-thumbnail","hentry","category-br","tag-abolicao-da-escravatura","tag-audio-racista-lei-aurea","tag-audio-racista-sobre-lei-aurea-se-propaga-apos-incendio-no-museu-nacional","tag-carta-da-princesa-isabel","tag-incendio-no-museu-do-rio-de-janeiro","tag-lei-aurea","tag-lei-aurea-faz-parte-do-acervo-do-arquivo-nacional","tag-manifestacoes-racistas-sobre-lei-aurea-se-propagam-apos-incendio-em-museu","tag-mensagem-racista-lei-aurea","tag-museu-nacional","tag-museu-nacional-do-rio-de-janeiro","tag-racismo-carta-da-princesa-isabel","tag-racismo-lei-aurea"],"yoast_head":"<!-- This site is optimized with the Yoast SEO plugin v28.3 - https:\/\/yoast.com\/product\/yoast-seo-wordpress\/ -->\n<title>Manifesta\u00e7\u00f5es racistas sobre Lei \u00c1urea se propagam ap\u00f3s inc\u00eandio em museu - Aconteceu no Vale<\/title>\n<meta name=\"robots\" content=\"index, follow, max-snippet:-1, max-image-preview:large, max-video-preview:-1\" \/>\n<link rel=\"canonical\" href=\"https:\/\/aconteceunovale.com.br\/portal\/?p=135228\" \/>\n<meta property=\"og:locale\" content=\"pt_BR\" \/>\n<meta property=\"og:type\" content=\"article\" \/>\n<meta property=\"og:title\" content=\"Manifesta\u00e7\u00f5es racistas sobre Lei \u00c1urea se propagam ap\u00f3s inc\u00eandio em museu - Aconteceu no Vale\" \/>\n<meta property=\"og:description\" content=\"Enquanto pesquisadores, professores e estudantes tentam direcionar o olhar da popula\u00e7\u00e3o para import\u00e2ncia da cultura e da educa\u00e7\u00e3o, h\u00e1 quem aproveite a destrui\u00e7\u00e3o do Museu Nacional para propagar piadas sobre o assunto e, inclusive, manifesta\u00e7\u00f5es racistas. Circula no WhatsApp um \u00e1udio direcionado aos negros acerca do documento da Lei \u00c1urea, um dos mais importantes da [&hellip;]\" \/>\n<meta property=\"og:url\" content=\"https:\/\/aconteceunovale.com.br\/portal\/?p=135228\" \/>\n<meta property=\"og:site_name\" content=\"Aconteceu no Vale\" \/>\n<meta property=\"article:publisher\" content=\"https:\/\/www.facebook.com\/aconteceunovale\/\" \/>\n<meta property=\"article:published_time\" content=\"2018-09-06T13:46:54+00:00\" \/>\n<meta property=\"og:image\" content=\"https:\/\/aconteceunovale.com.br\/portal\/wp-content\/uploads\/2018\/09\/lei_aurea.jpg\" \/>\n\t<meta property=\"og:image:width\" content=\"674\" \/>\n\t<meta property=\"og:image:height\" content=\"450\" \/>\n\t<meta property=\"og:image:type\" content=\"image\/jpeg\" \/>\n<meta name=\"author\" content=\"Aconteceu no Vale\" \/>\n<meta name=\"twitter:card\" content=\"summary_large_image\" \/>\n<meta name=\"twitter:creator\" content=\"@noticiadosvales\" \/>\n<meta name=\"twitter:site\" content=\"@noticiadosvales\" \/>\n<meta name=\"twitter:label1\" content=\"Escrito por\" \/>\n\t<meta name=\"twitter:data1\" content=\"Aconteceu no Vale\" \/>\n\t<meta name=\"twitter:label2\" content=\"Est. tempo de leitura\" \/>\n\t<meta name=\"twitter:data2\" content=\"2 minutos\" \/>\n<script type=\"application\/ld+json\" class=\"yoast-schema-graph\">{\"@context\":\"https:\\\/\\\/schema.org\",\"@graph\":[{\"@type\":\"Article\",\"@id\":\"https:\\\/\\\/aconteceunovale.com.br\\\/portal\\\/?p=135228#article\",\"isPartOf\":{\"@id\":\"https:\\\/\\\/aconteceunovale.com.br\\\/portal\\\/?p=135228\"},\"author\":{\"name\":\"Aconteceu no Vale\",\"@id\":\"https:\\\/\\\/aconteceunovale.com.br\\\/portal\\\/#\\\/schema\\\/person\\\/633529146f2c94272bef50ac2953d589\"},\"headline\":\"Manifesta\u00e7\u00f5es racistas sobre Lei \u00c1urea se propagam ap\u00f3s inc\u00eandio em museu\",\"datePublished\":\"2018-09-06T13:46:54+00:00\",\"mainEntityOfPage\":{\"@id\":\"https:\\\/\\\/aconteceunovale.com.br\\\/portal\\\/?p=135228\"},\"wordCount\":364,\"commentCount\":0,\"image\":{\"@id\":\"https:\\\/\\\/aconteceunovale.com.br\\\/portal\\\/?p=135228#primaryimage\"},\"thumbnailUrl\":\"https:\\\/\\\/aconteceunovale.com.br\\\/portal\\\/wp-content\\\/uploads\\\/2018\\\/09\\\/lei_aurea.jpg\",\"keywords\":[\"Aboli\u00e7\u00e3o da Escravatura\",\"Audio racista Lei \u00c1urea\",\"\u00c1udio racista sobre Lei \u00c1urea se propaga ap\u00f3s inc\u00eandio no Museu Nacional\",\"carta da princesa Isabel\",\"inc\u00eandio no museu do Rio de Janeiro\",\"Lei \u00c1urea\",\"Lei \u00c1urea faz parte do acervo do Arquivo Nacional\",\"Manifesta\u00e7\u00f5es racistas sobre Lei \u00c1urea se propagam ap\u00f3s inc\u00eandio em museu\",\"Mensagem racista Lei \u00c1urea\",\"Museu Nacional\",\"Museu Nacional do Rio de Janeiro\",\"Racismo carta da princesa Isabel\",\"Racismo Lei \u00c1urea\"],\"articleSection\":[\"Brasil\"],\"inLanguage\":\"pt-BR\",\"potentialAction\":[{\"@type\":\"CommentAction\",\"name\":\"Comment\",\"target\":[\"https:\\\/\\\/aconteceunovale.com.br\\\/portal\\\/?p=135228#respond\"]}]},{\"@type\":\"WebPage\",\"@id\":\"https:\\\/\\\/aconteceunovale.com.br\\\/portal\\\/?p=135228\",\"url\":\"https:\\\/\\\/aconteceunovale.com.br\\\/portal\\\/?p=135228\",\"name\":\"Manifesta\u00e7\u00f5es racistas sobre Lei \u00c1urea se propagam ap\u00f3s inc\u00eandio em museu - Aconteceu no Vale\",\"isPartOf\":{\"@id\":\"https:\\\/\\\/aconteceunovale.com.br\\\/portal\\\/#website\"},\"primaryImageOfPage\":{\"@id\":\"https:\\\/\\\/aconteceunovale.com.br\\\/portal\\\/?p=135228#primaryimage\"},\"image\":{\"@id\":\"https:\\\/\\\/aconteceunovale.com.br\\\/portal\\\/?p=135228#primaryimage\"},\"thumbnailUrl\":\"https:\\\/\\\/aconteceunovale.com.br\\\/portal\\\/wp-content\\\/uploads\\\/2018\\\/09\\\/lei_aurea.jpg\",\"datePublished\":\"2018-09-06T13:46:54+00:00\",\"author\":{\"@id\":\"https:\\\/\\\/aconteceunovale.com.br\\\/portal\\\/#\\\/schema\\\/person\\\/633529146f2c94272bef50ac2953d589\"},\"breadcrumb\":{\"@id\":\"https:\\\/\\\/aconteceunovale.com.br\\\/portal\\\/?p=135228#breadcrumb\"},\"inLanguage\":\"pt-BR\",\"potentialAction\":[{\"@type\":\"ReadAction\",\"target\":[\"https:\\\/\\\/aconteceunovale.com.br\\\/portal\\\/?p=135228\"]}]},{\"@type\":\"ImageObject\",\"inLanguage\":\"pt-BR\",\"@id\":\"https:\\\/\\\/aconteceunovale.com.br\\\/portal\\\/?p=135228#primaryimage\",\"url\":\"https:\\\/\\\/aconteceunovale.com.br\\\/portal\\\/wp-content\\\/uploads\\\/2018\\\/09\\\/lei_aurea.jpg\",\"contentUrl\":\"https:\\\/\\\/aconteceunovale.com.br\\\/portal\\\/wp-content\\\/uploads\\\/2018\\\/09\\\/lei_aurea.jpg\",\"width\":674,\"height\":450},{\"@type\":\"BreadcrumbList\",\"@id\":\"https:\\\/\\\/aconteceunovale.com.br\\\/portal\\\/?p=135228#breadcrumb\",\"itemListElement\":[{\"@type\":\"ListItem\",\"position\":1,\"name\":\"In\u00edcio\",\"item\":\"https:\\\/\\\/aconteceunovale.com.br\\\/portal\\\/\"},{\"@type\":\"ListItem\",\"position\":2,\"name\":\"Manifesta\u00e7\u00f5es racistas sobre Lei \u00c1urea se propagam ap\u00f3s inc\u00eandio em museu\"}]},{\"@type\":\"WebSite\",\"@id\":\"https:\\\/\\\/aconteceunovale.com.br\\\/portal\\\/#website\",\"url\":\"https:\\\/\\\/aconteceunovale.com.br\\\/portal\\\/\",\"name\":\"Aconteceu no Vale\",\"description\":\"Portal de Not\u00edcias\",\"potentialAction\":[{\"@type\":\"SearchAction\",\"target\":{\"@type\":\"EntryPoint\",\"urlTemplate\":\"https:\\\/\\\/aconteceunovale.com.br\\\/portal\\\/?s={search_term_string}\"},\"query-input\":{\"@type\":\"PropertyValueSpecification\",\"valueRequired\":true,\"valueName\":\"search_term_string\"}}],\"inLanguage\":\"pt-BR\"},{\"@type\":\"Person\",\"@id\":\"https:\\\/\\\/aconteceunovale.com.br\\\/portal\\\/#\\\/schema\\\/person\\\/633529146f2c94272bef50ac2953d589\",\"name\":\"Aconteceu no Vale\",\"description\":\"Equipe de reportagem do Aconteceu no Vale, portal de not\u00edcias do Vale do Jequitinhonha, em Minas Gerais. Cobrimos as 51 cidades do Vale desde 2013. Sugest\u00f5es de pauta e pedidos de corre\u00e7\u00e3o: contato@aconteceunovale.com.br\",\"sameAs\":[\"http:\\\/\\\/www.aconteceunovale.com.br\"],\"url\":\"https:\\\/\\\/aconteceunovale.com.br\\\/portal\\\/?author=1\"}]}<\/script>\n<!-- \/ Yoast SEO plugin. -->","yoast_head_json":{"title":"Manifesta\u00e7\u00f5es racistas sobre Lei \u00c1urea se propagam ap\u00f3s inc\u00eandio em museu - Aconteceu no Vale","robots":{"index":"index","follow":"follow","max-snippet":"max-snippet:-1","max-image-preview":"max-image-preview:large","max-video-preview":"max-video-preview:-1"},"canonical":"https:\/\/aconteceunovale.com.br\/portal\/?p=135228","og_locale":"pt_BR","og_type":"article","og_title":"Manifesta\u00e7\u00f5es racistas sobre Lei \u00c1urea se propagam ap\u00f3s inc\u00eandio em museu - Aconteceu no Vale","og_description":"Enquanto pesquisadores, professores e estudantes tentam direcionar o olhar da popula\u00e7\u00e3o para import\u00e2ncia da cultura e da educa\u00e7\u00e3o, h\u00e1 quem aproveite a destrui\u00e7\u00e3o do Museu Nacional para propagar piadas sobre o assunto e, inclusive, manifesta\u00e7\u00f5es racistas. Circula no WhatsApp um \u00e1udio direcionado aos negros acerca do documento da Lei \u00c1urea, um dos mais importantes da [&hellip;]","og_url":"https:\/\/aconteceunovale.com.br\/portal\/?p=135228","og_site_name":"Aconteceu no Vale","article_publisher":"https:\/\/www.facebook.com\/aconteceunovale\/","article_published_time":"2018-09-06T13:46:54+00:00","og_image":[{"width":674,"height":450,"url":"https:\/\/aconteceunovale.com.br\/portal\/wp-content\/uploads\/2018\/09\/lei_aurea.jpg","type":"image\/jpeg"}],"author":"Aconteceu no Vale","twitter_card":"summary_large_image","twitter_creator":"@noticiadosvales","twitter_site":"@noticiadosvales","twitter_misc":{"Escrito por":"Aconteceu no Vale","Est. tempo de leitura":"2 minutos"},"schema":{"@context":"https:\/\/schema.org","@graph":[{"@type":"Article","@id":"https:\/\/aconteceunovale.com.br\/portal\/?p=135228#article","isPartOf":{"@id":"https:\/\/aconteceunovale.com.br\/portal\/?p=135228"},"author":{"name":"Aconteceu no Vale","@id":"https:\/\/aconteceunovale.com.br\/portal\/#\/schema\/person\/633529146f2c94272bef50ac2953d589"},"headline":"Manifesta\u00e7\u00f5es racistas sobre Lei \u00c1urea se propagam ap\u00f3s inc\u00eandio em museu","datePublished":"2018-09-06T13:46:54+00:00","mainEntityOfPage":{"@id":"https:\/\/aconteceunovale.com.br\/portal\/?p=135228"},"wordCount":364,"commentCount":0,"image":{"@id":"https:\/\/aconteceunovale.com.br\/portal\/?p=135228#primaryimage"},"thumbnailUrl":"https:\/\/aconteceunovale.com.br\/portal\/wp-content\/uploads\/2018\/09\/lei_aurea.jpg","keywords":["Aboli\u00e7\u00e3o da Escravatura","Audio racista Lei \u00c1urea","\u00c1udio racista sobre Lei \u00c1urea se propaga ap\u00f3s inc\u00eandio no Museu Nacional","carta da princesa Isabel","inc\u00eandio no museu do Rio de Janeiro","Lei \u00c1urea","Lei \u00c1urea faz parte do acervo do Arquivo Nacional","Manifesta\u00e7\u00f5es racistas sobre Lei \u00c1urea se propagam ap\u00f3s inc\u00eandio em museu","Mensagem racista Lei \u00c1urea","Museu Nacional","Museu Nacional do Rio de Janeiro","Racismo carta da princesa Isabel","Racismo Lei \u00c1urea"],"articleSection":["Brasil"],"inLanguage":"pt-BR","potentialAction":[{"@type":"CommentAction","name":"Comment","target":["https:\/\/aconteceunovale.com.br\/portal\/?p=135228#respond"]}]},{"@type":"WebPage","@id":"https:\/\/aconteceunovale.com.br\/portal\/?p=135228","url":"https:\/\/aconteceunovale.com.br\/portal\/?p=135228","name":"Manifesta\u00e7\u00f5es racistas sobre Lei \u00c1urea se propagam ap\u00f3s inc\u00eandio em museu - Aconteceu no Vale","isPartOf":{"@id":"https:\/\/aconteceunovale.com.br\/portal\/#website"},"primaryImageOfPage":{"@id":"https:\/\/aconteceunovale.com.br\/portal\/?p=135228#primaryimage"},"image":{"@id":"https:\/\/aconteceunovale.com.br\/portal\/?p=135228#primaryimage"},"thumbnailUrl":"https:\/\/aconteceunovale.com.br\/portal\/wp-content\/uploads\/2018\/09\/lei_aurea.jpg","datePublished":"2018-09-06T13:46:54+00:00","author":{"@id":"https:\/\/aconteceunovale.com.br\/portal\/#\/schema\/person\/633529146f2c94272bef50ac2953d589"},"breadcrumb":{"@id":"https:\/\/aconteceunovale.com.br\/portal\/?p=135228#breadcrumb"},"inLanguage":"pt-BR","potentialAction":[{"@type":"ReadAction","target":["https:\/\/aconteceunovale.com.br\/portal\/?p=135228"]}]},{"@type":"ImageObject","inLanguage":"pt-BR","@id":"https:\/\/aconteceunovale.com.br\/portal\/?p=135228#primaryimage","url":"https:\/\/aconteceunovale.com.br\/portal\/wp-content\/uploads\/2018\/09\/lei_aurea.jpg","contentUrl":"https:\/\/aconteceunovale.com.br\/portal\/wp-content\/uploads\/2018\/09\/lei_aurea.jpg","width":674,"height":450},{"@type":"BreadcrumbList","@id":"https:\/\/aconteceunovale.com.br\/portal\/?p=135228#breadcrumb","itemListElement":[{"@type":"ListItem","position":1,"name":"In\u00edcio","item":"https:\/\/aconteceunovale.com.br\/portal\/"},{"@type":"ListItem","position":2,"name":"Manifesta\u00e7\u00f5es racistas sobre Lei \u00c1urea se propagam ap\u00f3s inc\u00eandio em museu"}]},{"@type":"WebSite","@id":"https:\/\/aconteceunovale.com.br\/portal\/#website","url":"https:\/\/aconteceunovale.com.br\/portal\/","name":"Aconteceu no Vale","description":"Portal de Not\u00edcias","potentialAction":[{"@type":"SearchAction","target":{"@type":"EntryPoint","urlTemplate":"https:\/\/aconteceunovale.com.br\/portal\/?s={search_term_string}"},"query-input":{"@type":"PropertyValueSpecification","valueRequired":true,"valueName":"search_term_string"}}],"inLanguage":"pt-BR"},{"@type":"Person","@id":"https:\/\/aconteceunovale.com.br\/portal\/#\/schema\/person\/633529146f2c94272bef50ac2953d589","name":"Aconteceu no Vale","description":"Equipe de reportagem do Aconteceu no Vale, portal de not\u00edcias do Vale do Jequitinhonha, em Minas Gerais. Cobrimos as 51 cidades do Vale desde 2013. Sugest\u00f5es de pauta e pedidos de corre\u00e7\u00e3o: contato@aconteceunovale.com.br","sameAs":["http:\/\/www.aconteceunovale.com.br"],"url":"https:\/\/aconteceunovale.com.br\/portal\/?author=1"}]}},"_links":{"self":[{"href":"https:\/\/aconteceunovale.com.br\/portal\/index.php?rest_route=\/wp\/v2\/posts\/135228","targetHints":{"allow":["GET"]}}],"collection":[{"href":"https:\/\/aconteceunovale.com.br\/portal\/index.php?rest_route=\/wp\/v2\/posts"}],"about":[{"href":"https:\/\/aconteceunovale.com.br\/portal\/index.php?rest_route=\/wp\/v2\/types\/post"}],"author":[{"embeddable":true,"href":"https:\/\/aconteceunovale.com.br\/portal\/index.php?rest_route=\/wp\/v2\/users\/1"}],"replies":[{"embeddable":true,"href":"https:\/\/aconteceunovale.com.br\/portal\/index.php?rest_route=%2Fwp%2Fv2%2Fcomments&post=135228"}],"version-history":[{"count":0,"href":"https:\/\/aconteceunovale.com.br\/portal\/index.php?rest_route=\/wp\/v2\/posts\/135228\/revisions"}],"wp:featuredmedia":[{"embeddable":true,"href":"https:\/\/aconteceunovale.com.br\/portal\/index.php?rest_route=\/wp\/v2\/media\/135229"}],"wp:attachment":[{"href":"https:\/\/aconteceunovale.com.br\/portal\/index.php?rest_route=%2Fwp%2Fv2%2Fmedia&parent=135228"}],"wp:term":[{"taxonomy":"category","embeddable":true,"href":"https:\/\/aconteceunovale.com.br\/portal\/index.php?rest_route=%2Fwp%2Fv2%2Fcategories&post=135228"},{"taxonomy":"post_tag","embeddable":true,"href":"https:\/\/aconteceunovale.com.br\/portal\/index.php?rest_route=%2Fwp%2Fv2%2Ftags&post=135228"}],"curies":[{"name":"wp","href":"https:\/\/api.w.org\/{rel}","templated":true}]}}