{"id":134876,"date":"2018-08-28T23:00:34","date_gmt":"2018-08-29T01:00:34","guid":{"rendered":"http:\/\/aconteceunovale.com.br\/portal\/?p=134876"},"modified":"2018-08-28T23:00:34","modified_gmt":"2018-08-29T01:00:34","slug":"onibus-envolvido-em-acidente-com-quatro-mortos-em-minas-nao-tinha-autorizacao-para-viajar","status":"publish","type":"post","link":"https:\/\/aconteceunovale.com.br\/portal\/?p=134876","title":{"rendered":"\u00d4nibus envolvido em acidente com quatro mortos em Minas n\u00e3o tinha autoriza\u00e7\u00e3o para viajar"},"content":{"rendered":"<p>O \u00f4nibus que se envolveu no acidente que deixou quatro mortos na madrugada dessa segunda-feira (27), no Alto Parana\u00edba, n\u00e3o tinha autoriza\u00e7\u00e3o para realizar a viagem. A informa\u00e7\u00e3o foi divulgada em nota da Ag\u00eancia Nacional de Transportes Terrestres (ANTT), nesta ter\u00e7a-feira (28).<\/p>\n<p>De acordo com a ag\u00eancia, a Pol\u00edcia Militar foi quem forneceu a informa\u00e7\u00e3o de que o Certificado de Registro e Licenciamento de Ve\u00edculo (CRLV) do \u00f4nibus est\u00e1 em nome de pessoa f\u00edsica e, assim, a placa n\u00e3o est\u00e1 cadastrada na ANTT, j\u00e1 que o registro s\u00f3 pode ser feito em nome de empresas.<\/p>\n<p>Na nota, a ag\u00eancia afirmou que os transportes clandestinos oferecem uma s\u00e9rie de riscos \u00e0 vida dos passageiros, j\u00e1 que, &#8220;em regra, s\u00e3o utilizados ve\u00edculos de p\u00e9ssima qualidade, sem condi\u00e7\u00f5es m\u00ednimas de seguran\u00e7a, al\u00e9m de, quase sempre, os \u00f4nibus estarem com excesso de lota\u00e7\u00e3o&#8221;.<\/p>\n<p>O \u00f4nibus, que carregava 44 passageiros, tombou em um barranco \u00e0s margens da BR-146, pr\u00f3ximo \u00e0 cidade de Cruzeiro de Fortaleza, no Alto Parana\u00edba. Quatro dos ocupantes do ve\u00edculo morreram no local e o restante das v\u00edtimas foi socorrido pelo Servi\u00e7o de Atendimento M\u00f3vel de Urg\u00eancia (Samu), de Patos de Minas. Entre os feridos, nove eram crian\u00e7as.<\/p>\n<p>Diante de ocorr\u00eancias como esta, a ANTT refor\u00e7a a import\u00e2ncia de se atentar para a proced\u00eancia dos transportes utilizados para se deslocar e a import\u00e2ncia do uso do cinto de seguran\u00e7a.<\/p>\n<p>Os passageiros que observarem qualquer irregularidade, ou que tiverem reclama\u00e7\u00f5es\/d\u00favidas\/sugest\u00f5es, podem entrar em contato com a Ouvidoria da ANTT pelos seguintes canais de atendimento:<\/p>\n<p>&#8211; Telefone 166;<br \/>\n&#8211; E-mail ouvidoria@antt.gov.br;<br \/>\n&#8211; Site da Ag\u00eancia (<a href=\"http:\/\/www.antt.gov.br\" target=\"_blank\">www.antt.gov.br<\/a>) na \u201caba\u201d Fale Conosco;<br \/>\n&#8211; Pessoalmente, nos pontos de atendimento da ANTT, nas principais rodovi\u00e1rias do pa\u00eds.<\/p>\n<p><img decoding=\"async\" src=\"http:\/\/aconteceunovale.com.br\/portal\/wp-content\/uploads\/2018\/08\/acidente_tm_1.jpeg\" alt=\"\" \/><em>\u00d4nibus caiu em ribanceira na BR-146 (Foto: Divulga\u00e7\u00e3o\/Corpo de Bombeiros)<\/em><br \/>\n<\/br><\/p>\n<p><strong>VER PRIMEIRO<\/strong><\/p>\n<p>Receba as not\u00edcias do Aconteceu no Vale em primeira m\u00e3o. Clique em curtir no endere\u00e7o <a href=\"https:\/\/www.facebook.com\/aconteceunovale\" target=\"_blank\"><font color=\"red\">www.facebook.com\/aconteceunovale<\/font><\/a> ou no box abaixo:<\/p>\n<div class=\"fb-like\" data-href=\"https:\/\/www.facebook.com\/aconteceunovale\" data-width=\"120\" data-layout=\"standard\" data-action=\"like\" data-size=\"small\" data-show-faces=\"true\" data-share=\"true\"><\/div>\n<p><\/br><\/p>\n<p><em>(Fonte: Hoje em Dia)<\/em><\/p>\n","protected":false},"excerpt":{"rendered":"<p>O \u00f4nibus que se envolveu no acidente que deixou quatro mortos na madrugada dessa segunda-feira (27), no Alto Parana\u00edba, n\u00e3o tinha autoriza\u00e7\u00e3o para realizar a viagem. A informa\u00e7\u00e3o foi divulgada em nota da Ag\u00eancia Nacional de Transportes Terrestres (ANTT), nesta ter\u00e7a-feira (28). De acordo com a ag\u00eancia, a Pol\u00edcia Militar foi quem forneceu a informa\u00e7\u00e3o [&hellip;]<\/p>\n","protected":false},"author":1,"featured_media":134802,"comment_status":"open","ping_status":"closed","sticky":false,"template":"","format":"standard","meta":{"amp_status":"","footnotes":""},"categories":[6,123],"tags":[178808,178815,178812,178816,178817,178814,159043,178809,128569,143834,1018,178813,178811,178810,178940,178807,50429],"class_list":["post-134876","post","type-post","status-publish","format-standard","has-post-thumbnail","hentry","category-br","category-gerais","tag-acidente-com-onibus-de-porteiras","tag-acidente-com-onibus-entre-cruzeiro-da-fortaleza-e-serra-do-salitre","tag-acidente-com-onibus-na-br-146","tag-acidente-com-onibus-que-seguia-de-sao-paulo-para-o-ceara","tag-acidente-com-onibus-que-seguia-para-o-ceara","tag-acidente-entre-cruzeiro-da-fortaleza-e-serra-do-salitre","tag-acidente-na-br-146","tag-acidente-porteiras","tag-br-146","tag-cruzeiro-da-fortaleza","tag-destaque","tag-entre-cruzeiro-da-fortaleza-e-serra-do-salitre","tag-onibus-cai-em-ribanceira-em-minas-gerais-e-deixa-quatro-mortos","tag-onibus-de-porteiras","tag-onibus-envolvido-em-acidente-com-quatro-mortos-em-minas-nao-tinha-autorizacao-para-viajar","tag-porteiras","tag-serra-do-salitre"],"_links":{"self":[{"href":"https:\/\/aconteceunovale.com.br\/portal\/index.php?rest_route=\/wp\/v2\/posts\/134876","targetHints":{"allow":["GET"]}}],"collection":[{"href":"https:\/\/aconteceunovale.com.br\/portal\/index.php?rest_route=\/wp\/v2\/posts"}],"about":[{"href":"https:\/\/aconteceunovale.com.br\/portal\/index.php?rest_route=\/wp\/v2\/types\/post"}],"author":[{"embeddable":true,"href":"https:\/\/aconteceunovale.com.br\/portal\/index.php?rest_route=\/wp\/v2\/users\/1"}],"replies":[{"embeddable":true,"href":"https:\/\/aconteceunovale.com.br\/portal\/index.php?rest_route=%2Fwp%2Fv2%2Fcomments&post=134876"}],"version-history":[{"count":0,"href":"https:\/\/aconteceunovale.com.br\/portal\/index.php?rest_route=\/wp\/v2\/posts\/134876\/revisions"}],"wp:featuredmedia":[{"embeddable":true,"href":"https:\/\/aconteceunovale.com.br\/portal\/index.php?rest_route=\/wp\/v2\/media\/134802"}],"wp:attachment":[{"href":"https:\/\/aconteceunovale.com.br\/portal\/index.php?rest_route=%2Fwp%2Fv2%2Fmedia&parent=134876"}],"wp:term":[{"taxonomy":"category","embeddable":true,"href":"https:\/\/aconteceunovale.com.br\/portal\/index.php?rest_route=%2Fwp%2Fv2%2Fcategories&post=134876"},{"taxonomy":"post_tag","embeddable":true,"href":"https:\/\/aconteceunovale.com.br\/portal\/index.php?rest_route=%2Fwp%2Fv2%2Ftags&post=134876"}],"curies":[{"name":"wp","href":"https:\/\/api.w.org\/{rel}","templated":true}]}}