{"id":134874,"date":"2018-08-28T22:49:47","date_gmt":"2018-08-29T00:49:47","guid":{"rendered":"http:\/\/aconteceunovale.com.br\/portal\/?p=134874"},"modified":"2018-08-28T22:49:47","modified_gmt":"2018-08-29T00:49:47","slug":"bebe-morre-de-fome-no-vale-do-aco","status":"publish","type":"post","link":"https:\/\/aconteceunovale.com.br\/portal\/?p=134874","title":{"rendered":"Beb\u00ea morre de fome no Vale do A\u00e7o"},"content":{"rendered":"<p>Um beb\u00ea rec\u00e9m-nascido morreu de fome, no \u00faltimo s\u00e1bado, ap\u00f3s ficar 16 horas sem amamentar no Bairro Planalto, em Ipatinga, no Vale do A\u00e7o. A m\u00e3e da menina seria viciada em drogas e faria uso controlado de rem\u00e9dios.<\/p>\n<p>De acordo com o boletim de ocorr\u00eancia da Pol\u00edcia Militar, K.L.S.R, de 19 anos, fez uso de clonazepam por volta das 22h do dia anterior e s\u00f3 acordou \u00e0s 14h do s\u00e1bado.<\/p>\n<p>O pai da rec\u00e9m-nascida, que sofre de derrame cerebral, teria percebido que a menina passava mal e \u00e0s 15h levou-a ao Hospital Municipal Eliane Martins. L\u00e1, por apresentar estado grave, ela foi transferida para o Hospital M\u00e1rcio Cunha.<\/p>\n<p>Pelos maus-tratos, a m\u00e3e da rec\u00e9m-nascida foi levada para a 1\u00aa Delegacia Regional de Ipatinga e acabou sendo presa. Durante este tempo, o beb\u00ea n\u00e3o resistiu e morreu.<\/p>\n<p><strong>VER PRIMEIRO<\/strong><\/p>\n<p>Receba as not\u00edcias do Aconteceu no Vale em primeira m\u00e3o. Clique em curtir no endere\u00e7o <a href=\"https:\/\/www.facebook.com\/aconteceunovale\" target=\"_blank\"><font color=\"red\">www.facebook.com\/aconteceunovale<\/font><\/a> ou no box abaixo:<\/p>\n<div class=\"fb-like\" data-href=\"https:\/\/www.facebook.com\/aconteceunovale\" data-width=\"120\" data-layout=\"standard\" data-action=\"like\" data-size=\"small\" data-show-faces=\"true\" data-share=\"true\"><\/div>\n<p><\/br><\/p>\n<p><em>(Fonte: Estado de Minas)<\/em><\/p>\n","protected":false},"excerpt":{"rendered":"<p>Um beb\u00ea rec\u00e9m-nascido morreu de fome, no \u00faltimo s\u00e1bado, ap\u00f3s ficar 16 horas sem amamentar no Bairro Planalto, em Ipatinga, no Vale do A\u00e7o. A m\u00e3e da menina seria viciada em drogas e faria uso controlado de rem\u00e9dios. De acordo com o boletim de ocorr\u00eancia da Pol\u00edcia Militar, K.L.S.R, de 19 anos, fez uso de [&hellip;]<\/p>\n","protected":false},"author":1,"featured_media":71442,"comment_status":"open","ping_status":"closed","sticky":false,"template":"","format":"standard","meta":{"amp_status":"","footnotes":""},"categories":[121],"tags":[178939,178938,178936,201,178937,178935,178934],"class_list":["post-134874","post","type-post","status-publish","format-standard","has-post-thumbnail","hentry","category-leste","tag-bebe-morre-de-fome-em-ipatinga","tag-bebe-morre-de-fome-no-vale-do-aco","tag-bebe-morrem-de-fome-em-ipatinga","tag-ipatinga","tag-morre-de-fome-em-ipatinga","tag-recem-nascido-morre-de-fome-em-ipatinga","tag-recem-nascido-morre-de-fome-no-vale-do-aco"],"_links":{"self":[{"href":"https:\/\/aconteceunovale.com.br\/portal\/index.php?rest_route=\/wp\/v2\/posts\/134874","targetHints":{"allow":["GET"]}}],"collection":[{"href":"https:\/\/aconteceunovale.com.br\/portal\/index.php?rest_route=\/wp\/v2\/posts"}],"about":[{"href":"https:\/\/aconteceunovale.com.br\/portal\/index.php?rest_route=\/wp\/v2\/types\/post"}],"author":[{"embeddable":true,"href":"https:\/\/aconteceunovale.com.br\/portal\/index.php?rest_route=\/wp\/v2\/users\/1"}],"replies":[{"embeddable":true,"href":"https:\/\/aconteceunovale.com.br\/portal\/index.php?rest_route=%2Fwp%2Fv2%2Fcomments&post=134874"}],"version-history":[{"count":0,"href":"https:\/\/aconteceunovale.com.br\/portal\/index.php?rest_route=\/wp\/v2\/posts\/134874\/revisions"}],"wp:featuredmedia":[{"embeddable":true,"href":"https:\/\/aconteceunovale.com.br\/portal\/index.php?rest_route=\/wp\/v2\/media\/71442"}],"wp:attachment":[{"href":"https:\/\/aconteceunovale.com.br\/portal\/index.php?rest_route=%2Fwp%2Fv2%2Fmedia&parent=134874"}],"wp:term":[{"taxonomy":"category","embeddable":true,"href":"https:\/\/aconteceunovale.com.br\/portal\/index.php?rest_route=%2Fwp%2Fv2%2Fcategories&post=134874"},{"taxonomy":"post_tag","embeddable":true,"href":"https:\/\/aconteceunovale.com.br\/portal\/index.php?rest_route=%2Fwp%2Fv2%2Ftags&post=134874"}],"curies":[{"name":"wp","href":"https:\/\/api.w.org\/{rel}","templated":true}]}}