{"id":134855,"date":"2018-08-28T13:20:35","date_gmt":"2018-08-28T15:20:35","guid":{"rendered":"http:\/\/aconteceunovale.com.br\/portal\/?p=134855"},"modified":"2018-08-28T13:20:35","modified_gmt":"2018-08-28T15:20:35","slug":"carreta-e-destruida-por-incendio-na-br-365-no-norte-de-minas","status":"publish","type":"post","link":"https:\/\/aconteceunovale.com.br\/portal\/?p=134855","title":{"rendered":"Carreta \u00e9 destru\u00edda por inc\u00eandio na BR-365, no Norte de Minas"},"content":{"rendered":"<p>Uma carreta que transportava ferragens pegou fogo na BR-365, pr\u00f3ximo a Barra do Guaicu\u00ed, munic\u00edpio de V\u00e1rzea da Palma (MG), nessa segunda-feira (27\/08\/2018). De acordo com a Pol\u00edcia Rodovi\u00e1ria Federal (PRF), o ve\u00edculo seguia sentido Montes Claros\/Pirapora quando o condutor percebeu um princ\u00edpio de inc\u00eandio nos freios, pr\u00f3ximo ao KM 136, e estacionou \u00e0s margens da rodovia.<\/p>\n<p>A PRF informou ainda que as chamas atingiram a carroceria da carreta. Segundo o Corpo de Bombeiros de Pirapora, o fogo provocou a explos\u00e3o dos dois tanques de combust\u00edveis do ve\u00edculo. Para conter as chamas, os militares usaram jatos de espumas e cerca de 10 mil litros de \u00e1gua.<\/p>\n<p>A pista ficou interditada durante o trabalho dos bombeiros, mas j\u00e1 foi liberada. O condutor de 71 anos n\u00e3o ficou ferido.<\/p>\n<p><img decoding=\"async\" src=\"http:\/\/aconteceunovale.com.br\/portal\/wp-content\/uploads\/2018\/08\/incendio_carreta_365.jpg\" alt=\"\" \/><em>Carreta ficou destru\u00edda com as chamas (Foto: Corpo de Bombeiros\/Divulga\u00e7\u00e3o)<\/em><br \/>\n<\/br><\/p>\n<p><strong>VER PRIMEIRO<\/strong><\/p>\n<p>Receba as not\u00edcias do Aconteceu no Vale em primeira m\u00e3o. Clique em curtir no endere\u00e7o <a href=\"https:\/\/www.facebook.com\/aconteceunovale\" target=\"_blank\"><font color=\"red\">www.facebook.com\/aconteceunovale<\/font><\/a> ou no box abaixo:<\/p>\n<div class=\"fb-like\" data-href=\"https:\/\/www.facebook.com\/aconteceunovale\" data-width=\"120\" data-layout=\"standard\" data-action=\"like\" data-size=\"small\" data-show-faces=\"true\" data-share=\"true\"><\/div>\n<p><\/br><\/p>\n<p><em>(Fonte: G1 Grande Minas)<\/em><\/p>\n","protected":false},"excerpt":{"rendered":"<p>Uma carreta que transportava ferragens pegou fogo na BR-365, pr\u00f3ximo a Barra do Guaicu\u00ed, munic\u00edpio de V\u00e1rzea da Palma (MG), nessa segunda-feira (27\/08\/2018). De acordo com a Pol\u00edcia Rodovi\u00e1ria Federal (PRF), o ve\u00edculo seguia sentido Montes Claros\/Pirapora quando o condutor percebeu um princ\u00edpio de inc\u00eandio nos freios, pr\u00f3ximo ao KM 136, e estacionou \u00e0s margens [&hellip;]<\/p>\n","protected":false},"author":1,"featured_media":134856,"comment_status":"open","ping_status":"closed","sticky":false,"template":"","format":"standard","meta":{"amp_status":"","footnotes":""},"categories":[1236],"tags":[86636,2981,178893,168921,178891,178892,33228,1340],"class_list":["post-134855","post","type-post","status-publish","format-standard","has-post-thumbnail","hentry","category-norte_de_minas","tag-barra-do-guaicui","tag-br-365","tag-carreta-e-destruida-por-incendio-na-br-365","tag-carreta-pega-fogo-na-br-365","tag-carreta-que-transportava-ferragens-pegou-fogo-na-br-365","tag-incendio-em-carreta-na-br-365","tag-no-norte-de-minas","tag-varzea-da-palma"],"_links":{"self":[{"href":"https:\/\/aconteceunovale.com.br\/portal\/index.php?rest_route=\/wp\/v2\/posts\/134855","targetHints":{"allow":["GET"]}}],"collection":[{"href":"https:\/\/aconteceunovale.com.br\/portal\/index.php?rest_route=\/wp\/v2\/posts"}],"about":[{"href":"https:\/\/aconteceunovale.com.br\/portal\/index.php?rest_route=\/wp\/v2\/types\/post"}],"author":[{"embeddable":true,"href":"https:\/\/aconteceunovale.com.br\/portal\/index.php?rest_route=\/wp\/v2\/users\/1"}],"replies":[{"embeddable":true,"href":"https:\/\/aconteceunovale.com.br\/portal\/index.php?rest_route=%2Fwp%2Fv2%2Fcomments&post=134855"}],"version-history":[{"count":0,"href":"https:\/\/aconteceunovale.com.br\/portal\/index.php?rest_route=\/wp\/v2\/posts\/134855\/revisions"}],"wp:featuredmedia":[{"embeddable":true,"href":"https:\/\/aconteceunovale.com.br\/portal\/index.php?rest_route=\/wp\/v2\/media\/134856"}],"wp:attachment":[{"href":"https:\/\/aconteceunovale.com.br\/portal\/index.php?rest_route=%2Fwp%2Fv2%2Fmedia&parent=134855"}],"wp:term":[{"taxonomy":"category","embeddable":true,"href":"https:\/\/aconteceunovale.com.br\/portal\/index.php?rest_route=%2Fwp%2Fv2%2Fcategories&post=134855"},{"taxonomy":"post_tag","embeddable":true,"href":"https:\/\/aconteceunovale.com.br\/portal\/index.php?rest_route=%2Fwp%2Fv2%2Ftags&post=134855"}],"curies":[{"name":"wp","href":"https:\/\/api.w.org\/{rel}","templated":true}]}}