{"id":134853,"date":"2018-08-28T13:08:36","date_gmt":"2018-08-28T15:08:36","guid":{"rendered":"http:\/\/aconteceunovale.com.br\/portal\/?p=134853"},"modified":"2018-08-28T13:08:36","modified_gmt":"2018-08-28T15:08:36","slug":"ministro-edson-fachin-libera-para-julgamento-recurso-de-lula-contra-prisao","status":"publish","type":"post","link":"https:\/\/aconteceunovale.com.br\/portal\/?p=134853","title":{"rendered":"Ministro Edson Fachin libera para julgamento recurso de Lula contra pris\u00e3o"},"content":{"rendered":"<p>O ministro Edson Fachin, do Supremo Tribunal Federal (STF), liberou ontem (27\/08\/2018) para julgamento um recurso do ex-presidente Luiz In\u00e1cio Lula da Silva contra a decis\u00e3o do plen\u00e1rio da Corte que negou um habeas corpus antes de ele ser preso, em abril.<\/p>\n<p>O recurso, do tipo embargos de declara\u00e7\u00e3o, foi pautado, no entanto, para ser julgado em ambiente virtual, quando os ministros do STF podem decidir remotamente sobre uma quest\u00e3o que trate de temas com jurisprud\u00eancia j\u00e1 consolidada. O julgamento est\u00e1 marcado para ocorrer entre os dias 7 e 13 de setembro.<\/p>\n<p>\u00c9 poss\u00edvel que a an\u00e1lise seja realizada no plen\u00e1rio, presencialmente, caso algum dos 11 ministros do STF fa\u00e7a um pedido de destaque, provocando discuss\u00e3o mais aprofundada. Nesse caso, seria preciso que a presidente do STF, respons\u00e1vel pela pauta, agende o julgamento.<\/p>\n<p>Na apela\u00e7\u00e3o, apresentada ainda em abril, a defesa de Lula volta a questionar se a pris\u00e3o ap\u00f3s condena\u00e7\u00e3o na segunda inst\u00e2ncia deveria ter sido autom\u00e1tica, uma vez que, segundo os advogados, a ordem de encarceramento contra o ex-presidente n\u00e3o teria sido adequadamente fundamentada.<\/p>\n<p>Lula foi preso em 7 de abril, tr\u00eas dias depois de o plen\u00e1rio do STF ter negado, por 6 votos a 5, um habeas corpus para impedir sua pris\u00e3o. Desde ent\u00e3o, ele se encontra na Superintend\u00eancia da Pol\u00edcia Federal em Curitiba.<\/p>\n<p><strong>VER PRIMEIRO<\/strong><\/p>\n<p>Receba as not\u00edcias do Aconteceu no Vale em primeira m\u00e3o. Clique em curtir no endere\u00e7o <a href=\"https:\/\/www.facebook.com\/aconteceunovale\" target=\"_blank\"><font color=\"red\">www.facebook.com\/aconteceunovale<\/font><\/a> ou no box abaixo:<\/p>\n<div class=\"fb-like\" data-href=\"https:\/\/www.facebook.com\/aconteceunovale\" data-width=\"120\" data-layout=\"standard\" data-action=\"like\" data-size=\"small\" data-show-faces=\"true\" data-share=\"true\"><\/div>\n<p><\/br><\/p>\n<p><em>(Fonte: Ag\u00eancia Brasil)<\/em><\/p>\n","protected":false},"excerpt":{"rendered":"<p>O ministro Edson Fachin, do Supremo Tribunal Federal (STF), liberou ontem (27\/08\/2018) para julgamento um recurso do ex-presidente Luiz In\u00e1cio Lula da Silva contra a decis\u00e3o do plen\u00e1rio da Corte que negou um habeas corpus antes de ele ser preso, em abril. O recurso, do tipo embargos de declara\u00e7\u00e3o, foi pautado, no entanto, para ser [&hellip;]<\/p>\n","protected":false},"author":1,"featured_media":108179,"comment_status":"open","ping_status":"closed","sticky":false,"template":"","format":"standard","meta":{"amp_status":"","footnotes":""},"categories":[6,40240],"tags":[14124,7147,178889,19707,103373,178890,28511],"class_list":["post-134853","post","type-post","status-publish","format-standard","has-post-thumbnail","hentry","category-br","category-politica-2","tag-luiz-inacio-lula-da-silva","tag-lula","tag-ministro-edson-fachin-libera-para-julgamento-recurso-de-lula-contra-prisao","tag-prisao","tag-recurso","tag-recurso-de-lula-contra-prisao","tag-stf"],"_links":{"self":[{"href":"https:\/\/aconteceunovale.com.br\/portal\/index.php?rest_route=\/wp\/v2\/posts\/134853","targetHints":{"allow":["GET"]}}],"collection":[{"href":"https:\/\/aconteceunovale.com.br\/portal\/index.php?rest_route=\/wp\/v2\/posts"}],"about":[{"href":"https:\/\/aconteceunovale.com.br\/portal\/index.php?rest_route=\/wp\/v2\/types\/post"}],"author":[{"embeddable":true,"href":"https:\/\/aconteceunovale.com.br\/portal\/index.php?rest_route=\/wp\/v2\/users\/1"}],"replies":[{"embeddable":true,"href":"https:\/\/aconteceunovale.com.br\/portal\/index.php?rest_route=%2Fwp%2Fv2%2Fcomments&post=134853"}],"version-history":[{"count":0,"href":"https:\/\/aconteceunovale.com.br\/portal\/index.php?rest_route=\/wp\/v2\/posts\/134853\/revisions"}],"wp:featuredmedia":[{"embeddable":true,"href":"https:\/\/aconteceunovale.com.br\/portal\/index.php?rest_route=\/wp\/v2\/media\/108179"}],"wp:attachment":[{"href":"https:\/\/aconteceunovale.com.br\/portal\/index.php?rest_route=%2Fwp%2Fv2%2Fmedia&parent=134853"}],"wp:term":[{"taxonomy":"category","embeddable":true,"href":"https:\/\/aconteceunovale.com.br\/portal\/index.php?rest_route=%2Fwp%2Fv2%2Fcategories&post=134853"},{"taxonomy":"post_tag","embeddable":true,"href":"https:\/\/aconteceunovale.com.br\/portal\/index.php?rest_route=%2Fwp%2Fv2%2Ftags&post=134853"}],"curies":[{"name":"wp","href":"https:\/\/api.w.org\/{rel}","templated":true}]}}