{"id":134848,"date":"2018-08-28T10:09:35","date_gmt":"2018-08-28T12:09:35","guid":{"rendered":"http:\/\/aconteceunovale.com.br\/portal\/?p=134848"},"modified":"2018-08-28T10:09:35","modified_gmt":"2018-08-28T12:09:35","slug":"mostra-cinebh-destaca-producao-latina-e-tera-filme-com-14-horas","status":"publish","type":"post","link":"https:\/\/aconteceunovale.com.br\/portal\/?p=134848","title":{"rendered":"Mostra CineBH destaca produ\u00e7\u00e3o latina e ter\u00e1 filme com 14 horas"},"content":{"rendered":"<p>Um filme com quase 14 horas de dura\u00e7\u00e3o chama a aten\u00e7\u00e3o na programa\u00e7\u00e3o da 12\u00aa Mostra Internacional de Cinema de Belo Horizonte (CineBH), que ter\u00e1 in\u00edcio na noite de hoje (28) e vai at\u00e9 o pr\u00f3ximo domingo (2).<\/p>\n<p>La Flor mostra a hist\u00f3ria de quatro atrizes interpretando v\u00e1rios personagens em diferentes hist\u00f3rias e g\u00eaneros. Sua exibi\u00e7\u00e3o ser\u00e1 dividida em tr\u00eas sess\u00f5es distribu\u00eddas ao longo do evento.<\/p>\n<p>A obra, realizada ao longo de nove anos, j\u00e1 acumula premia\u00e7\u00f5es internacionais e \u00e9 dirigida pelo argentino Mariano Llin\u00e1s.<\/p>\n<p>O cineasta \u00e9 integrante da produtora independente El Pampero Cine, fundada em 2002 e vem se consolidando no continente por sua iniciativa de propor novos modelos de realiza\u00e7\u00e3o.<\/p>\n<p>Ela ser\u00e1 a principal homenageada desta edi\u00e7\u00e3o da Mostra Cine BH, cuja tem\u00e1tica central \u00e9 &#8220;Pontes Latino-Americanas&#8221;.<\/p>\n<p>&#8220;Se pegarmos a maioria dos festivais internacionais de cinema do Brasil perceberemos que s\u00e3o quase automaticamente vitrines do que passou nos principais festivais europeus. E isso em alguma medida acaba criando um discurso sobre o que \u00e9 o cinema contempor\u00e2neo. Mas, ao olharmos para a Am\u00e9rica Latina, vemos experi\u00eancias pr\u00f3ximas. Em parte, decorrente de uma mesma materialidade concreta e econ\u00f4mica, que gera problemas de distribui\u00e7\u00e3o e de produ\u00e7\u00e3o. E, em alguns momentos, esta realidade fez com que os cinemas desses pa\u00edses se encontrassem e trocassem ideias de maneira mais frontal, a exemplo dos cinemas novos dos anos 1960&#8221;, disse Francis Vogner, um dos tr\u00eas curadores da Mostra CineBH.<\/p>\n<p><strong>Distanciamento com o tempo<\/strong><\/p>\n<p>Segundo ele, o objetivo desta edi\u00e7\u00e3o \u00e9 tentar reaproximar as cinematografias dos pa\u00edses latino-americanos.<\/p>\n<p>&#8220;Tivemos um distanciamento com o tempo, porque tamb\u00e9m os pa\u00edses s\u00e3o diferentes entre si e t\u00eam suas peculiaridades. Conhecemos hoje muito pouco da cinematografia argentina, por exemplo. De outros pa\u00edses, menos ainda. E eles tamb\u00e9m conhecem pouco do cinema brasileiro. Ent\u00e3o, recriar pontes latino-americanas n\u00e3o \u00e9 simplesmente fazer uma reprise como podem pensar alguns. \u00c9 tentar pensarmos juntos similaridades e disfun\u00e7\u00f5es&#8221;, acrescenta.<\/p>\n<p>A mostra \u00e9 uma iniciativa da Universo Produ\u00e7\u00f5es, que tamb\u00e9m organiza as tradicionais mostras de cinema deTiradentes e de Ouro Preto.<\/p>\n<p>Sua primeira edi\u00e7\u00e3o ocorreu em 2007. A promo\u00e7\u00e3o foi crescendo ano a ano e ganhando espa\u00e7o no cen\u00e1rio cinematogr\u00e1fico nacional. Uma das preocupa\u00e7\u00f5es dos organizadores \u00e9 levantar debates sobre quest\u00f5es atuais envolvendo o cen\u00e1rio cinematogr\u00e1fico no Brasil e no mundo.<\/p>\n<p>No ano passado, por exemplo, eles optaram por desenvolver a tem\u00e1tica &#8220;cinema de urg\u00eancia&#8221; e discutiram a produ\u00e7\u00e3o de filmes em contextos de crise social e pol\u00edtica.<\/p>\n<p><strong>Sele\u00e7\u00e3o mescla produ\u00e7\u00f5es contempor\u00e2neas<\/strong><\/p>\n<p>Para abordar a tem\u00e1tica da edi\u00e7\u00e3o deste ano, houve uma sele\u00e7\u00e3o que mescla produ\u00e7\u00f5es contempor\u00e2neas com filmes das d\u00e9cadas de 1960 e 1970.<\/p>\n<p>H\u00e1 obras do Brasil, Argentina, Chile, M\u00e9xico, Rep\u00fablica Dominicana, Col\u00f4mbia, Bol\u00edvia, Uruguai e Cuba. Al\u00e9m de La Flor, outro filme da El Pampero Cine ser\u00e1 exibido no evento: La Mujer de los Perros, dirigido por Laura Citarella e lan\u00e7ado em 2015.<\/p>\n<p>Francis Vogner considera que a decis\u00e3o de homenagear a produtora argentina estimular\u00e1 o debate sobre os modos de produ\u00e7\u00e3o.<\/p>\n<p>&#8220;A El Pampero Cine vai na contram\u00e3o da produ\u00e7\u00e3o mais industrializada. Os cineastas n\u00e3o produzem com verba de editais p\u00fablicos, trabalham com pouco dinheiro e com fontes de recursos que n\u00e3o s\u00e3o as mais tradicionais. E dessa forma empreendem outros modos de produ\u00e7\u00e3o e de circula\u00e7\u00e3o&#8221;, explica Vogner. De acordo com ele, mesmo aqueles que s\u00f3 puderem assistir uma das tr\u00eas sess\u00f5es do filme La Flor conseguir\u00e3o extrair sentido da obra.<\/p>\n<p>O curador avalia, por\u00e9m, que a produtora argentina n\u00e3o \u00e9 necessariamente um modelo a ser seguido, mas \u00e9 uma experi\u00eancia que fomenta a reflex\u00e3o.<\/p>\n<p>&#8220;Permite que toquemos num ponto que alcan\u00e7a o cinema latino-americano em geral. De que maneira vamos fazer filmes e garantir que eles circulem? De que maneira vamos trazer uma inova\u00e7\u00e3o cinematogr\u00e1fica? Muitas vezes estamos condicionados aos mesmos modos de produ\u00e7\u00e3o e consequentemente aos mesmos modos de cria\u00e7\u00e3o, o que leva ao lan\u00e7amento de muitos filmes que se parecem. \u00c0s vezes n\u00e3o h\u00e1 tanta liberdade criativa&#8221;, opina.<\/p>\n<p><strong>Programa\u00e7\u00e3o gratuita<\/strong><\/p>\n<p>Na Mostra CineBH, h\u00e1 atividades para todas as faixas et\u00e1rias, todas elas abertas ao p\u00fablico e gratuitas. Apesar do enfoque desta edi\u00e7\u00e3o no cinema latino-americano, a programa\u00e7\u00e3o tamb\u00e9m inclui t\u00edtulos da Europa e dos Estados Unidos.<\/p>\n<p>Ao todo, ser\u00e3o exibidos 75 filmes de 13 estados brasileiros e de mais 13 pa\u00edses, incluindo algumas obras em pr\u00e9-estreia. S\u00e3o 27 longas-metragens, tr\u00eas m\u00e9dias-metragens e 45 curtas.<\/p>\n<p>As sess\u00f5es cinematogr\u00e1ficas est\u00e3o sujeitas \u00e0 lota\u00e7\u00e3o dos espa\u00e7os e, por essa raz\u00e3o, senhas ser\u00e3o distribu\u00eddas com 30 minutos de anteced\u00eancia. A programa\u00e7\u00e3o completa inclui ainda exposi\u00e7\u00f5es, semin\u00e1rios, oficinas, apresenta\u00e7\u00f5es art\u00edsticas e shows.<\/p>\n<p>As atividades s\u00e3o distribu\u00eddas em seis espa\u00e7os distintos de Belo Horizonte, entre eles, o Teatro Sesiminas, Sesc Palladium, Cine Theatro Brasil Vallourec, Cine Santa Tereza e a Pra\u00e7a Duque de Caxias, no bairro de Santa Tereza, onde foi instalado um cinema ao ar livre.<\/p>\n<p>Outra preocupa\u00e7\u00e3o \u00e9 contribuir para o desenvolvimento do mercado audiovidual brasileiro, possibilitando o interc\u00e2mbio de profissionais e dando visibilidade a novos autores, atores e outros talentos.<\/p>\n<p>Neste sentido, paralelo ao evento, ocorre desde 2009 o Brasil Cinemundi, um encontro internacional de coprodu\u00e7\u00e3o que re\u00fane representantes da ind\u00fastria mundial com interesse em coproduzir com o Brasil e conhecer pessoalmente projetos que muitas vezes n\u00e3o chegam at\u00e9 eles. Neste ano, a programa\u00e7\u00e3o prev\u00ea a participa\u00e7\u00e3o de 23 convidados estrangeiros, de 12 pa\u00edses.<\/p>\n<p><strong>VER PRIMEIRO<\/strong><\/p>\n<p>Receba as not\u00edcias do Aconteceu no Vale em primeira m\u00e3o. Clique em curtir no endere\u00e7o <a href=\"https:\/\/www.facebook.com\/aconteceunovale\" target=\"_blank\"><font color=\"red\">www.facebook.com\/aconteceunovale<\/font><\/a> ou no box abaixo:<\/p>\n<div class=\"fb-like\" data-href=\"https:\/\/www.facebook.com\/aconteceunovale\" data-width=\"120\" data-layout=\"standard\" data-action=\"like\" data-size=\"small\" data-show-faces=\"true\" data-share=\"true\"><\/div>\n<p><\/br><\/p>\n<p><em>(Fonte: Ag\u00eancia Brasil)<\/em><\/p>\n","protected":false},"excerpt":{"rendered":"<p>Um filme com quase 14 horas de dura\u00e7\u00e3o chama a aten\u00e7\u00e3o na programa\u00e7\u00e3o da 12\u00aa Mostra Internacional de Cinema de Belo Horizonte (CineBH), que ter\u00e1 in\u00edcio na noite de hoje (28) e vai at\u00e9 o pr\u00f3ximo domingo (2). La Flor mostra a hist\u00f3ria de quatro atrizes interpretando v\u00e1rios personagens em diferentes hist\u00f3rias e g\u00eaneros. Sua [&hellip;]<\/p>\n","protected":false},"author":1,"featured_media":134849,"comment_status":"open","ping_status":"closed","sticky":false,"template":"","format":"standard","meta":{"amp_status":"","footnotes":""},"categories":[125,123],"tags":[178878,194,178882,63890,157996,73171,178880,178879,178884,178883,178877,178876,157992,83980,178881,157997],"class_list":["post-134848","post","type-post","status-publish","format-standard","has-post-thumbnail","hentry","category-noticias","category-gerais","tag-12a-mostra-internacional-de-cinema-de-belo-horizonte","tag-belo-horizonte","tag-cine-santa-tereza","tag-cine-theatro-brasil-vallourec","tag-cinebh","tag-cinema","tag-el-pampero-cine","tag-la-flor","tag-la-flor-mariano-llinas","tag-mariano-llinas","tag-mostra-cinebh","tag-mostra-cinebh-destaca-producao-latina-e-tera-filme-com-14-horas","tag-mostra-internacional-de-cinema-de-belo-horizonte","tag-sesc-palladium","tag-teatro-sesiminas","tag-universo-producoes"],"_links":{"self":[{"href":"https:\/\/aconteceunovale.com.br\/portal\/index.php?rest_route=\/wp\/v2\/posts\/134848","targetHints":{"allow":["GET"]}}],"collection":[{"href":"https:\/\/aconteceunovale.com.br\/portal\/index.php?rest_route=\/wp\/v2\/posts"}],"about":[{"href":"https:\/\/aconteceunovale.com.br\/portal\/index.php?rest_route=\/wp\/v2\/types\/post"}],"author":[{"embeddable":true,"href":"https:\/\/aconteceunovale.com.br\/portal\/index.php?rest_route=\/wp\/v2\/users\/1"}],"replies":[{"embeddable":true,"href":"https:\/\/aconteceunovale.com.br\/portal\/index.php?rest_route=%2Fwp%2Fv2%2Fcomments&post=134848"}],"version-history":[{"count":0,"href":"https:\/\/aconteceunovale.com.br\/portal\/index.php?rest_route=\/wp\/v2\/posts\/134848\/revisions"}],"wp:featuredmedia":[{"embeddable":true,"href":"https:\/\/aconteceunovale.com.br\/portal\/index.php?rest_route=\/wp\/v2\/media\/134849"}],"wp:attachment":[{"href":"https:\/\/aconteceunovale.com.br\/portal\/index.php?rest_route=%2Fwp%2Fv2%2Fmedia&parent=134848"}],"wp:term":[{"taxonomy":"category","embeddable":true,"href":"https:\/\/aconteceunovale.com.br\/portal\/index.php?rest_route=%2Fwp%2Fv2%2Fcategories&post=134848"},{"taxonomy":"post_tag","embeddable":true,"href":"https:\/\/aconteceunovale.com.br\/portal\/index.php?rest_route=%2Fwp%2Fv2%2Ftags&post=134848"}],"curies":[{"name":"wp","href":"https:\/\/api.w.org\/{rel}","templated":true}]}}