{"id":13479,"date":"2013-11-22T11:42:09","date_gmt":"2013-11-22T13:42:09","guid":{"rendered":"http:\/\/aconteceunovale.com.br\/portal\/?p=13479"},"modified":"2013-11-22T11:42:09","modified_gmt":"2013-11-22T13:42:09","slug":"capelinha-enfeites-natalinos-sao-preparados-para-decoracao-da-praca-do-povo","status":"publish","type":"post","link":"https:\/\/aconteceunovale.com.br\/portal\/?p=13479","title":{"rendered":"CAPELINHA: Enfeites natalinos s\u00e3o preparados para  decora\u00e7\u00e3o da Pra\u00e7a do Povo"},"content":{"rendered":"<p>Uma equipe coordenada por Jerri Viana est\u00e1 trabalhando diariamente para a prepara\u00e7\u00e3o dos enfeites natalinos que v\u00e3o decorar a Pra\u00e7a do Povo, no centro de Capelinha. Os enfeites s\u00e3o produzidos com a utiliza\u00e7\u00e3o de materiais recicl\u00e1veis e v\u00eam se tornando uma atra\u00e7\u00e3o especial no per\u00edodo natalino. Parab\u00e9ns ao Jerri Viana e a todos que est\u00e3o dedicando seu tempo e seu talento para tornar o Natal em Capelinha mais bonito e criativo.<\/p>\n<p><img loading=\"lazy\" decoding=\"async\" alt=\"\" src=\"http:\/\/aconteceunovale.com.br\/portal\/wp-content\/uploads\/2013\/11\/natal_cap_2.jpg\" width=\"720\" height=\"540\" border=\"0\" \/><\/p>\n<p>Por Tico Neves<\/p>\n","protected":false},"excerpt":{"rendered":"<p>Uma equipe coordenada por Jerri Viana est\u00e1 trabalhando diariamente para a prepara\u00e7\u00e3o dos enfeites natalinos que v\u00e3o decorar a Pra\u00e7a do Povo, no centro de Capelinha. Os enfeites s\u00e3o produzidos com a utiliza\u00e7\u00e3o de materiais recicl\u00e1veis e v\u00eam se tornando uma atra\u00e7\u00e3o especial no per\u00edodo natalino. Parab\u00e9ns ao Jerri Viana e a todos que est\u00e3o [&hellip;]<\/p>\n","protected":false},"author":1,"featured_media":13480,"comment_status":"open","ping_status":"closed","sticky":false,"template":"","format":"standard","meta":{"amp_status":"","footnotes":""},"categories":[120],"tags":[132],"class_list":["post-13479","post","type-post","status-publish","format-standard","has-post-thumbnail","hentry","category-jequi","tag-capelinha"],"_links":{"self":[{"href":"https:\/\/aconteceunovale.com.br\/portal\/index.php?rest_route=\/wp\/v2\/posts\/13479","targetHints":{"allow":["GET"]}}],"collection":[{"href":"https:\/\/aconteceunovale.com.br\/portal\/index.php?rest_route=\/wp\/v2\/posts"}],"about":[{"href":"https:\/\/aconteceunovale.com.br\/portal\/index.php?rest_route=\/wp\/v2\/types\/post"}],"author":[{"embeddable":true,"href":"https:\/\/aconteceunovale.com.br\/portal\/index.php?rest_route=\/wp\/v2\/users\/1"}],"replies":[{"embeddable":true,"href":"https:\/\/aconteceunovale.com.br\/portal\/index.php?rest_route=%2Fwp%2Fv2%2Fcomments&post=13479"}],"version-history":[{"count":0,"href":"https:\/\/aconteceunovale.com.br\/portal\/index.php?rest_route=\/wp\/v2\/posts\/13479\/revisions"}],"wp:featuredmedia":[{"embeddable":true,"href":"https:\/\/aconteceunovale.com.br\/portal\/index.php?rest_route=\/wp\/v2\/media\/13480"}],"wp:attachment":[{"href":"https:\/\/aconteceunovale.com.br\/portal\/index.php?rest_route=%2Fwp%2Fv2%2Fmedia&parent=13479"}],"wp:term":[{"taxonomy":"category","embeddable":true,"href":"https:\/\/aconteceunovale.com.br\/portal\/index.php?rest_route=%2Fwp%2Fv2%2Fcategories&post=13479"},{"taxonomy":"post_tag","embeddable":true,"href":"https:\/\/aconteceunovale.com.br\/portal\/index.php?rest_route=%2Fwp%2Fv2%2Ftags&post=13479"}],"curies":[{"name":"wp","href":"https:\/\/api.w.org\/{rel}","templated":true}]}}