{"id":13462,"date":"2013-11-21T21:15:29","date_gmt":"2013-11-21T21:15:29","guid":{"rendered":"http:\/\/aconteceunovale.com.br\/portal\/?p=13462"},"modified":"2013-12-19T11:39:06","modified_gmt":"2013-12-19T13:39:06","slug":"sao-joao-evangelista-cantagalo-pecanha-e-outros-11-municipios-da-regiao-foram-contemplados-com-retroescavadeiras-do-ministerio-do-desenvolvimento-agrario","status":"publish","type":"post","link":"https:\/\/aconteceunovale.com.br\/portal\/?p=13462","title":{"rendered":"S\u00e3o Jo\u00e3o Evangelista, Cantagalo, Pe\u00e7anha e outros 11 munic\u00edpios da regi\u00e3o foram contemplados com retroescavadeiras do Minist\u00e9rio do Desenvolvimento Agr\u00e1rio"},"content":{"rendered":"<p>O ministro do Desenvolvimento, Ind\u00fastria e Com\u00e9rcio Exterior, Fernando Pimentel, liberou ontem, em Governador Valadares, 70 retroescavadeiras para a regi\u00e3o do vale do rio Doce, atrav\u00e9s do Minist\u00e9rio do Desenvolvimento Agr\u00e1rio (MDA). Ele esteve naquela cidade assinando a Ordem de Servi\u00e7o para a constru\u00e7\u00e3o do campus da Universidade Federal de Juiz de Fora (UFJF).<\/p>\n<p><img loading=\"lazy\" decoding=\"async\" alt=\"\" src=\"http:\/\/aconteceunovale.com.br\/portal\/wp-content\/uploads\/2013\/11\/retroescavadeiras.jpg\" width=\"800\" height=\"553\" border=\"0\" \/><\/p>\n<p>Na oportunidade o ministro Pimentel fez a entrega de 70 m\u00e1quinas a prefeituras de munic\u00edpios da regi\u00e3o com menos de 50 mil habitantes. Com o Teatro Atiaia lotado, Pimentel ressaltou que o Brasil est\u00e1 no caminho certo, desenvolvendo-se com distribui\u00e7\u00e3o de renda e justi\u00e7a social.<\/p>\n<p>As retroescavadeiras entregues totalizam um investimento de cerca de R$ 10 milh\u00f5es para atender 28.798 agricultores familiares e uma popula\u00e7\u00e3o rural de 199 mil habitantes, e faz parte do Programa PAC 2, gerido pelo Minist\u00e9rio do Desenvolvimento Agr\u00e1rio (MDA).<\/p>\n<p>Da regi\u00e3o centro-nordeste foram beneficiados os seguintes munic\u00edpios: Cantagalo, Concei\u00e7\u00e3o do Mato Dentro, Coroaci, Dom Joaquim, Dores de Guanh\u00e3es, Itamb\u00e9 do Mato Dentro, Joan\u00e9sia, Nacip Raydan, Pe\u00e7anha, S\u00e3o Jo\u00e3o Evangelista e Virgol\u00e2ndia. As informa\u00e7\u00f5es s\u00e3o do Jornal Conex\u00e3o.<\/p>\n","protected":false},"excerpt":{"rendered":"<p>O ministro do Desenvolvimento, Ind\u00fastria e Com\u00e9rcio Exterior, Fernando Pimentel, liberou ontem, em Governador Valadares, 70 retroescavadeiras para a regi\u00e3o do vale do rio Doce, atrav\u00e9s do Minist\u00e9rio do Desenvolvimento Agr\u00e1rio (MDA). Ele esteve naquela cidade assinando a Ordem de Servi\u00e7o para a constru\u00e7\u00e3o do campus da Universidade Federal de Juiz de Fora (UFJF). Na [&hellip;]<\/p>\n","protected":false},"author":1,"featured_media":13463,"comment_status":"open","ping_status":"open","sticky":false,"template":"","format":"standard","meta":{"amp_status":"","footnotes":""},"categories":[121],"tags":[278,628,283,775,287,776,777,303,306,162,333],"class_list":["post-13462","post","type-post","status-publish","format-standard","has-post-thumbnail","hentry","category-leste","tag-cantagalo","tag-conceicao-do-mato-dentro","tag-coroaci","tag-dom-joaquim","tag-dores-de-guanhaes","tag-itambe-do-mato-dentro","tag-joanesia","tag-nacip-raydan","tag-pecanha","tag-sao-joao-evangelista","tag-virgolandia"],"_links":{"self":[{"href":"https:\/\/aconteceunovale.com.br\/portal\/index.php?rest_route=\/wp\/v2\/posts\/13462","targetHints":{"allow":["GET"]}}],"collection":[{"href":"https:\/\/aconteceunovale.com.br\/portal\/index.php?rest_route=\/wp\/v2\/posts"}],"about":[{"href":"https:\/\/aconteceunovale.com.br\/portal\/index.php?rest_route=\/wp\/v2\/types\/post"}],"author":[{"embeddable":true,"href":"https:\/\/aconteceunovale.com.br\/portal\/index.php?rest_route=\/wp\/v2\/users\/1"}],"replies":[{"embeddable":true,"href":"https:\/\/aconteceunovale.com.br\/portal\/index.php?rest_route=%2Fwp%2Fv2%2Fcomments&post=13462"}],"version-history":[{"count":0,"href":"https:\/\/aconteceunovale.com.br\/portal\/index.php?rest_route=\/wp\/v2\/posts\/13462\/revisions"}],"wp:featuredmedia":[{"embeddable":true,"href":"https:\/\/aconteceunovale.com.br\/portal\/index.php?rest_route=\/wp\/v2\/media\/13463"}],"wp:attachment":[{"href":"https:\/\/aconteceunovale.com.br\/portal\/index.php?rest_route=%2Fwp%2Fv2%2Fmedia&parent=13462"}],"wp:term":[{"taxonomy":"category","embeddable":true,"href":"https:\/\/aconteceunovale.com.br\/portal\/index.php?rest_route=%2Fwp%2Fv2%2Fcategories&post=13462"},{"taxonomy":"post_tag","embeddable":true,"href":"https:\/\/aconteceunovale.com.br\/portal\/index.php?rest_route=%2Fwp%2Fv2%2Ftags&post=13462"}],"curies":[{"name":"wp","href":"https:\/\/api.w.org\/{rel}","templated":true}]}}