{"id":134577,"date":"2018-08-22T12:57:50","date_gmt":"2018-08-22T14:57:50","guid":{"rendered":"http:\/\/aconteceunovale.com.br\/portal\/?p=134577"},"modified":"2018-08-22T12:57:50","modified_gmt":"2018-08-22T14:57:50","slug":"partido-e-coligacao-descumprem-cota-de-genero-e-podem-ser-impedidos-de-disputar-eleicao-em-minas-gerais","status":"publish","type":"post","link":"https:\/\/aconteceunovale.com.br\/portal\/?p=134577","title":{"rendered":"Partido e coliga\u00e7\u00e3o descumprem cota de g\u00eanero e podem ser impedidos de disputar elei\u00e7\u00e3o em Minas Gerais"},"content":{"rendered":"<p>O Minist\u00e9rio P\u00fablico Eleitoral em Belo Horizonte (MG) pediu ao Tribunal Regional Eleitoral de Minas Gerais (TRE-MG) o indeferimento de todos os pedidos de registro apresentados pelo partido Avante e pela Coliga\u00e7\u00e3o Renova\u00e7\u00e3o.<\/p>\n<p>As impugna\u00e7\u00f5es decorrem do descumprimento da cota de g\u00eanero (de 30%) prevista no art. 10, \u00a7 3\u00ba, da Lei 9.504\/97 e no art. 20, \u00a7 2\u00ba, da Resolu\u00e7\u00e3o TSE 23.548\/17.<\/p>\n<p>Conforme relat\u00f3rio apresentado pelo TRE-MG, o partido Avante requereu o registro de 79 candidatos ao cargo de Deputado Estadual, sendo 68 do sexo masculino (86,08%) e 11 do sexo feminino (13,92%).<\/p>\n<p>\u201cEvidente, pois, que o partido n\u00e3o observou o percentual m\u00ednimo de 30% de vagas para candidatura de cada sexo, o que prejudica todo o processo de registro de candidaturas\u201d, afirma o procurador regional eleitoral em Minas Gerais, Angelo Giardini de Oliveira.<\/p>\n<p>No caso da Coliga\u00e7\u00e3o Renova\u00e7\u00e3o, fato superveniente ao pedido de registro acabou alterando a proporcionalidade exigida por lei. Inicialmente, a coliga\u00e7\u00e3o, que \u00e9 formada por PCB e PSOL, inscreveu os registros de 90 candidatos ao cargo de Deputado Estadual, sendo 63 do sexo masculino (70%) e 27 do sexo feminino (30%). Todavia, com a apresenta\u00e7\u00e3o de ren\u00fancia por parte da candidata Luciana da Cruz Neves, o percentual foi alterado e as 26 pr\u00e9-candidatas perfazem agora apenas 29,21% do total de postulantes femininas ao cargo.<\/p>\n<p>Com isso, o MP Eleitoral entende que a lei n\u00e3o est\u00e1 sendo cumprida e caso n\u00e3o haja regulariza\u00e7\u00e3o, os respectivos Demonstrativos de Regularidade de Atos Partid\u00e1rios (DRAP) devem ser indeferidos, o que ir\u00e1 impactar em todos os pedidos de registro de candidaturas apresentados pelo partido e pela coliga\u00e7\u00e3o.<\/p>\n<p><strong>VER PRIMEIRO<\/strong><\/p>\n<p>Receba as not\u00edcias do Aconteceu no Vale em primeira m\u00e3o. Clique em curtir no endere\u00e7o <a href=\"https:\/\/www.facebook.com\/aconteceunovale\" target=\"_blank\"><font color=\"red\">www.facebook.com\/aconteceunovale<\/font><\/a> ou no box abaixo:<\/p>\n<div class=\"fb-like\" data-href=\"https:\/\/www.facebook.com\/aconteceunovale\" data-width=\"120\" data-layout=\"standard\" data-action=\"like\" data-size=\"small\" data-show-faces=\"true\" data-share=\"true\"><\/div>\n<p><\/br><\/p>\n<p><em>(Fonte: MPF\/MG)<\/em><\/p>\n","protected":false},"excerpt":{"rendered":"<p>O Minist\u00e9rio P\u00fablico Eleitoral em Belo Horizonte (MG) pediu ao Tribunal Regional Eleitoral de Minas Gerais (TRE-MG) o indeferimento de todos os pedidos de registro apresentados pelo partido Avante e pela Coliga\u00e7\u00e3o Renova\u00e7\u00e3o. As impugna\u00e7\u00f5es decorrem do descumprimento da cota de g\u00eanero (de 30%) prevista no art. 10, \u00a7 3\u00ba, da Lei 9.504\/97 e no [&hellip;]<\/p>\n","protected":false},"author":1,"featured_media":133956,"comment_status":"open","ping_status":"closed","sticky":false,"template":"","format":"standard","meta":{"amp_status":"","footnotes":""},"categories":[82600,123,40240],"tags":[178177,194,178445,130890,178444,115951,140051],"class_list":["post-134577","post","type-post","status-publish","format-standard","has-post-thumbnail","hentry","category-eleicoes-2018","category-gerais","category-politica","tag-avante","tag-belo-horizonte","tag-coligacao-renovacao","tag-ministerio-publico-eleitoral","tag-partido-e-coligacao-descumprem-cota-de-genero-e-podem-ser-impedidos-de-disputar-eleicao-em-minas-gerais","tag-tre-mg","tag-tribunal-regional-eleitoral-de-minas-gerais"],"yoast_head":"<!-- This site is optimized with the Yoast SEO plugin v28.3 - https:\/\/yoast.com\/product\/yoast-seo-wordpress\/ -->\n<title>Partido e coliga\u00e7\u00e3o descumprem cota de g\u00eanero e podem ser impedidos de disputar elei\u00e7\u00e3o em Minas Gerais - Aconteceu no Vale<\/title>\n<meta name=\"robots\" content=\"index, follow, max-snippet:-1, max-image-preview:large, max-video-preview:-1\" \/>\n<link rel=\"canonical\" href=\"https:\/\/aconteceunovale.com.br\/portal\/?p=134577\" \/>\n<meta property=\"og:locale\" content=\"pt_BR\" \/>\n<meta property=\"og:type\" content=\"article\" \/>\n<meta property=\"og:title\" content=\"Partido e coliga\u00e7\u00e3o descumprem cota de g\u00eanero e podem ser impedidos de disputar elei\u00e7\u00e3o em Minas Gerais - Aconteceu no Vale\" \/>\n<meta property=\"og:description\" content=\"O Minist\u00e9rio P\u00fablico Eleitoral em Belo Horizonte (MG) pediu ao Tribunal Regional Eleitoral de Minas Gerais (TRE-MG) o indeferimento de todos os pedidos de registro apresentados pelo partido Avante e pela Coliga\u00e7\u00e3o Renova\u00e7\u00e3o. As impugna\u00e7\u00f5es decorrem do descumprimento da cota de g\u00eanero (de 30%) prevista no art. 10, \u00a7 3\u00ba, da Lei 9.504\/97 e no [&hellip;]\" \/>\n<meta property=\"og:url\" content=\"https:\/\/aconteceunovale.com.br\/portal\/?p=134577\" \/>\n<meta property=\"og:site_name\" content=\"Aconteceu no Vale\" \/>\n<meta property=\"article:publisher\" content=\"https:\/\/www.facebook.com\/aconteceunovale\/\" \/>\n<meta property=\"article:published_time\" content=\"2018-08-22T14:57:50+00:00\" \/>\n<meta property=\"og:image\" content=\"https:\/\/aconteceunovale.com.br\/portal\/wp-content\/uploads\/2018\/08\/eleicoes_2018.jpg\" \/>\n\t<meta property=\"og:image:width\" content=\"678\" \/>\n\t<meta property=\"og:image:height\" content=\"439\" \/>\n\t<meta property=\"og:image:type\" content=\"image\/jpeg\" \/>\n<meta name=\"author\" content=\"Aconteceu no Vale\" \/>\n<meta name=\"twitter:card\" content=\"summary_large_image\" \/>\n<meta name=\"twitter:creator\" content=\"@noticiadosvales\" \/>\n<meta name=\"twitter:site\" content=\"@noticiadosvales\" \/>\n<meta name=\"twitter:label1\" content=\"Escrito por\" \/>\n\t<meta name=\"twitter:data1\" content=\"Aconteceu no Vale\" \/>\n\t<meta name=\"twitter:label2\" content=\"Est. tempo de leitura\" \/>\n\t<meta name=\"twitter:data2\" content=\"1 minuto\" \/>\n<script type=\"application\/ld+json\" class=\"yoast-schema-graph\">{\"@context\":\"https:\\\/\\\/schema.org\",\"@graph\":[{\"@type\":\"Article\",\"@id\":\"https:\\\/\\\/aconteceunovale.com.br\\\/portal\\\/?p=134577#article\",\"isPartOf\":{\"@id\":\"https:\\\/\\\/aconteceunovale.com.br\\\/portal\\\/?p=134577\"},\"author\":{\"name\":\"Aconteceu no Vale\",\"@id\":\"https:\\\/\\\/aconteceunovale.com.br\\\/portal\\\/#\\\/schema\\\/person\\\/633529146f2c94272bef50ac2953d589\"},\"headline\":\"Partido e coliga\u00e7\u00e3o descumprem cota de g\u00eanero e podem ser impedidos de disputar elei\u00e7\u00e3o em Minas Gerais\",\"datePublished\":\"2018-08-22T14:57:50+00:00\",\"mainEntityOfPage\":{\"@id\":\"https:\\\/\\\/aconteceunovale.com.br\\\/portal\\\/?p=134577\"},\"wordCount\":316,\"commentCount\":0,\"image\":{\"@id\":\"https:\\\/\\\/aconteceunovale.com.br\\\/portal\\\/?p=134577#primaryimage\"},\"thumbnailUrl\":\"https:\\\/\\\/aconteceunovale.com.br\\\/portal\\\/wp-content\\\/uploads\\\/2018\\\/08\\\/eleicoes_2018.jpg\",\"keywords\":[\"AVANTE\",\"Belo Horizonte\",\"Coliga\u00e7\u00e3o Renova\u00e7\u00e3o\",\"Minist\u00e9rio P\u00fablico Eleitoral\",\"Partido e coliga\u00e7\u00e3o descumprem cota de g\u00eanero e podem ser impedidos de disputar elei\u00e7\u00e3o em Minas Gerais\",\"TRE-MG\",\"Tribunal Regional Eleitoral de Minas Gerais\"],\"articleSection\":[\"Elei\u00e7\u00f5es 2018\",\"Minas Gerais\",\"Pol\u00edtica\"],\"inLanguage\":\"pt-BR\",\"potentialAction\":[{\"@type\":\"CommentAction\",\"name\":\"Comment\",\"target\":[\"https:\\\/\\\/aconteceunovale.com.br\\\/portal\\\/?p=134577#respond\"]}]},{\"@type\":\"WebPage\",\"@id\":\"https:\\\/\\\/aconteceunovale.com.br\\\/portal\\\/?p=134577\",\"url\":\"https:\\\/\\\/aconteceunovale.com.br\\\/portal\\\/?p=134577\",\"name\":\"Partido e coliga\u00e7\u00e3o descumprem cota de g\u00eanero e podem ser impedidos de disputar elei\u00e7\u00e3o em Minas Gerais - Aconteceu no Vale\",\"isPartOf\":{\"@id\":\"https:\\\/\\\/aconteceunovale.com.br\\\/portal\\\/#website\"},\"primaryImageOfPage\":{\"@id\":\"https:\\\/\\\/aconteceunovale.com.br\\\/portal\\\/?p=134577#primaryimage\"},\"image\":{\"@id\":\"https:\\\/\\\/aconteceunovale.com.br\\\/portal\\\/?p=134577#primaryimage\"},\"thumbnailUrl\":\"https:\\\/\\\/aconteceunovale.com.br\\\/portal\\\/wp-content\\\/uploads\\\/2018\\\/08\\\/eleicoes_2018.jpg\",\"datePublished\":\"2018-08-22T14:57:50+00:00\",\"author\":{\"@id\":\"https:\\\/\\\/aconteceunovale.com.br\\\/portal\\\/#\\\/schema\\\/person\\\/633529146f2c94272bef50ac2953d589\"},\"breadcrumb\":{\"@id\":\"https:\\\/\\\/aconteceunovale.com.br\\\/portal\\\/?p=134577#breadcrumb\"},\"inLanguage\":\"pt-BR\",\"potentialAction\":[{\"@type\":\"ReadAction\",\"target\":[\"https:\\\/\\\/aconteceunovale.com.br\\\/portal\\\/?p=134577\"]}]},{\"@type\":\"ImageObject\",\"inLanguage\":\"pt-BR\",\"@id\":\"https:\\\/\\\/aconteceunovale.com.br\\\/portal\\\/?p=134577#primaryimage\",\"url\":\"https:\\\/\\\/aconteceunovale.com.br\\\/portal\\\/wp-content\\\/uploads\\\/2018\\\/08\\\/eleicoes_2018.jpg\",\"contentUrl\":\"https:\\\/\\\/aconteceunovale.com.br\\\/portal\\\/wp-content\\\/uploads\\\/2018\\\/08\\\/eleicoes_2018.jpg\",\"width\":678,\"height\":439},{\"@type\":\"BreadcrumbList\",\"@id\":\"https:\\\/\\\/aconteceunovale.com.br\\\/portal\\\/?p=134577#breadcrumb\",\"itemListElement\":[{\"@type\":\"ListItem\",\"position\":1,\"name\":\"In\u00edcio\",\"item\":\"https:\\\/\\\/aconteceunovale.com.br\\\/portal\\\/\"},{\"@type\":\"ListItem\",\"position\":2,\"name\":\"Partido e coliga\u00e7\u00e3o descumprem cota de g\u00eanero e podem ser impedidos de disputar elei\u00e7\u00e3o em Minas Gerais\"}]},{\"@type\":\"WebSite\",\"@id\":\"https:\\\/\\\/aconteceunovale.com.br\\\/portal\\\/#website\",\"url\":\"https:\\\/\\\/aconteceunovale.com.br\\\/portal\\\/\",\"name\":\"Aconteceu no Vale\",\"description\":\"Portal de Not\u00edcias\",\"potentialAction\":[{\"@type\":\"SearchAction\",\"target\":{\"@type\":\"EntryPoint\",\"urlTemplate\":\"https:\\\/\\\/aconteceunovale.com.br\\\/portal\\\/?s={search_term_string}\"},\"query-input\":{\"@type\":\"PropertyValueSpecification\",\"valueRequired\":true,\"valueName\":\"search_term_string\"}}],\"inLanguage\":\"pt-BR\"},{\"@type\":\"Person\",\"@id\":\"https:\\\/\\\/aconteceunovale.com.br\\\/portal\\\/#\\\/schema\\\/person\\\/633529146f2c94272bef50ac2953d589\",\"name\":\"Aconteceu no Vale\",\"description\":\"Equipe de reportagem do Aconteceu no Vale, portal de not\u00edcias do Vale do Jequitinhonha, em Minas Gerais. Cobrimos as 51 cidades do Vale desde 2013. Sugest\u00f5es de pauta e pedidos de corre\u00e7\u00e3o: contato@aconteceunovale.com.br\",\"sameAs\":[\"http:\\\/\\\/www.aconteceunovale.com.br\"],\"url\":\"https:\\\/\\\/aconteceunovale.com.br\\\/portal\\\/?author=1\"}]}<\/script>\n<!-- \/ Yoast SEO plugin. -->","yoast_head_json":{"title":"Partido e coliga\u00e7\u00e3o descumprem cota de g\u00eanero e podem ser impedidos de disputar elei\u00e7\u00e3o em Minas Gerais - Aconteceu no Vale","robots":{"index":"index","follow":"follow","max-snippet":"max-snippet:-1","max-image-preview":"max-image-preview:large","max-video-preview":"max-video-preview:-1"},"canonical":"https:\/\/aconteceunovale.com.br\/portal\/?p=134577","og_locale":"pt_BR","og_type":"article","og_title":"Partido e coliga\u00e7\u00e3o descumprem cota de g\u00eanero e podem ser impedidos de disputar elei\u00e7\u00e3o em Minas Gerais - Aconteceu no Vale","og_description":"O Minist\u00e9rio P\u00fablico Eleitoral em Belo Horizonte (MG) pediu ao Tribunal Regional Eleitoral de Minas Gerais (TRE-MG) o indeferimento de todos os pedidos de registro apresentados pelo partido Avante e pela Coliga\u00e7\u00e3o Renova\u00e7\u00e3o. As impugna\u00e7\u00f5es decorrem do descumprimento da cota de g\u00eanero (de 30%) prevista no art. 10, \u00a7 3\u00ba, da Lei 9.504\/97 e no [&hellip;]","og_url":"https:\/\/aconteceunovale.com.br\/portal\/?p=134577","og_site_name":"Aconteceu no Vale","article_publisher":"https:\/\/www.facebook.com\/aconteceunovale\/","article_published_time":"2018-08-22T14:57:50+00:00","og_image":[{"width":678,"height":439,"url":"https:\/\/aconteceunovale.com.br\/portal\/wp-content\/uploads\/2018\/08\/eleicoes_2018.jpg","type":"image\/jpeg"}],"author":"Aconteceu no Vale","twitter_card":"summary_large_image","twitter_creator":"@noticiadosvales","twitter_site":"@noticiadosvales","twitter_misc":{"Escrito por":"Aconteceu no Vale","Est. tempo de leitura":"1 minuto"},"schema":{"@context":"https:\/\/schema.org","@graph":[{"@type":"Article","@id":"https:\/\/aconteceunovale.com.br\/portal\/?p=134577#article","isPartOf":{"@id":"https:\/\/aconteceunovale.com.br\/portal\/?p=134577"},"author":{"name":"Aconteceu no Vale","@id":"https:\/\/aconteceunovale.com.br\/portal\/#\/schema\/person\/633529146f2c94272bef50ac2953d589"},"headline":"Partido e coliga\u00e7\u00e3o descumprem cota de g\u00eanero e podem ser impedidos de disputar elei\u00e7\u00e3o em Minas Gerais","datePublished":"2018-08-22T14:57:50+00:00","mainEntityOfPage":{"@id":"https:\/\/aconteceunovale.com.br\/portal\/?p=134577"},"wordCount":316,"commentCount":0,"image":{"@id":"https:\/\/aconteceunovale.com.br\/portal\/?p=134577#primaryimage"},"thumbnailUrl":"https:\/\/aconteceunovale.com.br\/portal\/wp-content\/uploads\/2018\/08\/eleicoes_2018.jpg","keywords":["AVANTE","Belo Horizonte","Coliga\u00e7\u00e3o Renova\u00e7\u00e3o","Minist\u00e9rio P\u00fablico Eleitoral","Partido e coliga\u00e7\u00e3o descumprem cota de g\u00eanero e podem ser impedidos de disputar elei\u00e7\u00e3o em Minas Gerais","TRE-MG","Tribunal Regional Eleitoral de Minas Gerais"],"articleSection":["Elei\u00e7\u00f5es 2018","Minas Gerais","Pol\u00edtica"],"inLanguage":"pt-BR","potentialAction":[{"@type":"CommentAction","name":"Comment","target":["https:\/\/aconteceunovale.com.br\/portal\/?p=134577#respond"]}]},{"@type":"WebPage","@id":"https:\/\/aconteceunovale.com.br\/portal\/?p=134577","url":"https:\/\/aconteceunovale.com.br\/portal\/?p=134577","name":"Partido e coliga\u00e7\u00e3o descumprem cota de g\u00eanero e podem ser impedidos de disputar elei\u00e7\u00e3o em Minas Gerais - Aconteceu no Vale","isPartOf":{"@id":"https:\/\/aconteceunovale.com.br\/portal\/#website"},"primaryImageOfPage":{"@id":"https:\/\/aconteceunovale.com.br\/portal\/?p=134577#primaryimage"},"image":{"@id":"https:\/\/aconteceunovale.com.br\/portal\/?p=134577#primaryimage"},"thumbnailUrl":"https:\/\/aconteceunovale.com.br\/portal\/wp-content\/uploads\/2018\/08\/eleicoes_2018.jpg","datePublished":"2018-08-22T14:57:50+00:00","author":{"@id":"https:\/\/aconteceunovale.com.br\/portal\/#\/schema\/person\/633529146f2c94272bef50ac2953d589"},"breadcrumb":{"@id":"https:\/\/aconteceunovale.com.br\/portal\/?p=134577#breadcrumb"},"inLanguage":"pt-BR","potentialAction":[{"@type":"ReadAction","target":["https:\/\/aconteceunovale.com.br\/portal\/?p=134577"]}]},{"@type":"ImageObject","inLanguage":"pt-BR","@id":"https:\/\/aconteceunovale.com.br\/portal\/?p=134577#primaryimage","url":"https:\/\/aconteceunovale.com.br\/portal\/wp-content\/uploads\/2018\/08\/eleicoes_2018.jpg","contentUrl":"https:\/\/aconteceunovale.com.br\/portal\/wp-content\/uploads\/2018\/08\/eleicoes_2018.jpg","width":678,"height":439},{"@type":"BreadcrumbList","@id":"https:\/\/aconteceunovale.com.br\/portal\/?p=134577#breadcrumb","itemListElement":[{"@type":"ListItem","position":1,"name":"In\u00edcio","item":"https:\/\/aconteceunovale.com.br\/portal\/"},{"@type":"ListItem","position":2,"name":"Partido e coliga\u00e7\u00e3o descumprem cota de g\u00eanero e podem ser impedidos de disputar elei\u00e7\u00e3o em Minas Gerais"}]},{"@type":"WebSite","@id":"https:\/\/aconteceunovale.com.br\/portal\/#website","url":"https:\/\/aconteceunovale.com.br\/portal\/","name":"Aconteceu no Vale","description":"Portal de Not\u00edcias","potentialAction":[{"@type":"SearchAction","target":{"@type":"EntryPoint","urlTemplate":"https:\/\/aconteceunovale.com.br\/portal\/?s={search_term_string}"},"query-input":{"@type":"PropertyValueSpecification","valueRequired":true,"valueName":"search_term_string"}}],"inLanguage":"pt-BR"},{"@type":"Person","@id":"https:\/\/aconteceunovale.com.br\/portal\/#\/schema\/person\/633529146f2c94272bef50ac2953d589","name":"Aconteceu no Vale","description":"Equipe de reportagem do Aconteceu no Vale, portal de not\u00edcias do Vale do Jequitinhonha, em Minas Gerais. Cobrimos as 51 cidades do Vale desde 2013. Sugest\u00f5es de pauta e pedidos de corre\u00e7\u00e3o: contato@aconteceunovale.com.br","sameAs":["http:\/\/www.aconteceunovale.com.br"],"url":"https:\/\/aconteceunovale.com.br\/portal\/?author=1"}]}},"_links":{"self":[{"href":"https:\/\/aconteceunovale.com.br\/portal\/index.php?rest_route=\/wp\/v2\/posts\/134577","targetHints":{"allow":["GET"]}}],"collection":[{"href":"https:\/\/aconteceunovale.com.br\/portal\/index.php?rest_route=\/wp\/v2\/posts"}],"about":[{"href":"https:\/\/aconteceunovale.com.br\/portal\/index.php?rest_route=\/wp\/v2\/types\/post"}],"author":[{"embeddable":true,"href":"https:\/\/aconteceunovale.com.br\/portal\/index.php?rest_route=\/wp\/v2\/users\/1"}],"replies":[{"embeddable":true,"href":"https:\/\/aconteceunovale.com.br\/portal\/index.php?rest_route=%2Fwp%2Fv2%2Fcomments&post=134577"}],"version-history":[{"count":0,"href":"https:\/\/aconteceunovale.com.br\/portal\/index.php?rest_route=\/wp\/v2\/posts\/134577\/revisions"}],"wp:featuredmedia":[{"embeddable":true,"href":"https:\/\/aconteceunovale.com.br\/portal\/index.php?rest_route=\/wp\/v2\/media\/133956"}],"wp:attachment":[{"href":"https:\/\/aconteceunovale.com.br\/portal\/index.php?rest_route=%2Fwp%2Fv2%2Fmedia&parent=134577"}],"wp:term":[{"taxonomy":"category","embeddable":true,"href":"https:\/\/aconteceunovale.com.br\/portal\/index.php?rest_route=%2Fwp%2Fv2%2Fcategories&post=134577"},{"taxonomy":"post_tag","embeddable":true,"href":"https:\/\/aconteceunovale.com.br\/portal\/index.php?rest_route=%2Fwp%2Fv2%2Ftags&post=134577"}],"curies":[{"name":"wp","href":"https:\/\/api.w.org\/{rel}","templated":true}]}}