{"id":134574,"date":"2018-08-22T12:52:50","date_gmt":"2018-08-22T14:52:50","guid":{"rendered":"http:\/\/aconteceunovale.com.br\/portal\/?p=134574"},"modified":"2018-08-22T12:52:50","modified_gmt":"2018-08-22T14:52:50","slug":"tse-confirma-cassacao-de-dois-deputados-mineiros","status":"publish","type":"post","link":"https:\/\/aconteceunovale.com.br\/portal\/?p=134574","title":{"rendered":"TSE confirma cassa\u00e7\u00e3o de dois deputados mineiros"},"content":{"rendered":"<p>O Plen\u00e1rio do Tribunal Superior Eleitoral (TSE) confirmou, na sess\u00e3o desta ter\u00e7a-feira (21), a cassa\u00e7\u00e3o dos mandatos e a inelegibilidade por oito anos do deputado federal Franklin Roberto Souza (PP-MG) e do deputado estadual M\u00e1rcio Jos\u00e9 Oliveira (PR-MG) por abuso de poder econ\u00f4mico praticado nas Elei\u00e7\u00f5es Gerais de 2014. Os ministros determinaram a execu\u00e7\u00e3o imediata da decis\u00e3o, a partir de sua publica\u00e7\u00e3o, com o afastamento dos pol\u00edticos cassados e a posse dos suplentes, sendo desnecess\u00e1rio aguardar o tr\u00e2nsito em julgado da decis\u00e3o.<\/p>\n<p>Em entendimento firmado por maioria de votos, os ministros rejeitaram recurso dos pol\u00edticos contra a decis\u00e3o do Tribunal Regional Eleitoral de Minas Gerais (TRE-MG) que os condenou por terem participado de evento religioso da Igreja Mundial do Poder de Deus. Na ocasi\u00e3o, o l\u00edder da igreja, Valdemiro Santiago, pediu expressamente aos fi\u00e9is votos para os ent\u00e3o candidatos. O evento, que custou R$ 1 milh\u00e3o, ocorreu no dia 4 de outubro de 2014, v\u00e9spera da elei\u00e7\u00e3o, e contou com a presen\u00e7a de cinco mil pessoas.<\/p>\n<p>Os ministros acompanharam o voto da ministra Rosa Weber. Ela afirmou que, ao encerrar o encontro religioso, Valdemiro Santiago solicitou que cada fiel obtivesse \u201cmais dez votos\u201d para os candidatos, um deles, M\u00e1rcio Oliveira, seu sobrinho. A magistrada destacou ainda que, no evento, ocorrido na Pra\u00e7a da Esta\u00e7\u00e3o em Belo Horizonte (MG), houve farta distribui\u00e7\u00e3o de panfletos em favor dos candidatos apoiados.<\/p>\n<p>Divergiram do voto da relatora os ministros Tarcisio Vieira de Carvalho Neto e Napole\u00e3o Nunes Maia Filho. Em voto-vista apresentado nesta ter\u00e7a-feira, o ministro Tarcisio Vieira disse que n\u00e3o se pode alegar abuso de poder econ\u00f4mico no caso, j\u00e1 que o pedido de voto teria ocorrido nos quatro minutos finais do evento, que durou quatro horas. O ministro salientou que, no encontro, al\u00e9m da distribui\u00e7\u00e3o dos panfletos dos candidatos, houve propaganda de outras candidaturas, segundo policiais presentes. Ao acompanhar a diverg\u00eancia, o ministro Napole\u00e3o Nunes Maia Filho questionou o entendimento de que grupos religiosos n\u00e3o podem manifestar prefer\u00eancia por candidato que defenda valores ou pontos de vista dos fi\u00e9is.     <\/p>\n<p>A ministra Rosa Weber, por sua vez, reafirmou voto proferido em maio deste ano. Ela ressaltou que os fatos mencionados no processo s\u00e3o de \u201cenorme gravidade\u201d e revelam pedido expl\u00edcito de votos e abuso de poder econ\u00f4mico em favor de Franklin Roberto e M\u00e1rcio Oliveira.<\/p>\n<p>O ministro Admar Gonzaga lembrou, ao acompanhar a relatora, que igrejas gozam de privil\u00e9gios fiscais oferecidos pelo Estado e que a conduta praticada no encontro da Igreja Mundial do Poder de Deus \u201cdesbordou\u201d em abuso de poder econ\u00f4mico. <\/p>\n<p><strong>VER PRIMEIRO<\/strong><\/p>\n<p>Receba as not\u00edcias do Aconteceu no Vale em primeira m\u00e3o. Clique em curtir no endere\u00e7o <a href=\"https:\/\/www.facebook.com\/aconteceunovale\" target=\"_blank\"><font color=\"red\">www.facebook.com\/aconteceunovale<\/font><\/a> ou no box abaixo:<\/p>\n<div class=\"fb-like\" data-href=\"https:\/\/www.facebook.com\/aconteceunovale\" data-width=\"120\" data-layout=\"standard\" data-action=\"like\" data-size=\"small\" data-show-faces=\"true\" data-share=\"true\"><\/div>\n<p><\/br><\/p>\n<p><em>(Fonte: TSE)<\/em><\/p>\n","protected":false},"excerpt":{"rendered":"<p>O Plen\u00e1rio do Tribunal Superior Eleitoral (TSE) confirmou, na sess\u00e3o desta ter\u00e7a-feira (21), a cassa\u00e7\u00e3o dos mandatos e a inelegibilidade por oito anos do deputado federal Franklin Roberto Souza (PP-MG) e do deputado estadual M\u00e1rcio Jos\u00e9 Oliveira (PR-MG) por abuso de poder econ\u00f4mico praticado nas Elei\u00e7\u00f5es Gerais de 2014. Os ministros determinaram a execu\u00e7\u00e3o imediata [&hellip;]<\/p>\n","protected":false},"author":1,"featured_media":134575,"comment_status":"open","ping_status":"closed","sticky":false,"template":"","format":"standard","meta":{"amp_status":"","footnotes":""},"categories":[123,40240],"tags":[56995,56997,114410,178442,57013,43873,178440,57012,56992,178441,56991,56993,56994,57014,57011,41238,56996,56999,56998,115951,94060,267,178443,135021,57000],"class_list":["post-134574","post","type-post","status-publish","format-standard","has-post-thumbnail","hentry","category-gerais","category-politica","tag-cassacao-de-missionario-marcio-santiago","tag-cassacao-pastor-franklin","tag-eleicoes-de-2014","tag-eleicoes-gerais-de-2014","tag-francisco-galvao","tag-franklin-roberto-de-lima-souza","tag-franklin-roberto-souza","tag-igreja-mundial-do-poder-de-deus","tag-marcio-jose-machado-oliveira","tag-marcio-jose-oliveira","tag-marques-batista-de-abreu","tag-missionario-marcio-santiago","tag-missionario-marcio-santiago-e-cassado","tag-missionario-marcio-santiago-vai-recorrer-da-decisao-do-tre-mg","tag-missionario-marcio-vai-recorrer-da-decisao-do-tre-mg","tag-pastor-franklin","tag-pastor-franklin-e-cassado","tag-processo-missionario-marcio-santiago","tag-processo-pastor-franklin","tag-tre-mg","tag-tribunal-superior-eleitoral","tag-tse","tag-tse-confirma-cassacao-de-dois-deputados-mineiros","tag-valdemiro-santiago","tag-valdemiro-santiago-de-oliveira"],"yoast_head":"<!-- This site is optimized with the Yoast SEO plugin v28.3 - https:\/\/yoast.com\/product\/yoast-seo-wordpress\/ -->\n<title>TSE confirma cassa\u00e7\u00e3o de dois deputados mineiros - Aconteceu no Vale<\/title>\n<meta name=\"robots\" content=\"index, follow, max-snippet:-1, max-image-preview:large, max-video-preview:-1\" \/>\n<link rel=\"canonical\" href=\"https:\/\/aconteceunovale.com.br\/portal\/?p=134574\" \/>\n<meta property=\"og:locale\" content=\"pt_BR\" \/>\n<meta property=\"og:type\" content=\"article\" \/>\n<meta property=\"og:title\" content=\"TSE confirma cassa\u00e7\u00e3o de dois deputados mineiros - Aconteceu no Vale\" \/>\n<meta property=\"og:description\" content=\"O Plen\u00e1rio do Tribunal Superior Eleitoral (TSE) confirmou, na sess\u00e3o desta ter\u00e7a-feira (21), a cassa\u00e7\u00e3o dos mandatos e a inelegibilidade por oito anos do deputado federal Franklin Roberto Souza (PP-MG) e do deputado estadual M\u00e1rcio Jos\u00e9 Oliveira (PR-MG) por abuso de poder econ\u00f4mico praticado nas Elei\u00e7\u00f5es Gerais de 2014. Os ministros determinaram a execu\u00e7\u00e3o imediata [&hellip;]\" \/>\n<meta property=\"og:url\" content=\"https:\/\/aconteceunovale.com.br\/portal\/?p=134574\" \/>\n<meta property=\"og:site_name\" content=\"Aconteceu no Vale\" \/>\n<meta property=\"article:publisher\" content=\"https:\/\/www.facebook.com\/aconteceunovale\/\" \/>\n<meta property=\"article:published_time\" content=\"2018-08-22T14:52:50+00:00\" \/>\n<meta property=\"og:image\" content=\"https:\/\/aconteceunovale.com.br\/portal\/wp-content\/uploads\/2018\/08\/tse_weber.jpeg\" \/>\n\t<meta property=\"og:image:width\" content=\"543\" \/>\n\t<meta property=\"og:image:height\" content=\"263\" \/>\n\t<meta property=\"og:image:type\" content=\"image\/jpeg\" \/>\n<meta name=\"author\" content=\"Aconteceu no Vale\" \/>\n<meta name=\"twitter:card\" content=\"summary_large_image\" \/>\n<meta name=\"twitter:creator\" content=\"@noticiadosvales\" \/>\n<meta name=\"twitter:site\" content=\"@noticiadosvales\" \/>\n<meta name=\"twitter:label1\" content=\"Escrito por\" \/>\n\t<meta name=\"twitter:data1\" content=\"Aconteceu no Vale\" \/>\n\t<meta name=\"twitter:label2\" content=\"Est. tempo de leitura\" \/>\n\t<meta name=\"twitter:data2\" content=\"2 minutos\" \/>\n<script type=\"application\/ld+json\" class=\"yoast-schema-graph\">{\"@context\":\"https:\\\/\\\/schema.org\",\"@graph\":[{\"@type\":\"Article\",\"@id\":\"https:\\\/\\\/aconteceunovale.com.br\\\/portal\\\/?p=134574#article\",\"isPartOf\":{\"@id\":\"https:\\\/\\\/aconteceunovale.com.br\\\/portal\\\/?p=134574\"},\"author\":{\"name\":\"Aconteceu no Vale\",\"@id\":\"https:\\\/\\\/aconteceunovale.com.br\\\/portal\\\/#\\\/schema\\\/person\\\/633529146f2c94272bef50ac2953d589\"},\"headline\":\"TSE confirma cassa\u00e7\u00e3o de dois deputados mineiros\",\"datePublished\":\"2018-08-22T14:52:50+00:00\",\"mainEntityOfPage\":{\"@id\":\"https:\\\/\\\/aconteceunovale.com.br\\\/portal\\\/?p=134574\"},\"wordCount\":498,\"commentCount\":1,\"image\":{\"@id\":\"https:\\\/\\\/aconteceunovale.com.br\\\/portal\\\/?p=134574#primaryimage\"},\"thumbnailUrl\":\"https:\\\/\\\/aconteceunovale.com.br\\\/portal\\\/wp-content\\\/uploads\\\/2018\\\/08\\\/tse_weber.jpeg\",\"keywords\":[\"cassa\u00e7\u00e3o de Mission\u00e1rio Marcio Santiago\",\"cassa\u00e7\u00e3o pastor Franklin\",\"elei\u00e7\u00f5es de 2014\",\"Elei\u00e7\u00f5es Gerais de 2014\",\"Francisco Galv\u00e3o\",\"Franklin Roberto de Lima Souza\",\"Franklin Roberto Souza\",\"Igreja Mundial do Poder de Deus\",\"Marcio Jos\u00e9 Machado Oliveira\",\"M\u00e1rcio Jos\u00e9 Oliveira\",\"Marques Batista de Abreu\",\"Mission\u00e1rio Marcio Santiago\",\"Mission\u00e1rio Marcio Santiago \u00e9 cassado\",\"Mission\u00e1rio M\u00e1rcio Santiago vai recorrer da decis\u00e3o do TRE-MG\",\"Mission\u00e1rio M\u00e1rcio vai recorrer da decis\u00e3o do TRE-MG\",\"Pastor Franklin\",\"pastor Franklin \u00e9 cassado\",\"processo Mission\u00e1rio Marcio Santiago\",\"processo pastor Franklin\",\"TRE-MG\",\"Tribunal Superior Eleitoral\",\"TSE\",\"TSE confirma cassa\u00e7\u00e3o de dois deputados mineiros\",\"Valdemiro Santiago\",\"Valdemiro Santiago de Oliveira\"],\"articleSection\":[\"Minas Gerais\",\"Pol\u00edtica\"],\"inLanguage\":\"pt-BR\",\"potentialAction\":[{\"@type\":\"CommentAction\",\"name\":\"Comment\",\"target\":[\"https:\\\/\\\/aconteceunovale.com.br\\\/portal\\\/?p=134574#respond\"]}]},{\"@type\":\"WebPage\",\"@id\":\"https:\\\/\\\/aconteceunovale.com.br\\\/portal\\\/?p=134574\",\"url\":\"https:\\\/\\\/aconteceunovale.com.br\\\/portal\\\/?p=134574\",\"name\":\"TSE confirma cassa\u00e7\u00e3o de dois deputados mineiros - Aconteceu no Vale\",\"isPartOf\":{\"@id\":\"https:\\\/\\\/aconteceunovale.com.br\\\/portal\\\/#website\"},\"primaryImageOfPage\":{\"@id\":\"https:\\\/\\\/aconteceunovale.com.br\\\/portal\\\/?p=134574#primaryimage\"},\"image\":{\"@id\":\"https:\\\/\\\/aconteceunovale.com.br\\\/portal\\\/?p=134574#primaryimage\"},\"thumbnailUrl\":\"https:\\\/\\\/aconteceunovale.com.br\\\/portal\\\/wp-content\\\/uploads\\\/2018\\\/08\\\/tse_weber.jpeg\",\"datePublished\":\"2018-08-22T14:52:50+00:00\",\"author\":{\"@id\":\"https:\\\/\\\/aconteceunovale.com.br\\\/portal\\\/#\\\/schema\\\/person\\\/633529146f2c94272bef50ac2953d589\"},\"breadcrumb\":{\"@id\":\"https:\\\/\\\/aconteceunovale.com.br\\\/portal\\\/?p=134574#breadcrumb\"},\"inLanguage\":\"pt-BR\",\"potentialAction\":[{\"@type\":\"ReadAction\",\"target\":[\"https:\\\/\\\/aconteceunovale.com.br\\\/portal\\\/?p=134574\"]}]},{\"@type\":\"ImageObject\",\"inLanguage\":\"pt-BR\",\"@id\":\"https:\\\/\\\/aconteceunovale.com.br\\\/portal\\\/?p=134574#primaryimage\",\"url\":\"https:\\\/\\\/aconteceunovale.com.br\\\/portal\\\/wp-content\\\/uploads\\\/2018\\\/08\\\/tse_weber.jpeg\",\"contentUrl\":\"https:\\\/\\\/aconteceunovale.com.br\\\/portal\\\/wp-content\\\/uploads\\\/2018\\\/08\\\/tse_weber.jpeg\",\"width\":543,\"height\":263},{\"@type\":\"BreadcrumbList\",\"@id\":\"https:\\\/\\\/aconteceunovale.com.br\\\/portal\\\/?p=134574#breadcrumb\",\"itemListElement\":[{\"@type\":\"ListItem\",\"position\":1,\"name\":\"In\u00edcio\",\"item\":\"https:\\\/\\\/aconteceunovale.com.br\\\/portal\\\/\"},{\"@type\":\"ListItem\",\"position\":2,\"name\":\"TSE confirma cassa\u00e7\u00e3o de dois deputados mineiros\"}]},{\"@type\":\"WebSite\",\"@id\":\"https:\\\/\\\/aconteceunovale.com.br\\\/portal\\\/#website\",\"url\":\"https:\\\/\\\/aconteceunovale.com.br\\\/portal\\\/\",\"name\":\"Aconteceu no Vale\",\"description\":\"Portal de Not\u00edcias\",\"potentialAction\":[{\"@type\":\"SearchAction\",\"target\":{\"@type\":\"EntryPoint\",\"urlTemplate\":\"https:\\\/\\\/aconteceunovale.com.br\\\/portal\\\/?s={search_term_string}\"},\"query-input\":{\"@type\":\"PropertyValueSpecification\",\"valueRequired\":true,\"valueName\":\"search_term_string\"}}],\"inLanguage\":\"pt-BR\"},{\"@type\":\"Person\",\"@id\":\"https:\\\/\\\/aconteceunovale.com.br\\\/portal\\\/#\\\/schema\\\/person\\\/633529146f2c94272bef50ac2953d589\",\"name\":\"Aconteceu no Vale\",\"description\":\"Equipe de reportagem do Aconteceu no Vale, portal de not\u00edcias do Vale do Jequitinhonha, em Minas Gerais. Cobrimos as 51 cidades do Vale desde 2013. Sugest\u00f5es de pauta e pedidos de corre\u00e7\u00e3o: contato@aconteceunovale.com.br\",\"sameAs\":[\"http:\\\/\\\/www.aconteceunovale.com.br\"],\"url\":\"https:\\\/\\\/aconteceunovale.com.br\\\/portal\\\/?author=1\"}]}<\/script>\n<!-- \/ Yoast SEO plugin. -->","yoast_head_json":{"title":"TSE confirma cassa\u00e7\u00e3o de dois deputados mineiros - Aconteceu no Vale","robots":{"index":"index","follow":"follow","max-snippet":"max-snippet:-1","max-image-preview":"max-image-preview:large","max-video-preview":"max-video-preview:-1"},"canonical":"https:\/\/aconteceunovale.com.br\/portal\/?p=134574","og_locale":"pt_BR","og_type":"article","og_title":"TSE confirma cassa\u00e7\u00e3o de dois deputados mineiros - Aconteceu no Vale","og_description":"O Plen\u00e1rio do Tribunal Superior Eleitoral (TSE) confirmou, na sess\u00e3o desta ter\u00e7a-feira (21), a cassa\u00e7\u00e3o dos mandatos e a inelegibilidade por oito anos do deputado federal Franklin Roberto Souza (PP-MG) e do deputado estadual M\u00e1rcio Jos\u00e9 Oliveira (PR-MG) por abuso de poder econ\u00f4mico praticado nas Elei\u00e7\u00f5es Gerais de 2014. Os ministros determinaram a execu\u00e7\u00e3o imediata [&hellip;]","og_url":"https:\/\/aconteceunovale.com.br\/portal\/?p=134574","og_site_name":"Aconteceu no Vale","article_publisher":"https:\/\/www.facebook.com\/aconteceunovale\/","article_published_time":"2018-08-22T14:52:50+00:00","og_image":[{"width":543,"height":263,"url":"https:\/\/aconteceunovale.com.br\/portal\/wp-content\/uploads\/2018\/08\/tse_weber.jpeg","type":"image\/jpeg"}],"author":"Aconteceu no Vale","twitter_card":"summary_large_image","twitter_creator":"@noticiadosvales","twitter_site":"@noticiadosvales","twitter_misc":{"Escrito por":"Aconteceu no Vale","Est. tempo de leitura":"2 minutos"},"schema":{"@context":"https:\/\/schema.org","@graph":[{"@type":"Article","@id":"https:\/\/aconteceunovale.com.br\/portal\/?p=134574#article","isPartOf":{"@id":"https:\/\/aconteceunovale.com.br\/portal\/?p=134574"},"author":{"name":"Aconteceu no Vale","@id":"https:\/\/aconteceunovale.com.br\/portal\/#\/schema\/person\/633529146f2c94272bef50ac2953d589"},"headline":"TSE confirma cassa\u00e7\u00e3o de dois deputados mineiros","datePublished":"2018-08-22T14:52:50+00:00","mainEntityOfPage":{"@id":"https:\/\/aconteceunovale.com.br\/portal\/?p=134574"},"wordCount":498,"commentCount":1,"image":{"@id":"https:\/\/aconteceunovale.com.br\/portal\/?p=134574#primaryimage"},"thumbnailUrl":"https:\/\/aconteceunovale.com.br\/portal\/wp-content\/uploads\/2018\/08\/tse_weber.jpeg","keywords":["cassa\u00e7\u00e3o de Mission\u00e1rio Marcio Santiago","cassa\u00e7\u00e3o pastor Franklin","elei\u00e7\u00f5es de 2014","Elei\u00e7\u00f5es Gerais de 2014","Francisco Galv\u00e3o","Franklin Roberto de Lima Souza","Franklin Roberto Souza","Igreja Mundial do Poder de Deus","Marcio Jos\u00e9 Machado Oliveira","M\u00e1rcio Jos\u00e9 Oliveira","Marques Batista de Abreu","Mission\u00e1rio Marcio Santiago","Mission\u00e1rio Marcio Santiago \u00e9 cassado","Mission\u00e1rio M\u00e1rcio Santiago vai recorrer da decis\u00e3o do TRE-MG","Mission\u00e1rio M\u00e1rcio vai recorrer da decis\u00e3o do TRE-MG","Pastor Franklin","pastor Franklin \u00e9 cassado","processo Mission\u00e1rio Marcio Santiago","processo pastor Franklin","TRE-MG","Tribunal Superior Eleitoral","TSE","TSE confirma cassa\u00e7\u00e3o de dois deputados mineiros","Valdemiro Santiago","Valdemiro Santiago de Oliveira"],"articleSection":["Minas Gerais","Pol\u00edtica"],"inLanguage":"pt-BR","potentialAction":[{"@type":"CommentAction","name":"Comment","target":["https:\/\/aconteceunovale.com.br\/portal\/?p=134574#respond"]}]},{"@type":"WebPage","@id":"https:\/\/aconteceunovale.com.br\/portal\/?p=134574","url":"https:\/\/aconteceunovale.com.br\/portal\/?p=134574","name":"TSE confirma cassa\u00e7\u00e3o de dois deputados mineiros - Aconteceu no Vale","isPartOf":{"@id":"https:\/\/aconteceunovale.com.br\/portal\/#website"},"primaryImageOfPage":{"@id":"https:\/\/aconteceunovale.com.br\/portal\/?p=134574#primaryimage"},"image":{"@id":"https:\/\/aconteceunovale.com.br\/portal\/?p=134574#primaryimage"},"thumbnailUrl":"https:\/\/aconteceunovale.com.br\/portal\/wp-content\/uploads\/2018\/08\/tse_weber.jpeg","datePublished":"2018-08-22T14:52:50+00:00","author":{"@id":"https:\/\/aconteceunovale.com.br\/portal\/#\/schema\/person\/633529146f2c94272bef50ac2953d589"},"breadcrumb":{"@id":"https:\/\/aconteceunovale.com.br\/portal\/?p=134574#breadcrumb"},"inLanguage":"pt-BR","potentialAction":[{"@type":"ReadAction","target":["https:\/\/aconteceunovale.com.br\/portal\/?p=134574"]}]},{"@type":"ImageObject","inLanguage":"pt-BR","@id":"https:\/\/aconteceunovale.com.br\/portal\/?p=134574#primaryimage","url":"https:\/\/aconteceunovale.com.br\/portal\/wp-content\/uploads\/2018\/08\/tse_weber.jpeg","contentUrl":"https:\/\/aconteceunovale.com.br\/portal\/wp-content\/uploads\/2018\/08\/tse_weber.jpeg","width":543,"height":263},{"@type":"BreadcrumbList","@id":"https:\/\/aconteceunovale.com.br\/portal\/?p=134574#breadcrumb","itemListElement":[{"@type":"ListItem","position":1,"name":"In\u00edcio","item":"https:\/\/aconteceunovale.com.br\/portal\/"},{"@type":"ListItem","position":2,"name":"TSE confirma cassa\u00e7\u00e3o de dois deputados mineiros"}]},{"@type":"WebSite","@id":"https:\/\/aconteceunovale.com.br\/portal\/#website","url":"https:\/\/aconteceunovale.com.br\/portal\/","name":"Aconteceu no Vale","description":"Portal de Not\u00edcias","potentialAction":[{"@type":"SearchAction","target":{"@type":"EntryPoint","urlTemplate":"https:\/\/aconteceunovale.com.br\/portal\/?s={search_term_string}"},"query-input":{"@type":"PropertyValueSpecification","valueRequired":true,"valueName":"search_term_string"}}],"inLanguage":"pt-BR"},{"@type":"Person","@id":"https:\/\/aconteceunovale.com.br\/portal\/#\/schema\/person\/633529146f2c94272bef50ac2953d589","name":"Aconteceu no Vale","description":"Equipe de reportagem do Aconteceu no Vale, portal de not\u00edcias do Vale do Jequitinhonha, em Minas Gerais. Cobrimos as 51 cidades do Vale desde 2013. Sugest\u00f5es de pauta e pedidos de corre\u00e7\u00e3o: contato@aconteceunovale.com.br","sameAs":["http:\/\/www.aconteceunovale.com.br"],"url":"https:\/\/aconteceunovale.com.br\/portal\/?author=1"}]}},"_links":{"self":[{"href":"https:\/\/aconteceunovale.com.br\/portal\/index.php?rest_route=\/wp\/v2\/posts\/134574","targetHints":{"allow":["GET"]}}],"collection":[{"href":"https:\/\/aconteceunovale.com.br\/portal\/index.php?rest_route=\/wp\/v2\/posts"}],"about":[{"href":"https:\/\/aconteceunovale.com.br\/portal\/index.php?rest_route=\/wp\/v2\/types\/post"}],"author":[{"embeddable":true,"href":"https:\/\/aconteceunovale.com.br\/portal\/index.php?rest_route=\/wp\/v2\/users\/1"}],"replies":[{"embeddable":true,"href":"https:\/\/aconteceunovale.com.br\/portal\/index.php?rest_route=%2Fwp%2Fv2%2Fcomments&post=134574"}],"version-history":[{"count":0,"href":"https:\/\/aconteceunovale.com.br\/portal\/index.php?rest_route=\/wp\/v2\/posts\/134574\/revisions"}],"wp:featuredmedia":[{"embeddable":true,"href":"https:\/\/aconteceunovale.com.br\/portal\/index.php?rest_route=\/wp\/v2\/media\/134575"}],"wp:attachment":[{"href":"https:\/\/aconteceunovale.com.br\/portal\/index.php?rest_route=%2Fwp%2Fv2%2Fmedia&parent=134574"}],"wp:term":[{"taxonomy":"category","embeddable":true,"href":"https:\/\/aconteceunovale.com.br\/portal\/index.php?rest_route=%2Fwp%2Fv2%2Fcategories&post=134574"},{"taxonomy":"post_tag","embeddable":true,"href":"https:\/\/aconteceunovale.com.br\/portal\/index.php?rest_route=%2Fwp%2Fv2%2Ftags&post=134574"}],"curies":[{"name":"wp","href":"https:\/\/api.w.org\/{rel}","templated":true}]}}