{"id":134571,"date":"2018-08-22T12:25:53","date_gmt":"2018-08-22T14:25:53","guid":{"rendered":"http:\/\/aconteceunovale.com.br\/portal\/?p=134571"},"modified":"2018-08-22T12:25:53","modified_gmt":"2018-08-22T14:25:53","slug":"antonio-anastasia-lidera-intencoes-de-voto-em-minas-gerais","status":"publish","type":"post","link":"https:\/\/aconteceunovale.com.br\/portal\/?p=134571","title":{"rendered":"Antonio Anastasia lidera inten\u00e7\u00f5es de voto em Minas Gerais"},"content":{"rendered":"<p>O tucano Antonio Anastasia \u00e9 o l\u00edder em inten\u00e7\u00f5es de voto em Minas Gerais, com 29%, segundo pesquisa Datafolha divulgada na madrugada dessa quarta-feira (22). O governador Fernando Pimentel (PT), candidato \u00e0 reelei\u00e7\u00e3o, aparece com 20%. Romeu Zema (Novo) tem 5%, Jo\u00e3o Batista Mares Guia (Rede), 3% e Dirlene Marques, 2%. Jordano Metal\u00fargico (PSTU), Alexandre Flach (PCO) e Claudiney Dulim (Avante) marcaram 1% cada. A margem de erro da pesquisa \u00e9 de tr\u00eas pontos porcentuais.<\/p>\n<p>O Datafolha tamb\u00e9m considerou um cen\u00e1rio com a inclus\u00e3o de M\u00e1rcio Lacerda (PSB), que se retirou da disputa na ter\u00e7a-feira (21). Nesse caso, Anastasia lidera com 26%, Pimentel aparece com 18% e Lacerda, com 9%. <\/p>\n<p>Pimentel \u00e9 o candidato mais rejeitado pelos eleitores, com 38%. Anastasia tem 26% nesse quesito.<\/p>\n<p><strong>Senado<\/strong><\/p>\n<p>Na disputa pelo senado, a ex-presidente Dilma Rousseff (PT) tem 25% das inten\u00e7\u00f5es de voto, \u00e0 frente do jornalista Carlos Viana (PHS), com 11%, do Coronel Lacerda (PPL) e do Professor Tulio Lopes (PCB), com 8% cada.<\/p>\n<p>Foram entrevistados 1.214 eleitores de 56 munic\u00edpios mineiros nos dias 20 e 21 de agosto. O registro no TRE \u00e9 MG-09858\/2018 e no TSE \u00e9 BR-04023\/2018.<\/p>\n<p><strong>VER PRIMEIRO<\/strong><\/p>\n<p>Receba as not\u00edcias do Aconteceu no Vale em primeira m\u00e3o. Clique em curtir no endere\u00e7o <a href=\"https:\/\/www.facebook.com\/aconteceunovale\" target=\"_blank\"><font color=\"red\">www.facebook.com\/aconteceunovale<\/font><\/a> ou no box abaixo:<\/p>\n<div class=\"fb-like\" data-href=\"https:\/\/www.facebook.com\/aconteceunovale\" data-width=\"120\" data-layout=\"standard\" data-action=\"like\" data-size=\"small\" data-show-faces=\"true\" data-share=\"true\"><\/div>\n<p><\/br><\/p>\n<p><em>(Fonte: Ag\u00eancia Estado)<\/em><\/p>\n","protected":false},"excerpt":{"rendered":"<p>O tucano Antonio Anastasia \u00e9 o l\u00edder em inten\u00e7\u00f5es de voto em Minas Gerais, com 29%, segundo pesquisa Datafolha divulgada na madrugada dessa quarta-feira (22). O governador Fernando Pimentel (PT), candidato \u00e0 reelei\u00e7\u00e3o, aparece com 20%. Romeu Zema (Novo) tem 5%, Jo\u00e3o Batista Mares Guia (Rede), 3% e Dirlene Marques, 2%. Jordano Metal\u00fargico (PSTU), Alexandre [&hellip;]<\/p>\n","protected":false},"author":1,"featured_media":134572,"comment_status":"open","ping_status":"closed","sticky":false,"template":"","format":"standard","meta":{"amp_status":"","footnotes":""},"categories":[82600,123,40240],"tags":[2184,178430,178429,178439,178438,178171,2162,178432,12826,51191,178434,3393,7322,178431,178436,178433,178435,12829,178207,178437],"class_list":["post-134571","post","type-post","status-publish","format-standard","has-post-thumbnail","hentry","category-eleicoes-2018","category-gerais","category-politica","tag-antonio-anastasia","tag-antonio-anastasia-esta-na-frente-em-minas","tag-antonio-anastasia-lidera-em-minas","tag-antonio-anastasia-lidera-intencoes-de-voto-em-minas-gerais","tag-carlos-viana","tag-coronel-lacerda","tag-dilma-rousseff","tag-eleicao-governo-de-minas-gerais","tag-fernando-pimentel","tag-governo-de-minas-gerais","tag-intencao-de-votos-governo-de-minas-gerais","tag-marcio-lacerda","tag-pesquisa-datafolha","tag-pesquisa-governo-de-minas-gerais","tag-pesquisa-intencao-de-fotos-senado-em-minas-gerais","tag-pesquisa-intencao-de-votos-governo-de-minas-gerais","tag-pesquisa-senado-em-minas-gerais","tag-professor-tulio-lopes","tag-romeu-zema","tag-romeu-zema-governo-de-minas"],"yoast_head":"<!-- This site is optimized with the Yoast SEO plugin v28.3 - https:\/\/yoast.com\/product\/yoast-seo-wordpress\/ -->\n<title>Antonio Anastasia lidera inten\u00e7\u00f5es de voto em Minas Gerais - Aconteceu no Vale<\/title>\n<meta name=\"robots\" content=\"index, follow, max-snippet:-1, max-image-preview:large, max-video-preview:-1\" \/>\n<link rel=\"canonical\" href=\"https:\/\/aconteceunovale.com.br\/portal\/?p=134571\" \/>\n<meta property=\"og:locale\" content=\"pt_BR\" \/>\n<meta property=\"og:type\" content=\"article\" \/>\n<meta property=\"og:title\" content=\"Antonio Anastasia lidera inten\u00e7\u00f5es de voto em Minas Gerais - Aconteceu no Vale\" \/>\n<meta property=\"og:description\" content=\"O tucano Antonio Anastasia \u00e9 o l\u00edder em inten\u00e7\u00f5es de voto em Minas Gerais, com 29%, segundo pesquisa Datafolha divulgada na madrugada dessa quarta-feira (22). O governador Fernando Pimentel (PT), candidato \u00e0 reelei\u00e7\u00e3o, aparece com 20%. Romeu Zema (Novo) tem 5%, Jo\u00e3o Batista Mares Guia (Rede), 3% e Dirlene Marques, 2%. Jordano Metal\u00fargico (PSTU), Alexandre [&hellip;]\" \/>\n<meta property=\"og:url\" content=\"https:\/\/aconteceunovale.com.br\/portal\/?p=134571\" \/>\n<meta property=\"og:site_name\" content=\"Aconteceu no Vale\" \/>\n<meta property=\"article:publisher\" content=\"https:\/\/www.facebook.com\/aconteceunovale\/\" \/>\n<meta property=\"article:published_time\" content=\"2018-08-22T14:25:53+00:00\" \/>\n<meta property=\"og:image\" content=\"https:\/\/aconteceunovale.com.br\/portal\/wp-content\/uploads\/2018\/08\/anastasia_pimentel.jpg\" \/>\n\t<meta property=\"og:image:width\" content=\"678\" \/>\n\t<meta property=\"og:image:height\" content=\"380\" \/>\n\t<meta property=\"og:image:type\" content=\"image\/jpeg\" \/>\n<meta name=\"author\" content=\"Aconteceu no Vale\" \/>\n<meta name=\"twitter:card\" content=\"summary_large_image\" \/>\n<meta name=\"twitter:creator\" content=\"@noticiadosvales\" \/>\n<meta name=\"twitter:site\" content=\"@noticiadosvales\" \/>\n<meta name=\"twitter:label1\" content=\"Escrito por\" \/>\n\t<meta name=\"twitter:data1\" content=\"Aconteceu no Vale\" \/>\n\t<meta name=\"twitter:label2\" content=\"Est. tempo de leitura\" \/>\n\t<meta name=\"twitter:data2\" content=\"1 minuto\" \/>\n<script type=\"application\/ld+json\" class=\"yoast-schema-graph\">{\"@context\":\"https:\\\/\\\/schema.org\",\"@graph\":[{\"@type\":\"Article\",\"@id\":\"https:\\\/\\\/aconteceunovale.com.br\\\/portal\\\/?p=134571#article\",\"isPartOf\":{\"@id\":\"https:\\\/\\\/aconteceunovale.com.br\\\/portal\\\/?p=134571\"},\"author\":{\"name\":\"Aconteceu no Vale\",\"@id\":\"https:\\\/\\\/aconteceunovale.com.br\\\/portal\\\/#\\\/schema\\\/person\\\/633529146f2c94272bef50ac2953d589\"},\"headline\":\"Antonio Anastasia lidera inten\u00e7\u00f5es de voto em Minas Gerais\",\"datePublished\":\"2018-08-22T14:25:53+00:00\",\"mainEntityOfPage\":{\"@id\":\"https:\\\/\\\/aconteceunovale.com.br\\\/portal\\\/?p=134571\"},\"wordCount\":217,\"commentCount\":0,\"image\":{\"@id\":\"https:\\\/\\\/aconteceunovale.com.br\\\/portal\\\/?p=134571#primaryimage\"},\"thumbnailUrl\":\"https:\\\/\\\/aconteceunovale.com.br\\\/portal\\\/wp-content\\\/uploads\\\/2018\\\/08\\\/anastasia_pimentel.jpg\",\"keywords\":[\"Antonio Anastasia\",\"Antonio Anastasia est\u00e1 na frente em Minas\",\"Antonio Anastasia lidera em Minas\",\"Antonio Anastasia lidera inten\u00e7\u00f5es de voto em Minas Gerais\",\"Carlos Viana\",\"Coronel Lacerda\",\"Dilma Rousseff\",\"Elei\u00e7\u00e3o Governo de Minas Gerais\",\"Fernando Pimentel\",\"Governo de Minas Gerais\",\"Inten\u00e7\u00e3o de votos Governo de Minas Gerais\",\"M\u00e1rcio Lacerda\",\"pesquisa datafolha\",\"Pesquisa Governo de Minas Gerais\",\"Pesquisa inten\u00e7\u00e3o de fotos senado em Minas Gerais\",\"Pesquisa inten\u00e7\u00e3o de votos Governo de Minas Gerais\",\"Pesquisa Senado em Minas Gerais\",\"Professor T\u00falio Lopes\",\"Romeu Zema\",\"Romeu Zema Governo de Minas\"],\"articleSection\":[\"Elei\u00e7\u00f5es 2018\",\"Minas Gerais\",\"Pol\u00edtica\"],\"inLanguage\":\"pt-BR\",\"potentialAction\":[{\"@type\":\"CommentAction\",\"name\":\"Comment\",\"target\":[\"https:\\\/\\\/aconteceunovale.com.br\\\/portal\\\/?p=134571#respond\"]}]},{\"@type\":\"WebPage\",\"@id\":\"https:\\\/\\\/aconteceunovale.com.br\\\/portal\\\/?p=134571\",\"url\":\"https:\\\/\\\/aconteceunovale.com.br\\\/portal\\\/?p=134571\",\"name\":\"Antonio Anastasia lidera inten\u00e7\u00f5es de voto em Minas Gerais - Aconteceu no Vale\",\"isPartOf\":{\"@id\":\"https:\\\/\\\/aconteceunovale.com.br\\\/portal\\\/#website\"},\"primaryImageOfPage\":{\"@id\":\"https:\\\/\\\/aconteceunovale.com.br\\\/portal\\\/?p=134571#primaryimage\"},\"image\":{\"@id\":\"https:\\\/\\\/aconteceunovale.com.br\\\/portal\\\/?p=134571#primaryimage\"},\"thumbnailUrl\":\"https:\\\/\\\/aconteceunovale.com.br\\\/portal\\\/wp-content\\\/uploads\\\/2018\\\/08\\\/anastasia_pimentel.jpg\",\"datePublished\":\"2018-08-22T14:25:53+00:00\",\"author\":{\"@id\":\"https:\\\/\\\/aconteceunovale.com.br\\\/portal\\\/#\\\/schema\\\/person\\\/633529146f2c94272bef50ac2953d589\"},\"breadcrumb\":{\"@id\":\"https:\\\/\\\/aconteceunovale.com.br\\\/portal\\\/?p=134571#breadcrumb\"},\"inLanguage\":\"pt-BR\",\"potentialAction\":[{\"@type\":\"ReadAction\",\"target\":[\"https:\\\/\\\/aconteceunovale.com.br\\\/portal\\\/?p=134571\"]}]},{\"@type\":\"ImageObject\",\"inLanguage\":\"pt-BR\",\"@id\":\"https:\\\/\\\/aconteceunovale.com.br\\\/portal\\\/?p=134571#primaryimage\",\"url\":\"https:\\\/\\\/aconteceunovale.com.br\\\/portal\\\/wp-content\\\/uploads\\\/2018\\\/08\\\/anastasia_pimentel.jpg\",\"contentUrl\":\"https:\\\/\\\/aconteceunovale.com.br\\\/portal\\\/wp-content\\\/uploads\\\/2018\\\/08\\\/anastasia_pimentel.jpg\",\"width\":678,\"height\":380},{\"@type\":\"BreadcrumbList\",\"@id\":\"https:\\\/\\\/aconteceunovale.com.br\\\/portal\\\/?p=134571#breadcrumb\",\"itemListElement\":[{\"@type\":\"ListItem\",\"position\":1,\"name\":\"In\u00edcio\",\"item\":\"https:\\\/\\\/aconteceunovale.com.br\\\/portal\\\/\"},{\"@type\":\"ListItem\",\"position\":2,\"name\":\"Antonio Anastasia lidera inten\u00e7\u00f5es de voto em Minas Gerais\"}]},{\"@type\":\"WebSite\",\"@id\":\"https:\\\/\\\/aconteceunovale.com.br\\\/portal\\\/#website\",\"url\":\"https:\\\/\\\/aconteceunovale.com.br\\\/portal\\\/\",\"name\":\"Aconteceu no Vale\",\"description\":\"Portal de Not\u00edcias\",\"potentialAction\":[{\"@type\":\"SearchAction\",\"target\":{\"@type\":\"EntryPoint\",\"urlTemplate\":\"https:\\\/\\\/aconteceunovale.com.br\\\/portal\\\/?s={search_term_string}\"},\"query-input\":{\"@type\":\"PropertyValueSpecification\",\"valueRequired\":true,\"valueName\":\"search_term_string\"}}],\"inLanguage\":\"pt-BR\"},{\"@type\":\"Person\",\"@id\":\"https:\\\/\\\/aconteceunovale.com.br\\\/portal\\\/#\\\/schema\\\/person\\\/633529146f2c94272bef50ac2953d589\",\"name\":\"Aconteceu no Vale\",\"description\":\"Equipe de reportagem do Aconteceu no Vale, portal de not\u00edcias do Vale do Jequitinhonha, em Minas Gerais. Cobrimos as 51 cidades do Vale desde 2013. Sugest\u00f5es de pauta e pedidos de corre\u00e7\u00e3o: contato@aconteceunovale.com.br\",\"sameAs\":[\"http:\\\/\\\/www.aconteceunovale.com.br\"],\"url\":\"https:\\\/\\\/aconteceunovale.com.br\\\/portal\\\/?author=1\"}]}<\/script>\n<!-- \/ Yoast SEO plugin. -->","yoast_head_json":{"title":"Antonio Anastasia lidera inten\u00e7\u00f5es de voto em Minas Gerais - Aconteceu no Vale","robots":{"index":"index","follow":"follow","max-snippet":"max-snippet:-1","max-image-preview":"max-image-preview:large","max-video-preview":"max-video-preview:-1"},"canonical":"https:\/\/aconteceunovale.com.br\/portal\/?p=134571","og_locale":"pt_BR","og_type":"article","og_title":"Antonio Anastasia lidera inten\u00e7\u00f5es de voto em Minas Gerais - Aconteceu no Vale","og_description":"O tucano Antonio Anastasia \u00e9 o l\u00edder em inten\u00e7\u00f5es de voto em Minas Gerais, com 29%, segundo pesquisa Datafolha divulgada na madrugada dessa quarta-feira (22). O governador Fernando Pimentel (PT), candidato \u00e0 reelei\u00e7\u00e3o, aparece com 20%. Romeu Zema (Novo) tem 5%, Jo\u00e3o Batista Mares Guia (Rede), 3% e Dirlene Marques, 2%. Jordano Metal\u00fargico (PSTU), Alexandre [&hellip;]","og_url":"https:\/\/aconteceunovale.com.br\/portal\/?p=134571","og_site_name":"Aconteceu no Vale","article_publisher":"https:\/\/www.facebook.com\/aconteceunovale\/","article_published_time":"2018-08-22T14:25:53+00:00","og_image":[{"width":678,"height":380,"url":"https:\/\/aconteceunovale.com.br\/portal\/wp-content\/uploads\/2018\/08\/anastasia_pimentel.jpg","type":"image\/jpeg"}],"author":"Aconteceu no Vale","twitter_card":"summary_large_image","twitter_creator":"@noticiadosvales","twitter_site":"@noticiadosvales","twitter_misc":{"Escrito por":"Aconteceu no Vale","Est. tempo de leitura":"1 minuto"},"schema":{"@context":"https:\/\/schema.org","@graph":[{"@type":"Article","@id":"https:\/\/aconteceunovale.com.br\/portal\/?p=134571#article","isPartOf":{"@id":"https:\/\/aconteceunovale.com.br\/portal\/?p=134571"},"author":{"name":"Aconteceu no Vale","@id":"https:\/\/aconteceunovale.com.br\/portal\/#\/schema\/person\/633529146f2c94272bef50ac2953d589"},"headline":"Antonio Anastasia lidera inten\u00e7\u00f5es de voto em Minas Gerais","datePublished":"2018-08-22T14:25:53+00:00","mainEntityOfPage":{"@id":"https:\/\/aconteceunovale.com.br\/portal\/?p=134571"},"wordCount":217,"commentCount":0,"image":{"@id":"https:\/\/aconteceunovale.com.br\/portal\/?p=134571#primaryimage"},"thumbnailUrl":"https:\/\/aconteceunovale.com.br\/portal\/wp-content\/uploads\/2018\/08\/anastasia_pimentel.jpg","keywords":["Antonio Anastasia","Antonio Anastasia est\u00e1 na frente em Minas","Antonio Anastasia lidera em Minas","Antonio Anastasia lidera inten\u00e7\u00f5es de voto em Minas Gerais","Carlos Viana","Coronel Lacerda","Dilma Rousseff","Elei\u00e7\u00e3o Governo de Minas Gerais","Fernando Pimentel","Governo de Minas Gerais","Inten\u00e7\u00e3o de votos Governo de Minas Gerais","M\u00e1rcio Lacerda","pesquisa datafolha","Pesquisa Governo de Minas Gerais","Pesquisa inten\u00e7\u00e3o de fotos senado em Minas Gerais","Pesquisa inten\u00e7\u00e3o de votos Governo de Minas Gerais","Pesquisa Senado em Minas Gerais","Professor T\u00falio Lopes","Romeu Zema","Romeu Zema Governo de Minas"],"articleSection":["Elei\u00e7\u00f5es 2018","Minas Gerais","Pol\u00edtica"],"inLanguage":"pt-BR","potentialAction":[{"@type":"CommentAction","name":"Comment","target":["https:\/\/aconteceunovale.com.br\/portal\/?p=134571#respond"]}]},{"@type":"WebPage","@id":"https:\/\/aconteceunovale.com.br\/portal\/?p=134571","url":"https:\/\/aconteceunovale.com.br\/portal\/?p=134571","name":"Antonio Anastasia lidera inten\u00e7\u00f5es de voto em Minas Gerais - Aconteceu no Vale","isPartOf":{"@id":"https:\/\/aconteceunovale.com.br\/portal\/#website"},"primaryImageOfPage":{"@id":"https:\/\/aconteceunovale.com.br\/portal\/?p=134571#primaryimage"},"image":{"@id":"https:\/\/aconteceunovale.com.br\/portal\/?p=134571#primaryimage"},"thumbnailUrl":"https:\/\/aconteceunovale.com.br\/portal\/wp-content\/uploads\/2018\/08\/anastasia_pimentel.jpg","datePublished":"2018-08-22T14:25:53+00:00","author":{"@id":"https:\/\/aconteceunovale.com.br\/portal\/#\/schema\/person\/633529146f2c94272bef50ac2953d589"},"breadcrumb":{"@id":"https:\/\/aconteceunovale.com.br\/portal\/?p=134571#breadcrumb"},"inLanguage":"pt-BR","potentialAction":[{"@type":"ReadAction","target":["https:\/\/aconteceunovale.com.br\/portal\/?p=134571"]}]},{"@type":"ImageObject","inLanguage":"pt-BR","@id":"https:\/\/aconteceunovale.com.br\/portal\/?p=134571#primaryimage","url":"https:\/\/aconteceunovale.com.br\/portal\/wp-content\/uploads\/2018\/08\/anastasia_pimentel.jpg","contentUrl":"https:\/\/aconteceunovale.com.br\/portal\/wp-content\/uploads\/2018\/08\/anastasia_pimentel.jpg","width":678,"height":380},{"@type":"BreadcrumbList","@id":"https:\/\/aconteceunovale.com.br\/portal\/?p=134571#breadcrumb","itemListElement":[{"@type":"ListItem","position":1,"name":"In\u00edcio","item":"https:\/\/aconteceunovale.com.br\/portal\/"},{"@type":"ListItem","position":2,"name":"Antonio Anastasia lidera inten\u00e7\u00f5es de voto em Minas Gerais"}]},{"@type":"WebSite","@id":"https:\/\/aconteceunovale.com.br\/portal\/#website","url":"https:\/\/aconteceunovale.com.br\/portal\/","name":"Aconteceu no Vale","description":"Portal de Not\u00edcias","potentialAction":[{"@type":"SearchAction","target":{"@type":"EntryPoint","urlTemplate":"https:\/\/aconteceunovale.com.br\/portal\/?s={search_term_string}"},"query-input":{"@type":"PropertyValueSpecification","valueRequired":true,"valueName":"search_term_string"}}],"inLanguage":"pt-BR"},{"@type":"Person","@id":"https:\/\/aconteceunovale.com.br\/portal\/#\/schema\/person\/633529146f2c94272bef50ac2953d589","name":"Aconteceu no Vale","description":"Equipe de reportagem do Aconteceu no Vale, portal de not\u00edcias do Vale do Jequitinhonha, em Minas Gerais. Cobrimos as 51 cidades do Vale desde 2013. Sugest\u00f5es de pauta e pedidos de corre\u00e7\u00e3o: contato@aconteceunovale.com.br","sameAs":["http:\/\/www.aconteceunovale.com.br"],"url":"https:\/\/aconteceunovale.com.br\/portal\/?author=1"}]}},"_links":{"self":[{"href":"https:\/\/aconteceunovale.com.br\/portal\/index.php?rest_route=\/wp\/v2\/posts\/134571","targetHints":{"allow":["GET"]}}],"collection":[{"href":"https:\/\/aconteceunovale.com.br\/portal\/index.php?rest_route=\/wp\/v2\/posts"}],"about":[{"href":"https:\/\/aconteceunovale.com.br\/portal\/index.php?rest_route=\/wp\/v2\/types\/post"}],"author":[{"embeddable":true,"href":"https:\/\/aconteceunovale.com.br\/portal\/index.php?rest_route=\/wp\/v2\/users\/1"}],"replies":[{"embeddable":true,"href":"https:\/\/aconteceunovale.com.br\/portal\/index.php?rest_route=%2Fwp%2Fv2%2Fcomments&post=134571"}],"version-history":[{"count":0,"href":"https:\/\/aconteceunovale.com.br\/portal\/index.php?rest_route=\/wp\/v2\/posts\/134571\/revisions"}],"wp:featuredmedia":[{"embeddable":true,"href":"https:\/\/aconteceunovale.com.br\/portal\/index.php?rest_route=\/wp\/v2\/media\/134572"}],"wp:attachment":[{"href":"https:\/\/aconteceunovale.com.br\/portal\/index.php?rest_route=%2Fwp%2Fv2%2Fmedia&parent=134571"}],"wp:term":[{"taxonomy":"category","embeddable":true,"href":"https:\/\/aconteceunovale.com.br\/portal\/index.php?rest_route=%2Fwp%2Fv2%2Fcategories&post=134571"},{"taxonomy":"post_tag","embeddable":true,"href":"https:\/\/aconteceunovale.com.br\/portal\/index.php?rest_route=%2Fwp%2Fv2%2Ftags&post=134571"}],"curies":[{"name":"wp","href":"https:\/\/api.w.org\/{rel}","templated":true}]}}