{"id":134267,"date":"2018-08-14T17:33:03","date_gmt":"2018-08-14T19:33:03","guid":{"rendered":"http:\/\/aconteceunovale.com.br\/portal\/?p=134267"},"modified":"2018-08-14T17:33:03","modified_gmt":"2018-08-14T19:33:03","slug":"presidente-da-usiminas-considera-desastroso-o-tabelamento-do-frete","status":"publish","type":"post","link":"https:\/\/aconteceunovale.com.br\/portal\/?p=134267","title":{"rendered":"Presidente da Usiminas considera desastroso o tabelamento do frete"},"content":{"rendered":"<p>O presidente da Usiminas, Sergio Leite de Andrade, afirmou hoje (14) que a Pol\u00edtica de Frete M\u00ednimo para o Transporte Rodovi\u00e1rio de Cargas, sancionada na semana passada pelo presidente Michel Temer, \u00e9 \u201cdesastrosa\u201d para o pa\u00eds.<\/p>\n<p>Ao participar do F\u00f3rum Lide sobre Infraestrutura, ele informou que vai pedir ao Supremo Tribunal Federal (STF) que declare a lei inconstitucional, por infringir o conceito de livre concorr\u00eancia do Artigo 170 da Carta Magna. \u201cCaso n\u00e3o se decida pelo cumprimento da Constitui\u00e7\u00e3o, queremos que o tabelamento seja referencial, e n\u00e3o vinculativo\u201d, afirmou.<\/p>\n<p>Segundo Leite, na ind\u00fastria do a\u00e7o, o impacto no pre\u00e7o m\u00ednimo do frete \u00e9 estimado em R$ 1,1 bilh\u00e3o. \u201cN\u00e3o foi considerado, nessa tabela desastrosa, o respeito a acordos, a contratos.\u201d<\/p>\n<p>O presidente da Usiminas lembrou que o tabelamento n\u00e3o fixa os valores, mas cria as regras para que a Ag\u00eancia Nacional de Transportes Terrestres (ANTT) defina o piso, conforme fatores como custo do \u00f3leo diesel, ped\u00e1gios e especificidades das cargas.<\/p>\n<p>Para Leite, um dos piores reflexos da nova lei ser\u00e1 o impacto no mercado. \u201c[O tabelamento] representa interven\u00e7\u00e3o inadequada no mercado brasileiro, traz inseguran\u00e7a jur\u00eddica\u201d, afirmou. Ele teme que haja aumentos abusivos dos pre\u00e7os do frete, com impacto inflacion\u00e1rio que prejudicar\u00e1 o consumidor e resultar\u00e1 na inviabilidade do transporte dos produtos de baixo valor agregado.<\/p>\n<p><strong>Greve dos caminhoneiros<\/strong><\/p>\n<p>De acordo com Leite, a greve dos caminhoneiros, ocorrida em maio deste ano, gerou perda de R$ 1,8 bilh\u00e3o para a ind\u00fastria do a\u00e7o. A Usiminas precisou criar um comit\u00ea de crise para enfrentar a adversidade. \u201cFoi uma crise extremamente grave para o nosso pa\u00eds, trouxe consequ\u00eancias para toda a sociedade\u201d, avaliou.<\/p>\n<p><strong>VER PRIMEIRO<\/strong><\/p>\n<p>Receba as not\u00edcias do Aconteceu no Vale em primeira m\u00e3o. Clique em curtir no endere\u00e7o <a href=\"https:\/\/www.facebook.com\/aconteceunovale\" target=\"_blank\"><font color=\"red\">www.facebook.com\/aconteceunovale<\/font><\/a> ou no box abaixo:<\/p>\n<div class=\"fb-like\" data-href=\"https:\/\/www.facebook.com\/aconteceunovale\" data-width=\"120\" data-layout=\"standard\" data-action=\"like\" data-size=\"small\" data-show-faces=\"true\" data-share=\"true\"><\/div>\n<p><\/br><\/p>\n<p><em>(Fonte: Ag\u00eancia Brasil)<\/em><\/p>\n","protected":false},"excerpt":{"rendered":"<p>O presidente da Usiminas, Sergio Leite de Andrade, afirmou hoje (14) que a Pol\u00edtica de Frete M\u00ednimo para o Transporte Rodovi\u00e1rio de Cargas, sancionada na semana passada pelo presidente Michel Temer, \u00e9 \u201cdesastrosa\u201d para o pa\u00eds. Ao participar do F\u00f3rum Lide sobre Infraestrutura, ele informou que vai pedir ao Supremo Tribunal Federal (STF) que declare [&hellip;]<\/p>\n","protected":false},"author":1,"featured_media":134268,"comment_status":"open","ping_status":"closed","sticky":false,"template":"","format":"standard","meta":{"amp_status":"","footnotes":""},"categories":[6],"tags":[42485,20181,178092,114636,178090,94729,114637,28510,174991,178091,6808],"class_list":["post-134267","post","type-post","status-publish","format-standard","has-post-thumbnail","hentry","category-br","tag-greve-dos-caminhoneiros","tag-michel-temer","tag-olitica-de-frete-minimo-para-o-transporte-rodoviario-de-cargas","tag-presidente-da-usiminas","tag-presidente-da-usiminas-considera-desastroso-o-tabelamento-do-frete","tag-presidente-michel-temer","tag-sergio-leite-de-andrade","tag-supremo-tribunal-federal","tag-tabela-de-frete","tag-tabelamento-do-frete","tag-usiminas"],"_links":{"self":[{"href":"https:\/\/aconteceunovale.com.br\/portal\/index.php?rest_route=\/wp\/v2\/posts\/134267","targetHints":{"allow":["GET"]}}],"collection":[{"href":"https:\/\/aconteceunovale.com.br\/portal\/index.php?rest_route=\/wp\/v2\/posts"}],"about":[{"href":"https:\/\/aconteceunovale.com.br\/portal\/index.php?rest_route=\/wp\/v2\/types\/post"}],"author":[{"embeddable":true,"href":"https:\/\/aconteceunovale.com.br\/portal\/index.php?rest_route=\/wp\/v2\/users\/1"}],"replies":[{"embeddable":true,"href":"https:\/\/aconteceunovale.com.br\/portal\/index.php?rest_route=%2Fwp%2Fv2%2Fcomments&post=134267"}],"version-history":[{"count":0,"href":"https:\/\/aconteceunovale.com.br\/portal\/index.php?rest_route=\/wp\/v2\/posts\/134267\/revisions"}],"wp:featuredmedia":[{"embeddable":true,"href":"https:\/\/aconteceunovale.com.br\/portal\/index.php?rest_route=\/wp\/v2\/media\/134268"}],"wp:attachment":[{"href":"https:\/\/aconteceunovale.com.br\/portal\/index.php?rest_route=%2Fwp%2Fv2%2Fmedia&parent=134267"}],"wp:term":[{"taxonomy":"category","embeddable":true,"href":"https:\/\/aconteceunovale.com.br\/portal\/index.php?rest_route=%2Fwp%2Fv2%2Fcategories&post=134267"},{"taxonomy":"post_tag","embeddable":true,"href":"https:\/\/aconteceunovale.com.br\/portal\/index.php?rest_route=%2Fwp%2Fv2%2Ftags&post=134267"}],"curies":[{"name":"wp","href":"https:\/\/api.w.org\/{rel}","templated":true}]}}