{"id":134265,"date":"2018-08-14T17:19:21","date_gmt":"2018-08-14T19:19:21","guid":{"rendered":"http:\/\/aconteceunovale.com.br\/portal\/?p=134265"},"modified":"2018-08-14T17:20:51","modified_gmt":"2018-08-14T19:20:51","slug":"aposentados-do-inss-comecam-a-receber-este-mes-1a-parcela-do-decimo-terceiro","status":"publish","type":"post","link":"https:\/\/aconteceunovale.com.br\/portal\/?p=134265","title":{"rendered":"Aposentados do INSS come\u00e7am a receber este m\u00eas 1\u00aa parcela do d\u00e9cimo terceiro"},"content":{"rendered":"<p>Aposentados e pensionistas do Instituto Nacional do Seguro Social (INSS) come\u00e7am a receber, ainda este m\u00eas, a antecipa\u00e7\u00e3o da primeira parcela do abono anual, o d\u00e9cimo-terceiro sal\u00e1rio. O dep\u00f3sito do benef\u00edcio ser\u00e1 feito na folha do INSS, entre os dias 27 de agosto e 10 de setembro, conforme a Tabela de Pagamentos de 2018.<\/p>\n<p>Ter\u00e3o direito \u00e0 primeira parcela do abono anual 30 milh\u00f5es de benefici\u00e1rios. O governo federal estima que a antecipa\u00e7\u00e3o vai injetar na economia aproximadamente R$ 20,6 bilh\u00f5es, nos meses de agosto e setembro. A primeira parcela corresponde a 50% do valor do d\u00e9cimo terceiro.<\/p>\n<p>N\u00e3o haver\u00e1 desconto de Imposto de Renda (IR) na primeira metade do abono. De acordo com a legisla\u00e7\u00e3o, o IR sobre o d\u00e9cimo terceiro somente ser\u00e1 cobrado em novembro e dezembro, quando for paga a segunda parcela.<\/p>\n<p>Aposentados e pensionistas receber\u00e3o 50% do valor do benef\u00edcio. A exce\u00e7\u00e3o \u00e9 para quem passou a receber o benef\u00edcio depois de janeiro de 2018. Nesse caso, o valor ser\u00e1 calculado proporcionalmente.<\/p>\n<p><strong>Quem recebe <\/strong><\/p>\n<p>Por lei, tem direito ao d\u00e9cimo terceiro quem, durante o ano, recebeu benef\u00edcio previdenci\u00e1rio de aposentadoria, pens\u00e3o por morte, aux\u00edlio-doen\u00e7a, aux\u00edlio-acidente, aux\u00edlio-reclus\u00e3o ou sal\u00e1rio-maternidade. No caso de aux\u00edlio-doen\u00e7a e sal\u00e1rio-maternidade, o valor do abono anual ser\u00e1 proporcional ao per\u00edodo recebido.<\/p>\n<p>Aqueles que recebem benef\u00edcios assistenciais, como Benef\u00edcio de Presta\u00e7\u00e3o Continuada (BPC), da Lei Org\u00e2nica da Assist\u00eancia Social (BPC\/LOAS e Renda Mensal Vital\u00edcia \u2013 RMV) n\u00e3o t\u00eam direito ao abono anual.<\/p>\n<p><strong>VER PRIMEIRO<\/strong><\/p>\n<p>Receba as not\u00edcias do Aconteceu no Vale em primeira m\u00e3o. Clique em curtir no endere\u00e7o <a href=\"https:\/\/www.facebook.com\/aconteceunovale\" target=\"_blank\"><font color=\"red\">www.facebook.com\/aconteceunovale<\/font><\/a> ou no box abaixo:<\/p>\n<div class=\"fb-like\" data-href=\"https:\/\/www.facebook.com\/aconteceunovale\" data-width=\"120\" data-layout=\"standard\" data-action=\"like\" data-size=\"small\" data-show-faces=\"true\" data-share=\"true\"><\/div>\n<p><\/br><\/p>\n<p><em>(Fonte: Ag\u00eancia Brasil)<\/em><\/p>\n","protected":false},"excerpt":{"rendered":"<p>Aposentados e pensionistas do Instituto Nacional do Seguro Social (INSS) come\u00e7am a receber, ainda este m\u00eas, a antecipa\u00e7\u00e3o da primeira parcela do abono anual, o d\u00e9cimo-terceiro sal\u00e1rio. O dep\u00f3sito do benef\u00edcio ser\u00e1 feito na folha do INSS, entre os dias 27 de agosto e 10 de setembro, conforme a Tabela de Pagamentos de 2018. Ter\u00e3o [&hellip;]<\/p>\n","protected":false},"author":1,"featured_media":128814,"comment_status":"open","ping_status":"closed","sticky":false,"template":"","format":"standard","meta":{"amp_status":"","footnotes":""},"categories":[6],"tags":[178086,178088,178087,26724,178085,178089,21825,6528,26725,58222],"class_list":["post-134265","post","type-post","status-publish","format-standard","has-post-thumbnail","hentry","category-br","tag-1a-parcela-do-decimo-terceiro","tag-1a-parcela-do-decimo-terceiro-para-aposentados-do-inss","tag-1a-parcela-do-decimo-terceiro-para-apostados","tag-aposentados","tag-aposentados-comecam-a-receber-este-mes-1a-parcela-do-decimo-terceiro","tag-aposentados-do-inss-comecam-a-receber-este-mes-1a-parcela-do-decimo-terceiro","tag-decimo-terceiro","tag-inss","tag-pensionistas","tag-primeira-parcela"],"_links":{"self":[{"href":"https:\/\/aconteceunovale.com.br\/portal\/index.php?rest_route=\/wp\/v2\/posts\/134265","targetHints":{"allow":["GET"]}}],"collection":[{"href":"https:\/\/aconteceunovale.com.br\/portal\/index.php?rest_route=\/wp\/v2\/posts"}],"about":[{"href":"https:\/\/aconteceunovale.com.br\/portal\/index.php?rest_route=\/wp\/v2\/types\/post"}],"author":[{"embeddable":true,"href":"https:\/\/aconteceunovale.com.br\/portal\/index.php?rest_route=\/wp\/v2\/users\/1"}],"replies":[{"embeddable":true,"href":"https:\/\/aconteceunovale.com.br\/portal\/index.php?rest_route=%2Fwp%2Fv2%2Fcomments&post=134265"}],"version-history":[{"count":0,"href":"https:\/\/aconteceunovale.com.br\/portal\/index.php?rest_route=\/wp\/v2\/posts\/134265\/revisions"}],"wp:featuredmedia":[{"embeddable":true,"href":"https:\/\/aconteceunovale.com.br\/portal\/index.php?rest_route=\/wp\/v2\/media\/128814"}],"wp:attachment":[{"href":"https:\/\/aconteceunovale.com.br\/portal\/index.php?rest_route=%2Fwp%2Fv2%2Fmedia&parent=134265"}],"wp:term":[{"taxonomy":"category","embeddable":true,"href":"https:\/\/aconteceunovale.com.br\/portal\/index.php?rest_route=%2Fwp%2Fv2%2Fcategories&post=134265"},{"taxonomy":"post_tag","embeddable":true,"href":"https:\/\/aconteceunovale.com.br\/portal\/index.php?rest_route=%2Fwp%2Fv2%2Ftags&post=134265"}],"curies":[{"name":"wp","href":"https:\/\/api.w.org\/{rel}","templated":true}]}}